{"id":179026,"date":"2025-06-15T18:58:13","date_gmt":"2025-06-15T18:58:13","guid":{"rendered":"https:\/\/www.europesays.com\/fr\/179026\/"},"modified":"2025-06-15T18:58:13","modified_gmt":"2025-06-15T18:58:13","slug":"cette-association-mise-sur-la-memoire-collective-pour-redecouvrir-le-patrimoine-de-toulouse-cest-emouvant","status":"publish","type":"post","link":"https:\/\/www.europesays.com\/fr\/179026\/","title":{"rendered":"Cette association mise sur la m\u00e9moire collective pour red\u00e9couvrir le patrimoine de Toulouse : \u00ab\u00a0c&rsquo;est \u00e9mouvant\u00a0\u00bb"},"content":{"rendered":"<p>            Par<br \/>\n        <strong><br \/>\n            <a href=\"https:\/\/actu.fr\/auteur\/nina-hossein-zadeh\" title=\"Consulter tous les articles de Nina Hossein-Zadeh\" rel=\"nofollow noopener\" target=\"_blank\">Nina Hossein-Zadeh<\/a><br \/>\n        <\/strong><\/p>\n<p>        Publi\u00e9 le<\/p>\n<p>            15 juin 2025 \u00e0 16h10        <\/p>\n<p>L\u2019histoire se lit dans les livres et se d\u00e9couvre aussi sur le terrain. Ce n\u2019est pas l\u2019association <strong>Un \u0153il sur ma ville<\/strong>, \u00e0 <a href=\"https:\/\/actu.fr\/toulouse\/\" rel=\"nofollow noopener\" target=\"_blank\">Toulouse<\/a>, qui dira le contraire. Port\u00e9e par <strong>Ludovic Calvet<\/strong>, \u00e0 l\u2019occasion d\u2019un concours \u00e9tudiant en 2015, le Toulousain a d\u00e9cid\u00e9 de mettre en avant le <a href=\"https:\/\/actu.fr\/occitanie\/toulouse_31555\/patrimoine-c-est-l-un-des-lieux-les-plus-emblematiques-de-toulouse-voici-l-histoire-de-la-place-victor-hugo_62229723.html\" rel=\"nofollow noopener\" target=\"_blank\">patrimoine de Toulouse<\/a> en profitant de <strong>la m\u00e9moire collective.<\/strong> Pour raconter Toulouse, lui et son \u00e9quipe partent \u00e0 la rencontre des habitants d\u2019un quartier pour faire exploser les souvenirs, afin de les compl\u00e9ter avec les archives.<\/p>\n<p>Mettre en lumi\u00e8re les mutations du quartier<\/p>\n<p class=\" wall-content\">\u00c0 partir de bornes dispos\u00e9es dans le quartier, les photos et les t\u00e9moignages racontent l\u2019histoire du lieu. \u00ab\u2009La premi\u00e8re a avoir \u00e9t\u00e9 pos\u00e9e, c\u2019\u00e9tait \u00e0 la prairie des Filtres\u2009\u00bb, se rem\u00e9more<strong> Audrey Seigneuric, en charge de la m\u00e9diation culturelle<\/strong> pour l\u2019association.<\/p>\n<p class=\" wall-content\">Le pass\u00e9 et le pr\u00e9sent s\u2019y rencontrent et t\u00e9moignent \u00ab\u2009des mutations du quartier\u2009\u00bb. Le succ\u00e8s prend, alors les membres de l\u2019association d\u00e9cident de poursuivre la belle aventure.<\/p>\n<p class=\" wall-content\">D\u00e9sormais, les bornes d\u2019Un \u0153il sur ma ville sont visibles dans les quartiers <strong>Minimes, Reynerie, Empalot, Ancely, Arnaud Bernard <\/strong>ou encore<strong> Rangueil Saouzelong<\/strong>. Des quartiers \u00ab\u2009pas forc\u00e9ment connus pour d\u00e9couvrir leur histoire et sortir des sentiers battus\u2009\u00bb.<\/p>\n<p class=\" wall-content\"><a href=\"https:\/\/www.instagram.com\/p\/CpNB4zJs0FZ\/embed\" title=\"Ouvrir le lien sur Instagram\" rel=\"nofollow noopener\" target=\"_blank\">Visualiser le contenu sur Instagram<\/a><\/p>\n<p>Des ateliers qui ravivent les souvenirs<\/p>\n<p class=\" wall-content\">Pour cr\u00e9er ces bornes historiques, l\u2019association Un \u0153il sur ma ville organise plusieurs temps de rencontres avec les habitants du quartier. Ce sont eux, au cours d\u2019ateliers, qui vont <strong>cr\u00e9er cet objet charg\u00e9 d\u2019histoire, implant\u00e9 dans l\u2019espace publique.<\/strong><\/p>\n<p>Vid\u00e9os : en ce moment sur Actu<\/p>\n<p class=\" wall-content\">\u00ab\u2009Lors de la premi\u00e8re rencontre, il y a parfois de la m\u00e9fiance. On leur demande un souvenir sur le quartier, ils ne savent pas trop ce qu\u2019ils peuvent dire. On affiche les r\u00e9ponses et \u00e7a leur permet de voir ce que les autres ont dit, de mettre en commun\u2009\u00bb, explique Audrey Seigneuric.<\/p>\n<p class=\" wall-content\">La deuxi\u00e8me phase consiste \u00e0 sortir des photos.<strong> \u00ab\u2009L\u00e0, c\u2019est \u00e9mouvant, \u00e7a facilite l\u2019\u00e9change et on se rend compte qu\u2019ils ont beaucoup de choses \u00e0 raconter.\u2009\u00bb<\/strong><\/p>\n<p class=\" wall-content\">Entre balades dans le quartier, ateliers d\u00e9couvertes dans les archives de la ville, prises de t\u00e9moignages, ces diff\u00e9rents temps forts aboutissent sur une d\u00e9cision collective pour savoir ce qui sera mis en avant sur la borne historique.<\/p>\n<p>    <img   decoding=\"async\" loading=\"lazy\" src=\"https:\/\/www.europesays.com\/fr\/wp-content\/uploads\/2025\/06\/un-oeil-sur-ma-ville-porteur-de-paroles-a-arnaud-bernard-juin-2024-960x640.jpg\" alt=\"Pour faciliter le contact lors de la premi\u00e8re rencontre avec les habitants, l'associations Un oeil sur ma ville lance un atelier porteur de paroles pour afficher les souvenirs racont\u00e9s.\" width=\"960\" height=\"640\"\/><br \/>\n    Pour faciliter le contact lors de la premi\u00e8re rencontre avec les habitants, l\u2019association Un \u0153il sur ma ville lance un atelier porteur de paroles pour afficher les souvenirs racont\u00e9s en amont. (\u00a9Un \u0153il sur ma ville)Cr\u00e9er du lien<\/p>\n<p class=\" wall-content\">Pour Audrey Seigneuric, leur travail ne consiste pas uniquement \u00e0 poser des panneaux sur lesquels figurent l\u2019histoire du quartier et les souvenirs des habitants.<\/p>\n<blockquote class=\"ac-article-quote wall-content\">\n<p>On a cr\u00e9\u00e9 du lien. On a pu remarquer que comme les anciens marchent beaucoup, ils ont beaucoup de souvenirs et d\u2019anecdotes \u00e0 donner. Ils les partagent avec les jeunes qui ont tendance \u00e0 penser que parce qu&rsquo;ils sont l\u00e0 depuis peu, ils n\u2019ont rien \u00e0 dire. Finalement, \u00e7a les lie.\u2009<\/p>\n<p>    <strong>Audrey Seigneuric<\/strong><br \/>\n        M\u00e9diatrice culturelle pour Un oeil sur ma ville    <\/p><\/blockquote>\n<p>Le quartier se raconte en capsule sonore<\/p>\n<p class=\" wall-content\">Apr\u00e8s les bornes historiques, l\u2019association a aussi <strong>lanc\u00e9 des capsules sonores<\/strong>. Elles sont r\u00e9alis\u00e9es apr\u00e8s des partenariats aupr\u00e8s de structures de jeunesse.<\/p>\n<p class=\" wall-content\">\u00ab\u2009On pr\u00e9pare les questions et avec le mat\u00e9riel de captation sonore, les jeunes habitants du quartier vont questionner les anciens.\u2009\u00bb<\/p>\n<p class=\" wall-content\"><strong>\u00c0 partir d\u2019un QR Code, l\u2019histoire du quartier<\/strong> se raconte pour les curieux qui souhaitent entendre de vive voix les souvenirs.<\/p>\n<p>Les prochains quartiers explor\u00e9s<\/p>\n<p class=\" wall-content\">L\u2019association projette de mettre en avant un nouveau secteur de Toulouse\u2009: <strong>Barri\u00e8re-de-Paris\/La Vache.<\/strong><\/p>\n<p class=\" wall-content\">Entre avril et juin, huit ateliers se d\u00e9roulent aupr\u00e8s des habitants autour de <strong>la cr\u00e9ation collective des bornes historiques. <\/strong>\u00ab\u2009Si tout se passe bien, on les inaugurera en septembre \u00e0 la rentr\u00e9e pour que les Toulousains puissent d\u00e9couvrir le quartier.\u2009\u00bb<\/p>\n<p class=\" wall-content\">Suivez toute l\u2019actualit\u00e9 de vos villes et m\u00e9dias favoris en vous inscrivant \u00e0 <a href=\"https:\/\/moncompte.actu.fr\" title=\"D\u00e9couvez Mon Actu\" rel=\"nofollow noopener\" data-trk=\"{&quot;cta&quot;:{&quot;action&quot;:&quot;https:\\\/\\\/moncompte.actu.fr&quot;,&quot;category&quot;:&quot;mon compte&quot;,&quot;from&quot;:&quot;article footer&quot;,&quot;name&quot;:&quot;Mon actu&quot;,&quot;type&quot;:&quot;cta&quot;}}\" target=\"_blank\">Mon Actu<\/a>.<\/p>\n<p>                    <script async src=\"\/\/www.instagram.com\/embed.js\"><\/script><\/p>\n","protected":false},"excerpt":{"rendered":"Par Nina Hossein-Zadeh Publi\u00e9 le 15 juin 2025 \u00e0 16h10 L\u2019histoire se lit dans les livres et se&hellip;\n","protected":false},"author":2,"featured_media":179027,"comment_status":"","ping_status":"","sticky":false,"template":"","format":"standard","meta":{"footnotes":""},"categories":[2816],"tags":[1111,11,1777,674,1011,27,12,2680,25,104,1341,2312],"class_list":{"0":"post-179026","1":"post","2":"type-post","3":"status-publish","4":"format-standard","5":"has-post-thumbnail","7":"category-toulouse","8":"tag-actu","9":"tag-actualites","10":"tag-eu","11":"tag-europe","12":"tag-fr","13":"tag-france","14":"tag-news","15":"tag-occitanie","16":"tag-republique-francaise","17":"tag-societe","18":"tag-sortir-a-toulouse","19":"tag-toulouse"},"share_on_mastodon":{"url":"https:\/\/pubeurope.com\/@fr\/114688918101213689","error":""},"_links":{"self":[{"href":"https:\/\/www.europesays.com\/fr\/wp-json\/wp\/v2\/posts\/179026","targetHints":{"allow":["GET"]}}],"collection":[{"href":"https:\/\/www.europesays.com\/fr\/wp-json\/wp\/v2\/posts"}],"about":[{"href":"https:\/\/www.europesays.com\/fr\/wp-json\/wp\/v2\/types\/post"}],"author":[{"embeddable":true,"href":"https:\/\/www.europesays.com\/fr\/wp-json\/wp\/v2\/users\/2"}],"replies":[{"embeddable":true,"href":"https:\/\/www.europesays.com\/fr\/wp-json\/wp\/v2\/comments?post=179026"}],"version-history":[{"count":0,"href":"https:\/\/www.europesays.com\/fr\/wp-json\/wp\/v2\/posts\/179026\/revisions"}],"wp:featuredmedia":[{"embeddable":true,"href":"https:\/\/www.europesays.com\/fr\/wp-json\/wp\/v2\/media\/179027"}],"wp:attachment":[{"href":"https:\/\/www.europesays.com\/fr\/wp-json\/wp\/v2\/media?parent=179026"}],"wp:term":[{"taxonomy":"category","embeddable":true,"href":"https:\/\/www.europesays.com\/fr\/wp-json\/wp\/v2\/categories?post=179026"},{"taxonomy":"post_tag","embeddable":true,"href":"https:\/\/www.europesays.com\/fr\/wp-json\/wp\/v2\/tags?post=179026"}],"curies":[{"name":"wp","href":"https:\/\/api.w.org\/{rel}","templated":true}]}}