{"id":179036,"date":"2025-06-15T19:04:15","date_gmt":"2025-06-15T19:04:15","guid":{"rendered":"https:\/\/www.europesays.com\/fr\/179036\/"},"modified":"2025-06-15T19:04:15","modified_gmt":"2025-06-15T19:04:15","slug":"lyon-3e-arrondissement-un-concert-en-plein-air-pour-lancer-les-50-ans-de-lauditorium","status":"publish","type":"post","link":"https:\/\/www.europesays.com\/fr\/179036\/","title":{"rendered":"Lyon 3e Arrondissement. Un concert en plein air pour lancer les 50 ans de l\u2019Auditorium"},"content":{"rendered":"<p> Le grand concert \u201cSous les \u00e9toiles\u201d, offert par l\u2019Orchestre national de Lyon, sur le parvis de l\u2019Auditorium, place Charles-de-Gaulle, a eu lieu ce samedi 14\u00a0juin dans la soir\u00e9e. Au\u00a0programme\u00a0: cinquante minutes sans entracte avec Le\u00a0songe d\u2019une nuit d\u2019\u00e9t\u00e9  de Mendelssohn, l\u2019ouverture d\u2019Oberon, op\u00e9ra de Weber et pour conclure ce moment \u00e0 part, l\u2019ouverture de Tannh\u00e4user. La Fabuleuse cantine \u00e9tait pr\u00e9sente pour assurer les ravitaillements. <\/p>\n<p> Le concert a inaugur\u00e9 la semaine de festivit\u00e9s programm\u00e9e pour les 50 ans de l\u2019Auditorium avec panache devant des gradins archi-combles. <\/p>\n","protected":false},"excerpt":{"rendered":"Le grand concert \u201cSous les \u00e9toiles\u201d, offert par l\u2019Orchestre national de Lyon, sur le parvis de l\u2019Auditorium, place&hellip;\n","protected":false},"author":2,"featured_media":179037,"comment_status":"","ping_status":"","sticky":false,"template":"","format":"standard","meta":{"footnotes":""},"categories":[1889],"tags":[1111,11,2430,1687,2757,1777,674,1011,27,2428,4751,4750,873,12,25],"class_list":{"0":"post-179036","1":"post","2":"type-post","3":"status-publish","4":"format-standard","5":"has-post-thumbnail","7":"category-lyon","8":"tag-actu","9":"tag-actualites","10":"tag-auvergne-rhone-alpes","11":"tag-culture-loisirs","12":"tag-edition-lyon-villeurbanne","13":"tag-eu","14":"tag-europe","15":"tag-fr","16":"tag-france","17":"tag-lyon","18":"tag-lyon-3e","19":"tag-lyon-3e-arrondissement","20":"tag-musique","21":"tag-news","22":"tag-republique-francaise"},"share_on_mastodon":{"url":"https:\/\/pubeurope.com\/@fr\/114688941288700029","error":""},"_links":{"self":[{"href":"https:\/\/www.europesays.com\/fr\/wp-json\/wp\/v2\/posts\/179036","targetHints":{"allow":["GET"]}}],"collection":[{"href":"https:\/\/www.europesays.com\/fr\/wp-json\/wp\/v2\/posts"}],"about":[{"href":"https:\/\/www.europesays.com\/fr\/wp-json\/wp\/v2\/types\/post"}],"author":[{"embeddable":true,"href":"https:\/\/www.europesays.com\/fr\/wp-json\/wp\/v2\/users\/2"}],"replies":[{"embeddable":true,"href":"https:\/\/www.europesays.com\/fr\/wp-json\/wp\/v2\/comments?post=179036"}],"version-history":[{"count":0,"href":"https:\/\/www.europesays.com\/fr\/wp-json\/wp\/v2\/posts\/179036\/revisions"}],"wp:featuredmedia":[{"embeddable":true,"href":"https:\/\/www.europesays.com\/fr\/wp-json\/wp\/v2\/media\/179037"}],"wp:attachment":[{"href":"https:\/\/www.europesays.com\/fr\/wp-json\/wp\/v2\/media?parent=179036"}],"wp:term":[{"taxonomy":"category","embeddable":true,"href":"https:\/\/www.europesays.com\/fr\/wp-json\/wp\/v2\/categories?post=179036"},{"taxonomy":"post_tag","embeddable":true,"href":"https:\/\/www.europesays.com\/fr\/wp-json\/wp\/v2\/tags?post=179036"}],"curies":[{"name":"wp","href":"https:\/\/api.w.org\/{rel}","templated":true}]}}