{"id":17905,"date":"2025-04-11T17:58:16","date_gmt":"2025-04-11T17:58:16","guid":{"rendered":"https:\/\/www.europesays.com\/fr\/17905\/"},"modified":"2025-04-11T17:58:16","modified_gmt":"2025-04-11T17:58:16","slug":"pourquoi-vous-ne-pourrez-plus-commander-les-burgers-de-chez-steaknshake-a-nice","status":"publish","type":"post","link":"https:\/\/www.europesays.com\/fr\/17905\/","title":{"rendered":"Pourquoi vous ne pourrez plus commander les burgers de chez Steak&rsquo;n&rsquo;Shake \u00e0 Nice?"},"content":{"rendered":"<p>Vous l&rsquo;avez peut-\u00eatre constat\u00e9 en choisissant votre repas du soir, depuis deux jours, les burgers de Steak&rsquo;n&rsquo;Shake sont introuvables sur les diff\u00e9rentes plateformes de livraison si vous passez commande \u00e0 Nice.<\/p>\n<p>Et pour cause! La seule enseigne qui se trouvait \u00e0 Nice Lingosti\u00e8re <strong>a ferm\u00e9 d\u00e9finitivement ses portes le mercredi 9 avril<\/strong>.<\/p>\n<p>Une mauvaise nouvelle pour les amateurs de ces burgers.<\/p>\n<p>Malgr\u00e9 nos demandes, la direction de la franchise ne nous a pas donn\u00e9 de r\u00e9ponse quant \u00e0 la raison de cette fermeture.\u00a0<\/p>\n<p>              <img ci-src=\"https:\/\/www.nicematin.com\/vie-locale\/Capture-myYCGF5r.JPG?vh=acd51b&amp;ci_seal=da4480c88f\" alt=\"\"\/><br \/>\n        Le restaurant Steak&rsquo;n&rsquo;shake a d\u00e9finitivement ferm\u00e9 ses portes \u00e0 Nice Lingosti\u00e8re.  <strong>Capture d&rsquo;\u00e9cran Google .<\/strong> <\/p>\n<p>Si vous voulez encore les manger, pas de panique!<\/p>\n<p>Des villes comme <strong>Monaco<\/strong> ou encore <strong>Cannes<\/strong> poss\u00e8dent cette enseigne. Si vous habitez \u00e0 Nice, il sera compliqu\u00e9 et m\u00eame impossible de les commander, mais vous pourrez toujours v<strong>ous rendre directement sur place<\/strong> pour les d\u00e9guster.\u00a0<\/p>\n","protected":false},"excerpt":{"rendered":"Vous l&rsquo;avez peut-\u00eatre constat\u00e9 en choisissant votre repas du soir, depuis deux jours, les burgers de Steak&rsquo;n&rsquo;Shake sont&hellip;\n","protected":false},"author":2,"featured_media":17906,"comment_status":"","ping_status":"","sticky":false,"template":"","format":"standard","meta":{"footnotes":""},"categories":[2819],"tags":[1111,11,1777,674,1011,27,12,2401,882,25,3366],"class_list":{"0":"post-17905","1":"post","2":"type-post","3":"status-publish","4":"format-standard","5":"has-post-thumbnail","7":"category-nice","8":"tag-actu","9":"tag-actualites","10":"tag-eu","11":"tag-europe","12":"tag-fr","13":"tag-france","14":"tag-news","15":"tag-nice","16":"tag-provence-alpes-cote-dazur","17":"tag-republique-francaise","18":"tag-vie-locale"},"share_on_mastodon":{"url":"https:\/\/pubeurope.com\/@fr\/114320631792264634","error":""},"_links":{"self":[{"href":"https:\/\/www.europesays.com\/fr\/wp-json\/wp\/v2\/posts\/17905","targetHints":{"allow":["GET"]}}],"collection":[{"href":"https:\/\/www.europesays.com\/fr\/wp-json\/wp\/v2\/posts"}],"about":[{"href":"https:\/\/www.europesays.com\/fr\/wp-json\/wp\/v2\/types\/post"}],"author":[{"embeddable":true,"href":"https:\/\/www.europesays.com\/fr\/wp-json\/wp\/v2\/users\/2"}],"replies":[{"embeddable":true,"href":"https:\/\/www.europesays.com\/fr\/wp-json\/wp\/v2\/comments?post=17905"}],"version-history":[{"count":0,"href":"https:\/\/www.europesays.com\/fr\/wp-json\/wp\/v2\/posts\/17905\/revisions"}],"wp:featuredmedia":[{"embeddable":true,"href":"https:\/\/www.europesays.com\/fr\/wp-json\/wp\/v2\/media\/17906"}],"wp:attachment":[{"href":"https:\/\/www.europesays.com\/fr\/wp-json\/wp\/v2\/media?parent=17905"}],"wp:term":[{"taxonomy":"category","embeddable":true,"href":"https:\/\/www.europesays.com\/fr\/wp-json\/wp\/v2\/categories?post=17905"},{"taxonomy":"post_tag","embeddable":true,"href":"https:\/\/www.europesays.com\/fr\/wp-json\/wp\/v2\/tags?post=17905"}],"curies":[{"name":"wp","href":"https:\/\/api.w.org\/{rel}","templated":true}]}}