{"id":179054,"date":"2025-06-15T19:16:09","date_gmt":"2025-06-15T19:16:09","guid":{"rendered":"https:\/\/www.europesays.com\/fr\/179054\/"},"modified":"2025-06-15T19:16:09","modified_gmt":"2025-06-15T19:16:09","slug":"deja-champion-dallemagne-magdebourg-signe-le-double-et-remporte-la-ligue-des-champions","status":"publish","type":"post","link":"https:\/\/www.europesays.com\/fr\/179054\/","title":{"rendered":"d\u00e9j\u00e0 champion d\u2019Allemagne, Magdebourg signe le doubl\u00e9 et remporte la ligue des champions"},"content":{"rendered":"<p>Le SC Magdebourg a remport\u00e9 dimanche \u00e0 Cologne sa cinqui\u00e8me Ligue des champions en dominant Berlin (32-26) lors d\u2019une finale qui a confirm\u00e9 la sup\u00e9riorit\u00e9 de l\u2019Allemagne sur la plan\u00e8te handball.<\/p>\n<p class=\"fig-paragraph\">Le SC Magdebourg a remport\u00e9 dimanche \u00e0 Cologne sa cinqui\u00e8me Ligue des champions\u00a0en dominant Berlin (32-26) lors d&rsquo;une finale qui a consacr\u00e9 la sup\u00e9riorit\u00e9 de l&rsquo;Allemagne sur la plan\u00e8te handball. Sacr\u00e9 en 2023, le club de l&rsquo;Est de l&rsquo;Allemagne retrouve sa couronne abandonn\u00e9e au FC Barcelone l&rsquo;an pass\u00e9 et prend sa revanche sur les Berlinois, tombeurs du\u00a0<a href=\"http:\/\/www.lefigaro.fr\/sports\/handball\/handball-nantes-s-offre-le-fc-barcelone-et-monte-sur-le-podium-de-la-ligue-des-champions-20250615\" data-fig-type=\"NewsFlash\" data-gtm-custom-categorie=\"navigation\" data-gtm-custom-action=\"crossclick\" data-gtm-custom-label=\"Contextuel\" data-gtm-event=\"customEventSPE\" data-fig-domain=\"LEFIGARO\" rel=\"nofollow noopener\" target=\"_blank\">Nantes, troisi\u00e8me<\/a>, en demies, qui l&rsquo;ont devanc\u00e9 d&rsquo;un petit point pour remporter, dimanche dernier, le premier championnat de leur histoire.<\/p>\n<p class=\"fig-paragraph\">Vainqueurs de la Ligue europ\u00e9enne (C3) en 2023, les \u00abF\u00fcchse\u00bb (\u00abrenards en allemand) ne r\u00e9aliseront pas le doubl\u00e9 et le meilleur joueur du monde, l&rsquo;arri\u00e8re droit danois Mathias Gidsel, devra patienter au moins un an de plus pour d\u00e9crocher le seul titre qui lui manque. Il a plut\u00f4t \u00e9t\u00e9 bien contenu par Magdebourg (7 buts sur 10 tirs), qui a domin\u00e9 de bout en bout cette finale (11-8 \u00e0 la 19e minute, 16-12 \u00e0 la mi-temps, 23-17 \u00e0 la 43e minute) et r\u00e9cit\u00e9 son jeu de duels magnifi\u00e9 par son duo islandais compos\u00e9 d&rsquo;Omar Magnusson (6\/8) et Gisli Kristjansson (8\/12).<\/p>\n<p>Un doubl\u00e9 historique<\/p>\n<p class=\"fig-paragraph\">Apr\u00e8s avoir \u00e9limin\u00e9 Veszprem sur le fil en quarts de finale (26-26, 28-27 en Hongrie au retour) et avoir atteint la finale par un trou de souris (31-30 contre Barcelone en demi-finale), les nouveaux champions d&rsquo;Europe ont fait parler leur exp\u00e9rience sup\u00e9rieure dimanche. M\u00eame l&rsquo;exclusion d&rsquo;Antonio Serradilla (34e), le patron de leur d\u00e9fense, ne les a pas \u00e9branl\u00e9s, pas plus que le retour de Berlin \u00e0 trois buts \u00e0 neuf minutes de la fin (27-24, 51e).<\/p>\n<p class=\"fig-paragraph\">Ils ont aussi pu compter sur la grande performance de leur gardien Sergey Hernandez (18 arr\u00eats sur 42 tirs, 43% de r\u00e9ussite), alors qu&rsquo;en face le Serbe Dejan Milosavljev, brillant en demi-finales contre Nantes (34-24), n&rsquo;a r\u00e9alis\u00e9 aucun arr\u00eat (0\/12) avant d&rsquo;\u00eatre remplac\u00e9 par Lasse Ludwig (12\/31, 39%). Magdebourg est sacr\u00e9 roi \u00e0 Cologne \u00e0 l&rsquo;issue de la premi\u00e8re finale 100% allemande depuis 2014 (victoire de Flensbourg contre Kiel) et d&rsquo;une saison o\u00f9 les clubs de Bundesliga ont march\u00e9 sur l&rsquo;Europe.<\/p>\n<p class=\"fig-paragraph\">Flensbourg a ainsi remport\u00e9 la Ligue europ\u00e9enne, la deuxi\u00e8me comp\u00e9tition continentale, au terme d&rsquo;un Final Four o\u00f9 trois des quatre \u00e9quipes pr\u00e9sentes \u00e9taient allemandes, avec la pr\u00e9sence \u00e9galement de Melsungen et Kiel. Salles pleines, qualit\u00e9 du jeu et densit\u00e9 du plateau: le championnat d&rsquo;Allemagne est bien\u00a0\u00bble meilleur du monde\u00ab, selon l&rsquo;entra\u00eeneur du FC Barcelone Carlos Ortega, pour qui\u00a0\u00bbtous les week-ends toutes les \u00e9quipes ont des matches difficiles. \u00abC&rsquo;est tellement dur de se qualifier pour la Ligue des champions, 6-7 \u00e9quipes se battent pour deux places tellement importantes pour elles\u00bb, expliquait de son c\u00f4t\u00e9 samedi Bennet Wiegert, entra\u00eeneur des nouveaux champions d&rsquo;Europe.<\/p>\n","protected":false},"excerpt":{"rendered":"Le SC Magdebourg a remport\u00e9 dimanche \u00e0 Cologne sa cinqui\u00e8me Ligue des champions en dominant Berlin (32-26) lors&hellip;\n","protected":false},"author":2,"featured_media":179055,"comment_status":"","ping_status":"","sticky":false,"template":"","format":"standard","meta":{"footnotes":""},"categories":[1587],"tags":[11,672,2207,69,1804,525,2211,2212,2210,1981,1805,1803,2206,64,1777,674,1801,1792,2209,447,2208,12,1802,1980],"class_list":{"0":"post-179054","1":"post","2":"type-post","3":"status-publish","4":"format-standard","5":"has-post-thumbnail","7":"category-allemagne","8":"tag-actualites","9":"tag-allemagne","10":"tag-bleus","11":"tag-bundesliga","12":"tag-bundesrepublik-deutschland","13":"tag-calendrier","14":"tag-championnat-deurope","15":"tag-championnat-du-monde","16":"tag-ciudad-real","17":"tag-classement","18":"tag-de","19":"tag-deutschland","20":"tag-division-1","21":"tag-equipe-de-france","22":"tag-eu","23":"tag-europe","24":"tag-germany","25":"tag-handball","26":"tag-kiel","27":"tag-ligue-des-champions","28":"tag-montpellier","29":"tag-news","30":"tag-republique-federale-dallemagne","31":"tag-resultats"},"share_on_mastodon":{"url":"https:\/\/pubeurope.com\/@fr\/114688988521769718","error":""},"_links":{"self":[{"href":"https:\/\/www.europesays.com\/fr\/wp-json\/wp\/v2\/posts\/179054","targetHints":{"allow":["GET"]}}],"collection":[{"href":"https:\/\/www.europesays.com\/fr\/wp-json\/wp\/v2\/posts"}],"about":[{"href":"https:\/\/www.europesays.com\/fr\/wp-json\/wp\/v2\/types\/post"}],"author":[{"embeddable":true,"href":"https:\/\/www.europesays.com\/fr\/wp-json\/wp\/v2\/users\/2"}],"replies":[{"embeddable":true,"href":"https:\/\/www.europesays.com\/fr\/wp-json\/wp\/v2\/comments?post=179054"}],"version-history":[{"count":0,"href":"https:\/\/www.europesays.com\/fr\/wp-json\/wp\/v2\/posts\/179054\/revisions"}],"wp:featuredmedia":[{"embeddable":true,"href":"https:\/\/www.europesays.com\/fr\/wp-json\/wp\/v2\/media\/179055"}],"wp:attachment":[{"href":"https:\/\/www.europesays.com\/fr\/wp-json\/wp\/v2\/media?parent=179054"}],"wp:term":[{"taxonomy":"category","embeddable":true,"href":"https:\/\/www.europesays.com\/fr\/wp-json\/wp\/v2\/categories?post=179054"},{"taxonomy":"post_tag","embeddable":true,"href":"https:\/\/www.europesays.com\/fr\/wp-json\/wp\/v2\/tags?post=179054"}],"curies":[{"name":"wp","href":"https:\/\/api.w.org\/{rel}","templated":true}]}}