{"id":179058,"date":"2025-06-15T19:18:15","date_gmt":"2025-06-15T19:18:15","guid":{"rendered":"https:\/\/www.europesays.com\/fr\/179058\/"},"modified":"2025-06-15T19:18:15","modified_gmt":"2025-06-15T19:18:15","slug":"lunion-europeenne-autorise-loperateur-de-satellite-luxembourgeois-ses-a-racheter-lamericain-intelsat","status":"publish","type":"post","link":"https:\/\/www.europesays.com\/fr\/179058\/","title":{"rendered":"L&rsquo;Union europ\u00e9enne autorise l\u2019op\u00e9rateur de satellite luxembourgeois SES \u00e0 racheter l\u2019am\u00e9ricain Intelsat"},"content":{"rendered":"<p>\n\tLeur fusion avait \u00e9t\u00e9 annonc\u00e9e en avril 2024, elle a d\u00e9sormais l\u2019aval de Bruxelles. La Commission europ\u00e9enne a donn\u00e9 mardi 10 juin son feu vert au <a href=\"https:\/\/www.usinenouvelle.com\/article\/les-operateurs-satellitaires-ses-et-intelsat-prets-a-fusionner-pour-resister-aux-acteurs-du-newspace.N2116256\" target=\"_blank\" rel=\"noopener\">projet de rachat de l&rsquo;op\u00e9rateur am\u00e9ricain de services de t\u00e9l\u00e9communications par satellite Intelsat par son concurrent luxembourgeois SES<\/a>, estimant que l&rsquo;op\u00e9ration ne devrait pas nuire \u00e0 la concurrence.<\/p>\n<p>\n\t\u00abLa Commission europ\u00e9enne a autoris\u00e9 sans condition, en vertu du r\u00e8glement de l&rsquo;UE sur les concentrations, le projet d&rsquo;acquisition d&rsquo;Intelsat Holdings par SES\u00bb, \u00e9crit l&rsquo;ex\u00e9cutif europ\u00e9en dans un communiqu\u00e9. Des sources avaient rapport\u00e9 \u00e0 Reuters la semaine derni\u00e8re que le groupe europ\u00e9en de satellites \u00e9tait sur le point d&rsquo;obtenir l&rsquo;approbation inconditionnelle des autorit\u00e9s de la concurrence de l&rsquo;UE. L\u2019op\u00e9ration n\u00e9cessite maintenant l\u2019approbation des autorit\u00e9s am\u00e9ricaines.<\/p>\n<p class=\"editoTitleType1 editoTitleType1--noBorder is-margin-0\">VOS <b>INDICES<\/b><\/p>\n<p>                source<br \/>\n                <img decoding=\"async\" src=\"https:\/\/www.europesays.com\/fr\/wp-content\/uploads\/2025\/05\/logo-indice-contations.png\" alt=\"Indices &amp; cotations\"\/><\/p>\n<p>\tRivaliser avec les autres constellations<\/p>\n<p>\n\tLe groupe luxembourgeois a annonc\u00e9 d\u00e9but 2024 son intention d&rsquo;acqu\u00e9rir Intelsat pour un montant de 3,1 milliards de dollars (2,8 milliards d\u2019euros) afin de <a href=\"https:\/\/www.usinenouvelle.com\/article\/ses-rachete-intelsat-quatre-questions-sur-la-riposte-des-operateurs-de-satellites-face-a-jeff-bezos-et-elon-musk.N2212621\" target=\"_blank\" rel=\"noopener\">cr\u00e9er un g\u00e9ant du secteur des satellites multi-orbites<\/a>. L\u2019objectif est d\u2019\u00eatre capable notamment de rivaliser avec Starlink, propri\u00e9t\u00e9 de Space X, un groupe dirig\u00e9 par le milliardaire Elon Musk, le projet <a href=\"https:\/\/www.usinenouvelle.com\/article\/les-premiers-satellites-de-kuiper-lances-amazon-au-defi-de-rattraper-spacex-et-oneweb.N2231420\" target=\"_blank\" rel=\"noopener\">Kuipe<\/a>r d&rsquo;<a title=\"Amazon : L&#039;actualit\u00e9 \u00e9conomique du g\u00e9ant du e-commerce\" href=\"https:\/\/www.usine-digitale.fr\/amazon\/\" rel=\"noopener\" target=\"\" class=\"lien-contextuel\">Amazon<\/a>, ou encore le fran\u00e7ais Eutelsat, r\u00e9cemment <a href=\"https:\/\/www.usinenouvelle.com\/article\/en-officialisant-sa-fusion-avec-oneweb-eutelsat-s-impose-comme-un-leader-mondial-des-telecommunications-spatiales.N2176112\" target=\"_blank\" rel=\"noopener\">renforc\u00e9 par le rachat de OneWeb<\/a>, finalis\u00e9 fin 2024.<\/p>\n<p>\n\tSES revendique plus de 70 satellites r\u00e9partis entre orbite basse et orbite g\u00e9ostationnaire et Intelsat plus de 50. En comparaison, Starlink est de loin le leader mondial du secteur. L\u2019entreprise affirme avoir d\u00e9j\u00e0 mis en orbite plus de 7000 satellites pour un objectif final de pr\u00e8s de 30000 satellites.<\/p>\n<p>\n\t<strong>Avec Reuters (R\u00e9dig\u00e9 par Claude Chendjou, \u00e9dit\u00e9 par Kate Entringer)<\/strong><\/p>\n<p class=\"editoTitleType1 editoTitleType1--lagoon is-uppercase\">S\u00e9lectionn\u00e9 <b>pour vous<\/b><\/p>\n<p>                                                                            <a class=\"editoCardType21__link editoCardType21__containerImage\" href=\"https:\/\/www.usinenouvelle.com\/editorial\/orange-et-toshiba-dotent-la-region-parisienne-du-premier-reseau-quantique-securise-de-france.N2233526\" data-xiti-name=\"2233526\" target=\"_blank\" rel=\"noopener\"><\/p>\n<p>                                                                                                                                                    <img decoding=\"async\" src=\"data:image\/gif;base64,R0lGODdhAQABAPAAAMPDwwAAACwAAAAAAQABAAACAkQBADs=\" data-original=\"\/mediatheque\/7\/4\/6\/001290647_256x170_c.jpg\" alt=\"Orange et Toshiba dotent la r\u00e9gion parisienne du premier r\u00e9seau quantique s\u00e9curis\u00e9 de France\"\/><\/p>\n<p>                            <\/a><\/p>\n","protected":false},"excerpt":{"rendered":"Leur fusion avait \u00e9t\u00e9 annonc\u00e9e en avril 2024, elle a d\u00e9sormais l\u2019aval de Bruxelles. La Commission europ\u00e9enne a&hellip;\n","protected":false},"author":2,"featured_media":179059,"comment_status":"","ping_status":"","sticky":false,"template":"","format":"standard","meta":{"footnotes":""},"categories":[1586],"tags":[11,2125,73,1777,674,1779,1011,27,2124,14,15831,12,25,4301,1778,364],"class_list":{"0":"post-179058","1":"post","2":"type-post","3":"status-publish","4":"format-standard","5":"has-post-thumbnail","7":"category-europe","8":"tag-actualites","9":"tag-depeches-reuters","10":"tag-etats-unis","11":"tag-eu","12":"tag-europe","13":"tag-european-union","14":"tag-fr","15":"tag-france","16":"tag-infos-reuters","17":"tag-international","18":"tag-luxembourg","19":"tag-news","20":"tag-republique-francaise","21":"tag-telecoms","22":"tag-ue","23":"tag-union-europeenne"},"share_on_mastodon":{"url":"https:\/\/pubeurope.com\/@fr\/114688996478915126","error":""},"_links":{"self":[{"href":"https:\/\/www.europesays.com\/fr\/wp-json\/wp\/v2\/posts\/179058","targetHints":{"allow":["GET"]}}],"collection":[{"href":"https:\/\/www.europesays.com\/fr\/wp-json\/wp\/v2\/posts"}],"about":[{"href":"https:\/\/www.europesays.com\/fr\/wp-json\/wp\/v2\/types\/post"}],"author":[{"embeddable":true,"href":"https:\/\/www.europesays.com\/fr\/wp-json\/wp\/v2\/users\/2"}],"replies":[{"embeddable":true,"href":"https:\/\/www.europesays.com\/fr\/wp-json\/wp\/v2\/comments?post=179058"}],"version-history":[{"count":0,"href":"https:\/\/www.europesays.com\/fr\/wp-json\/wp\/v2\/posts\/179058\/revisions"}],"wp:featuredmedia":[{"embeddable":true,"href":"https:\/\/www.europesays.com\/fr\/wp-json\/wp\/v2\/media\/179059"}],"wp:attachment":[{"href":"https:\/\/www.europesays.com\/fr\/wp-json\/wp\/v2\/media?parent=179058"}],"wp:term":[{"taxonomy":"category","embeddable":true,"href":"https:\/\/www.europesays.com\/fr\/wp-json\/wp\/v2\/categories?post=179058"},{"taxonomy":"post_tag","embeddable":true,"href":"https:\/\/www.europesays.com\/fr\/wp-json\/wp\/v2\/tags?post=179058"}],"curies":[{"name":"wp","href":"https:\/\/api.w.org\/{rel}","templated":true}]}}