{"id":179064,"date":"2025-06-15T19:21:13","date_gmt":"2025-06-15T19:21:13","guid":{"rendered":"https:\/\/www.europesays.com\/fr\/179064\/"},"modified":"2025-06-15T19:21:13","modified_gmt":"2025-06-15T19:21:13","slug":"la-france-commence-tres-bien-son-euro-u19-euro-u19-gr-a-france-suede-3-0","status":"publish","type":"post","link":"https:\/\/www.europesays.com\/fr\/179064\/","title":{"rendered":"La France commence tr\u00e8s bien son Euro U19 &#8211; Euro U19 &#8211; Gr. A &#8211; France-Su\u00e8de (3-0)"},"content":{"rendered":"<p>\t\t\t<img decoding=\"async\" loading=\"lazy\" class=\"blason blason-grand\" src=\"https:\/\/www.europesays.com\/fr\/wp-content\/uploads\/2025\/06\/1750015272_619_grande.jpg\"\/> France U19 3-0 Su\u00e8de U19 <img decoding=\"async\" loading=\"lazy\" class=\"blason blason-grand\" src=\"https:\/\/www.europesays.com\/fr\/wp-content\/uploads\/2025\/06\/1748989634_726_grande.jpg\"\/><\/p>\n<p>Buts : Joseph (25e), Effa Effa (63e) et Graziani (70e) pour les Bleuettes\u00a0<\/p>\n<p>L\u2019affaire des <a target=\"_blank\" href=\"https:\/\/www.ouest-france.fr\/bretagne\/morlaix-29600\/morlaix-zones-anti-lgbt-en-pologne-le-jumelage-avec-mielec-n-est-pas-concerne-6746036\" rel=\"nofollow noopener\">jumelages de Mielec<\/a> a du plomb dans l\u2019aile.<\/p>\n<p><strong>La France r\u00e9ussit son entr\u00e9e en lice \u00e0 l\u2019Euro U19 f\u00e9minin.<\/strong> Dans la bourgade de Mielec (en plein c\u0153ur de la vo\u00efvodie des Basses-Carpates, au sud-est de la Pologne), les Bleuettes ont pris le meilleur sur la Su\u00e8de <strong>(2-0)<\/strong> apr\u00e8s avoir totalement \u00e9touff\u00e9 les Bl\u00e5gult, qui n\u2019ont tir\u00e9 qu\u2019une seule fois. Les jeunes de Philippe Joly ont \u00e9t\u00e9 lib\u00e9r\u00e9es par la Strasbourgeoise Liana Joseph<strong> (1-0, 25e)<\/strong>. Apr\u00e8s que la R\u00e9moise Julie Swierot a rat\u00e9 de peu un joli coup franc, la Havraise Chancelle Effa Effa s\u2019est trouv\u00e9e \u00e0 l\u2019aff\u00fbt d\u2019une perc\u00e9e de Maeline Mendy pour doubler la mise <strong>(2-0, 63e)<\/strong>. Les trois attaquantes fran\u00e7aises se sont illustr\u00e9es, puisque Ornelia Graziani a trouv\u00e9 la lucarne pour tripler la mise <strong>(3-0, 70e)<\/strong>. Les mini-Bleues deviennent la meilleure attaque d\u2019un tournoi gagn\u00e9 pour la derni\u00e8re fois en 2019 (avec Melvine Malard, Ma\u00eblle Lakrar et Sandy Baltimore), avant que l\u2019Espagne ne remporte les trois \u00e9ditions suivantes.<\/p>\n<p>Dans l\u2019autre match du groupe, la Pologne et l\u2019Italie ont fait match nul (0-0). La France affrontera la Pologne ce mercredi avec un joli double enjeu : une qualification pour la demi-finale de l\u2019Euro et pour le Mondial U20, l\u2019ann\u00e9e prochaine. Cinq \u00e9quipes, sur les huit pr\u00e9sentes en Pologne, seront qualifi\u00e9es.<\/p>\n<p>Le futur, c\u2019est maintenant.<\/p>\n<p>\t\t\t\t\t\t\t\t\t\t<a class=\"lien-connexe\" href=\"https:\/\/www.sofoot.com\/breves\/lequipe-de-france-u19-ne-verra-pas-leuro-des-moins-de-19-ans\" rel=\"nofollow noopener\" target=\"_blank\">L\u2019\u00e9quipe de France U19 ne verra pas l\u2019Euro<\/a>\t\t\t\t\t<\/p>\n","protected":false},"excerpt":{"rendered":"France U19 3-0 Su\u00e8de U19 Buts : Joseph (25e), Effa Effa (63e) et Graziani (70e) pour les Bleuettes\u00a0&hellip;\n","protected":false},"author":2,"featured_media":179065,"comment_status":"","ping_status":"","sticky":false,"template":"","format":"standard","meta":{"footnotes":""},"categories":[4],"tags":[47,11,61,69,65,64,63,1011,27,68,66,12,62,70,25,67],"class_list":{"0":"post-179064","1":"post","2":"type-post","3":"status-publish","4":"format-standard","5":"has-post-thumbnail","7":"category-france","8":"tag-actualite","9":"tag-actualites","10":"tag-actus-football","11":"tag-bundesliga","12":"tag-championnats-europeens","13":"tag-equipe-de-france","14":"tag-football","15":"tag-fr","16":"tag-france","17":"tag-ligua","18":"tag-ligue-1","19":"tag-news","20":"tag-news-foot","21":"tag-premier-league","22":"tag-republique-francaise","23":"tag-serie-a"},"share_on_mastodon":{"url":"https:\/\/pubeurope.com\/@fr\/114689008318327051","error":""},"_links":{"self":[{"href":"https:\/\/www.europesays.com\/fr\/wp-json\/wp\/v2\/posts\/179064","targetHints":{"allow":["GET"]}}],"collection":[{"href":"https:\/\/www.europesays.com\/fr\/wp-json\/wp\/v2\/posts"}],"about":[{"href":"https:\/\/www.europesays.com\/fr\/wp-json\/wp\/v2\/types\/post"}],"author":[{"embeddable":true,"href":"https:\/\/www.europesays.com\/fr\/wp-json\/wp\/v2\/users\/2"}],"replies":[{"embeddable":true,"href":"https:\/\/www.europesays.com\/fr\/wp-json\/wp\/v2\/comments?post=179064"}],"version-history":[{"count":0,"href":"https:\/\/www.europesays.com\/fr\/wp-json\/wp\/v2\/posts\/179064\/revisions"}],"wp:featuredmedia":[{"embeddable":true,"href":"https:\/\/www.europesays.com\/fr\/wp-json\/wp\/v2\/media\/179065"}],"wp:attachment":[{"href":"https:\/\/www.europesays.com\/fr\/wp-json\/wp\/v2\/media?parent=179064"}],"wp:term":[{"taxonomy":"category","embeddable":true,"href":"https:\/\/www.europesays.com\/fr\/wp-json\/wp\/v2\/categories?post=179064"},{"taxonomy":"post_tag","embeddable":true,"href":"https:\/\/www.europesays.com\/fr\/wp-json\/wp\/v2\/tags?post=179064"}],"curies":[{"name":"wp","href":"https:\/\/api.w.org\/{rel}","templated":true}]}}