{"id":179070,"date":"2025-06-15T19:25:13","date_gmt":"2025-06-15T19:25:13","guid":{"rendered":"https:\/\/www.europesays.com\/fr\/179070\/"},"modified":"2025-06-15T19:25:13","modified_gmt":"2025-06-15T19:25:13","slug":"atp-rosmalen-zizou-bergs-battu-et-frustre-en-finale-apres-avoir-loupe-trois-balles-de-set","status":"publish","type":"post","link":"https:\/\/www.europesays.com\/fr\/179070\/","title":{"rendered":"ATP Rosmalen\u00a0: Zizou Bergs battu et frustr\u00e9 en finale apr\u00e8s avoir loup\u00e9 trois balles de set"},"content":{"rendered":"<p class=\"ap-StoryElement ap-StoryElement--mb ap-StoryText\">C&rsquo;\u00e9tait jour de finale ce dimanche \u00e0 Rosmalen o\u00f9 la Belgique esp\u00e9rait d\u00e9crocher un deuxi\u00e8me troph\u00e9e apr\u00e8s celui d&rsquo;Elise Mertens dans le tableau f\u00e9minin. Pour cela, il fallait compter sur Zizou Bergs (ATP 63) qui disputait sa deuxi\u00e8me finale en carri\u00e8re sur le circuit ATP, tout comme son adversaire du jour, le Canadien Gabriel Diallo (ATP 55).<\/p>\n<p class=\"ap-StoryElement ap-StoryElement--mb ap-StoryText\">Malheureusement, celui-ci s&rsquo;est montr\u00e9 bien plus solide sur sa mise en jeu. Sur ses trois premiers jeux de service, Diallo n&rsquo;a perdu que quatre points contre neuf pour Bergs qui a tout de m\u00eame su tenir dans les moments importants. Malgr\u00e9 cela, le num\u00e9ro deux belge gardera en travers la fin du premier set alors qu&rsquo;il a \u00e9t\u00e9 le premier \u00e0 s&rsquo;offrir deux balles de break, manqu\u00e9es, avant de perdre sa mise en jeu au pire moment (7-5).<\/p>\n","protected":false},"excerpt":{"rendered":"C&rsquo;\u00e9tait jour de finale ce dimanche \u00e0 Rosmalen o\u00f9 la Belgique esp\u00e9rait d\u00e9crocher un deuxi\u00e8me troph\u00e9e apr\u00e8s celui&hellip;\n","protected":false},"author":2,"featured_media":179071,"comment_status":"","ping_status":"","sticky":false,"template":"","format":"standard","meta":{"footnotes":""},"categories":[1415],"tags":[1011,27,31596,60,1467,4173],"class_list":{"0":"post-179070","1":"post","2":"type-post","3":"status-publish","4":"format-standard","5":"has-post-thumbnail","7":"category-tennis","8":"tag-fr","9":"tag-france","10":"tag-hal","11":"tag-sports","12":"tag-tennis","13":"tag-wimbledon"},"share_on_mastodon":{"url":"https:\/\/pubeurope.com\/@fr\/114689023841351074","error":""},"_links":{"self":[{"href":"https:\/\/www.europesays.com\/fr\/wp-json\/wp\/v2\/posts\/179070","targetHints":{"allow":["GET"]}}],"collection":[{"href":"https:\/\/www.europesays.com\/fr\/wp-json\/wp\/v2\/posts"}],"about":[{"href":"https:\/\/www.europesays.com\/fr\/wp-json\/wp\/v2\/types\/post"}],"author":[{"embeddable":true,"href":"https:\/\/www.europesays.com\/fr\/wp-json\/wp\/v2\/users\/2"}],"replies":[{"embeddable":true,"href":"https:\/\/www.europesays.com\/fr\/wp-json\/wp\/v2\/comments?post=179070"}],"version-history":[{"count":0,"href":"https:\/\/www.europesays.com\/fr\/wp-json\/wp\/v2\/posts\/179070\/revisions"}],"wp:featuredmedia":[{"embeddable":true,"href":"https:\/\/www.europesays.com\/fr\/wp-json\/wp\/v2\/media\/179071"}],"wp:attachment":[{"href":"https:\/\/www.europesays.com\/fr\/wp-json\/wp\/v2\/media?parent=179070"}],"wp:term":[{"taxonomy":"category","embeddable":true,"href":"https:\/\/www.europesays.com\/fr\/wp-json\/wp\/v2\/categories?post=179070"},{"taxonomy":"post_tag","embeddable":true,"href":"https:\/\/www.europesays.com\/fr\/wp-json\/wp\/v2\/tags?post=179070"}],"curies":[{"name":"wp","href":"https:\/\/api.w.org\/{rel}","templated":true}]}}