{"id":179083,"date":"2025-06-15T19:33:10","date_gmt":"2025-06-15T19:33:10","guid":{"rendered":"https:\/\/www.europesays.com\/fr\/179083\/"},"modified":"2025-06-15T19:33:10","modified_gmt":"2025-06-15T19:33:10","slug":"maxoe-festival-2025-selection-bd-independante-livres-bd-maxoe-bulles","status":"publish","type":"post","link":"https:\/\/www.europesays.com\/fr\/179083\/","title":{"rendered":"MaXoE Festival 2025 : S\u00e9lection BD ind\u00e9pendante (Livres \/ BD) &#8211; MaXoE BULLES"},"content":{"rendered":"<p class=\"cadregris\">Place \u00e0 notre S\u00e9lection BD ind\u00e9pendante du MaXoE Festival 2025 !<\/p>\n<p><img fetchpriority=\"high\" decoding=\"async\" class=\"size-full wp-image-98615 alignnone\" src=\"https:\/\/www.europesays.com\/fr\/wp-content\/uploads\/2025\/06\/maxoe_festival_bd_une.jpg\" alt=\"\" width=\"700\" height=\"430\" \/><\/p>\n<p>Comme vous le savez, depuis les toutes premi\u00e8res \u00e9ditions du MaXoE Festival, la part belle est faite \u00e0 la bande dessin\u00e9e ind\u00e9pendante. Car notre devoir est aussi de mettre en avant, et donc de vous conseiller des lectures moins mises en avant et peut-\u00eatre un peu plus difficiles d\u2019acc\u00e8s. Je vous offre ci-dessous de petits r\u00e9sum\u00e9s de chacun des titres en comp\u00e9tition dans cette cat\u00e9gorie dans l\u2019attente de chroniques plus d\u00e9taill\u00e9es \u00e0 venir tout au long du festival !<\/p>\n<p>On dit souvent que la vie ne tient qu\u2019\u00e0 un fil. Que le moment venu, le faucheur coupera ce qui rattache chacun de nous au monde des vivants, pour mieux nous embarquer vers des cieux plus t\u00e9n\u00e9breux. Au travers des trois histoires courtes qui composent Les confessions d\u2019un faucheur, Marc Jondot, d\u00e9montre toute la richesse de l\u2019univers qu\u2019il d\u00e9veloppe depuis le titre inaugural de sa s\u00e9rie, L\u2019\u00efle d\u2019Om (2021).<br \/><strong>Marc Jondot \u2013 Les confessions d\u2019un faucheur \u2013 Mosquito<\/strong><\/p>\n<p>Apr\u00e8s une vie enti\u00e8re pass\u00e9e \u00e0 Londres, James et Hilda Bloggs vivent d\u00e9sormais dans un paisible cottage recul\u00e9 de la campagne anglaise. Un couple charmant et aimant qui affiche une vraie complicit\u00e9 de tous les instants. Et puis un jour \u2013 nous sommes dans les ann\u00e9es 80 \u2013 tombe une nouvelle inqui\u00e9tante, propre \u00e0 chambouler le quotidien bucolique de nos deux h\u00e9ros. La pr\u00e9somption d\u2019un conflit arm\u00e9 qui viendrait toucher la Grande-Bretagne. C\u2019est en tout cas les nouvelles qui sont d\u00e9sormais relay\u00e9es de fa\u00e7on alarmante par la presse \u00e9crite et la radio. Un conflit sur lequel plane les affres du nucl\u00e9aire.<br \/><strong>Raymond Briggs \u2013 Quand souffle le vent \u2013 Tanibis<\/strong><\/p>\n<p>La figure d\u2019Aguirre, le conquistador fou, personna non grata en bien des maisons du nouveau monde, fascine pour son parcours, mis en avant par le film Aguirre, la col\u00e8re de Dieu de Werner Herzog avec \u00a0\u00a0\u00a0\u00a0Klaus Kinski dans le r\u00f4le phare. Ici c\u2019est Alberto Breccia qui donne les traits au conquistador espagnol dans une bande dessin\u00e9e compos\u00e9e sp\u00e9cialement pour la comm\u00e9moration des 500 ans de la d\u00e9couverte du continent am\u00e9ricain. Un Breccia en couleurs in\u00e9dit en France, dans une version restaur\u00e9e qui s\u2019affiche comme un v\u00e9ritable petit plaisir de lecture\u2026<br \/><strong>Alberto Breccia &amp;\u00a0 Carlos Albiac \u2013 Eldorado, le d\u00e9lire d\u2019Aguirre \u2013 Edition de la Cerise<\/strong><\/p>\n<p>La bande dessin\u00e9e aime \u00e0 raconter des histoires fictionnelles qui laissent libre court \u00e0 l\u2019imagination. Elle aime aussi raconter des histoires tir\u00e9es de la grande Histoire. C\u2019est le cas ici avec La dent de l\u2019iguanodon, r\u00e9cit compos\u00e9 par trois auteurs g\u00e9n\u00e9reux qui reviennent sur le parcours de Gideon Algernon Mantell, obst\u00e9tricien de son \u00e9tat, qui, passionn\u00e9 par les fossiles, deviendra l\u2019un des tout premiers pal\u00e9ontologues avec sa femme Mary Ann Woodhouse. Le r\u00e9cit dessin\u00e9 revient sur l\u2019histoire de cette d\u00e9couverte dans une Angleterre domin\u00e9e par les fum\u00e9es de ses chemin\u00e9es qui noircissent chaque jour davantage les villes. Le trait fait de hachures nerveuses sert admirablement un projet \u00e0 la valeur inestimable.<br \/><strong>Pol Cherici, Cl\u00e9ment Xavier et Lisa Lugrin \u2013 La dent de l\u2019iguanodon \u2013 FLBLB<\/strong><\/p>\n<p>Longtemps auteur phare du petit \u00e9diteur toulousain Misma avec sa s\u00e9rie Megg, Mogg &amp; Owl (5 opus parus), Simon Hanselmann s\u2019est perdu chez Seuil (tome 6 des aventures des trois loustics) en 2022 avant de revenir chez un \u00e9diteur ind\u00e9, plus en rapport avec le ton d\u00e9cal\u00e9 et un brin chahuteur de son univers. Les \u00e9ditions Huber publient ainsi Sans ambition en 2023 puis cette ann\u00e9e Werewolf Jones &amp; Fils, qui n\u2019est autre qu\u2019un spin-off qui suit le parcours de Werewolf Jones, p\u00e8re irresponsable et ses rejetons tout aussi barr\u00e9s. C\u2019est du Simon Hanselmann dans le texte, donc \u00e0 ne pas mettre entre toutes les mains, quoique\u2026<br \/><strong>Simon Hanselmann &amp; Josh Pettinger \u2013 Werewolf Jones &amp; Fils \u2013 Huber Editions<\/strong><\/p>\n<p>A la base de cet album d\u2019un peu moins de 120 planches, une nouvelle de l\u2019auteur tunisien Gilbert Naccache \u00e9crite en prison et parue dans le recueil Le ciel est par-dessus le toit. Un homme d\u00e9couvre sur une plage, dans une bo\u00eete \u00e0 pharmacie qui a \u00e9chou\u00e9 sur le rivage (le lecteur peut apercevoir au large un cargo inclin\u00e9 qui semble s\u2019\u00eatre \u00e9chou\u00e9), un cahier dans lequel un homme \u00e0 consign\u00e9 des \u00e9v\u00e8nements \u00e9tranges le mettant aux prises avec une invasion de rats. D\u2019abord quelques rongeurs sont aper\u00e7us dans l\u2019appartement de ce professeur d\u2019histoire avant qu\u2019ils ne se r\u00e9pande dans tout le quartier et toute la ville o\u00f9 il r\u00e9side avec son chat N\u00e9nuphar. Sur fond fantastique la nouvelle se veut surtout une m\u00e9taphore d\u2019un pouvoir autoritaire et totalitaire\u2026 Indispensable\u00a0!<br \/><strong>Z \u2013 Le seigneur des rats \u2013 Alifbata<\/strong><\/p>\n<p>Chaque nouvel album d\u2019Hugues Micol peut se voir comme un petit \u00e9v\u00e8nement en soi. D\u2019abord car son auteur, cultive le don de surprendre son lecteur, de le pousser en dehors de ses habitudes de lecture. C\u2019est le cas depuis Romanji publi\u00e9 il y a presque un quart de si\u00e8cle et qui sonnait une entr\u00e9e remarquable pour son auteur dans la sph\u00e8re du neuvi\u00e8me art. Puis, au fil des parutions, le dessinateur \u00e0 poursuivi son chemin, jouant r\u00e9guli\u00e8rement du medium. Et GariGari qui voit le jour en cette ann\u00e9e 2025 fait partie de beaux et d\u00e9tonnants projets de Micol. Un de ceux qui marquent \u00e0 la lecture et bien apr\u00e8s. On y suit un ninja dans un Japon m\u00e9di\u00e9val fantasm\u00e9 et imaginaire o\u00f9 des y\u00f4kai pullulent \u00e0 chaque planche dans un univers luxuriant et somme toute assez violent. Vif, nerveux, et totalement jubilatoire<br \/><strong>Hugues Micol \u2013 GariGari \u2013 Corn\u00e9lius<\/strong><\/p>\n<p>Les \u00e9ditions Kinaye tracent patiemment leur route qui passe par la d\u00e9couverte de nouveaux talents, qui d\u00e9veloppent des univers dans les cultures de l\u2019imaginaire, SF et fantasy. \u00a0Ish &amp; Mima, de Jules Naleb, met en sc\u00e8ne la trajectoire d\u2019un couple soud\u00e9 qui donne son titre \u00e0 l\u2019album, qui va \u00e9chapper \u00e0 la ville-usine de Dreib dans laquelle ils vivent depuis toujours pour suivre un poisson magique qui pourrait les guider, selon les l\u00e9gendes anciennes, vers une terre verte et prometteuse. Mais la reine qui dirige la communaut\u00e9 dans laquelle vivent Ish &amp; Mima n\u2019entend pas laisser ses sujets s\u2019\u00e9vaporer sans rien faire\u2026 Un univers po\u00e9tique qui n\u2019est pas sans rappeler celui d\u2019illustres auteurs \u00e0 qui Naleb rend hommage tout en construisant sa route. C\u2019est frais et rare pour figurer dans le lot des bons titres \u00e0 d\u00e9couvrir\u00a0!<br \/><strong>Jules Naleb \u2013 Ish &amp; Mima \u2013 Kinaye<\/strong><\/p>\n<p>Ripple de Dave Cooper est devenue au fil du temps une \u0153uvre culte. Edit\u00e9e pour la premi\u00e8re fois en 2003 chez Fantagrahics Books aux Etats-Unis, le titre para\u00eet une premi\u00e8re fois en fran\u00e7ais chez Seuil deux ans plus tard. Il y est question d\u2019un artiste peintre introverti qui va se prendre d\u2019une obsession d\u00e9vorante pour Tina, une de ses mod\u00e8les qui deviendra une muse. Dave Cooper sculpte dans ce r\u00e9cit au scalpel le profil psychologique de son personnage pris dans un cycle qui semble ne pouvoir \u00eatre que destructeur\u2026 C\u2019est d\u00e9taill\u00e9, intense, parfois d\u00e9rangeant, donc indispensable. A noter que pour cette \u00e9dition Dave Cooper a retravaill\u00e9 chaque d\u00e9tail et que l\u2019introduction de David Cronenberg vaut le d\u00e9tour\u00a0! Deuxi\u00e8me r\u00e9cit de Dave Cooper mis au vote (avec Doghead dans la cat\u00e9gorie Comics) et troisi\u00e8me de la maison Huber. Non pas une co\u00efncidence, juste de l\u2019excellent travail\u00a0!<br \/><strong>Dave Cooper \u2013 Ripple, une pr\u00e9dilection pour Tina \u2013 Huber Editions <\/strong><\/p>\n<p>Vous connaissez notre attachement au travail de C\u00e9line Wagner dont nous avons propos\u00e9, \u00e0 de multiples reprises des mises en avant, notamment pour ses projets Lermontov ou Tangente. Elle nous revient cette ann\u00e9e avec un r\u00e9cit singulier qui part d\u2019une passion partag\u00e9e avec l\u2019\u00e9crivain Pascal Quignard, le b\u00fbto. La dessinatrice a d\u00e9j\u00e0 travaill\u00e9 sur cette danse-th\u00e9\u00e2tre japonaise par le pass\u00e9 (Frapper le sol \u2013 Actes Sud \u2013 2016, biographie de Tatsumi Hijikata, inventeur de cet art). Dans un livre-dialogue ouvert la dessinatrice s\u2019immisce dans l\u2019univers de l\u2019\u00e9crivain pour en tirer des images sublim\u00e9es par des couleurs tr\u00e8s sensorielles. C\u2019est tout \u00e0 la fois beau, troublant et profond, \u00e0 l\u2019image de l\u2019\u0153uvre construite par son autrice.<br \/><strong>C\u00e9line Wagner \u2013 Des oiseaux dans le ciel d\u2019un th\u00e9\u00e2tre \u2013 Les Impressions Nouvelles<\/strong><\/p>\n","protected":false},"excerpt":{"rendered":"Place \u00e0 notre S\u00e9lection BD ind\u00e9pendante du MaXoE Festival 2025 ! Comme vous le savez, depuis les toutes&hellip;\n","protected":false},"author":2,"featured_media":179084,"comment_status":"","ping_status":"","sticky":false,"template":"","format":"standard","meta":{"footnotes":""},"categories":[1357],"tags":[1867,2566,3734,4733,1379,650,1386,58,59,1349,1011,27,26281,311,2070,1036,1380,6681,26280,873,60],"class_list":{"0":"post-179083","1":"post","2":"type-post","3":"status-publish","4":"format-standard","5":"has-post-thumbnail","7":"category-livres","8":"tag-animaux","9":"tag-anime","10":"tag-art","11":"tag-associations","12":"tag-books","13":"tag-cinema","14":"tag-design","15":"tag-divertissement","16":"tag-entertainment","17":"tag-expositions","18":"tag-fr","19":"tag-france","20":"tag-hi-tech","21":"tag-informatique","22":"tag-japon","23":"tag-jeux-video","24":"tag-livres","25":"tag-manga","26":"tag-mobile","27":"tag-musique","28":"tag-sports"},"share_on_mastodon":{"url":"https:\/\/pubeurope.com\/@fr\/114689055416558658","error":""},"_links":{"self":[{"href":"https:\/\/www.europesays.com\/fr\/wp-json\/wp\/v2\/posts\/179083","targetHints":{"allow":["GET"]}}],"collection":[{"href":"https:\/\/www.europesays.com\/fr\/wp-json\/wp\/v2\/posts"}],"about":[{"href":"https:\/\/www.europesays.com\/fr\/wp-json\/wp\/v2\/types\/post"}],"author":[{"embeddable":true,"href":"https:\/\/www.europesays.com\/fr\/wp-json\/wp\/v2\/users\/2"}],"replies":[{"embeddable":true,"href":"https:\/\/www.europesays.com\/fr\/wp-json\/wp\/v2\/comments?post=179083"}],"version-history":[{"count":0,"href":"https:\/\/www.europesays.com\/fr\/wp-json\/wp\/v2\/posts\/179083\/revisions"}],"wp:featuredmedia":[{"embeddable":true,"href":"https:\/\/www.europesays.com\/fr\/wp-json\/wp\/v2\/media\/179084"}],"wp:attachment":[{"href":"https:\/\/www.europesays.com\/fr\/wp-json\/wp\/v2\/media?parent=179083"}],"wp:term":[{"taxonomy":"category","embeddable":true,"href":"https:\/\/www.europesays.com\/fr\/wp-json\/wp\/v2\/categories?post=179083"},{"taxonomy":"post_tag","embeddable":true,"href":"https:\/\/www.europesays.com\/fr\/wp-json\/wp\/v2\/tags?post=179083"}],"curies":[{"name":"wp","href":"https:\/\/api.w.org\/{rel}","templated":true}]}}