{"id":17909,"date":"2025-04-11T18:00:31","date_gmt":"2025-04-11T18:00:31","guid":{"rendered":"https:\/\/www.europesays.com\/fr\/17909\/"},"modified":"2025-04-11T18:00:31","modified_gmt":"2025-04-11T18:00:31","slug":"des-jet-skis-voles-en-espagne-vont-etre-remis-a-leurs-proprietaires-suedois","status":"publish","type":"post","link":"https:\/\/www.europesays.com\/fr\/17909\/","title":{"rendered":"des jet-skis vol\u00e9s en Espagne vont \u00eatre remis \u00e0 leurs propri\u00e9taires su\u00e9dois"},"content":{"rendered":"<p>            Par<br \/>\n        <strong><br \/>\n            <a href=\"https:\/\/actu.fr\/auteur\/thomas-bernard\" title=\"Consulter tous les articles de Thomas Bernard\" rel=\"nofollow noopener\" target=\"_blank\">Thomas Bernard<\/a><br \/>\n        <\/strong><\/p>\n<p>        Publi\u00e9 le<\/p>\n<p>            11 avr. 2025 \u00e0 16h43        <\/p>\n<p>De l\u2019Andalousie \u00e0 Nantes, il n\u2019y a qu\u2019un pas ou presque. Stationn\u00e9s sur le parking du commissariat de Nantes, <strong>deux jet-skis<\/strong>, d\u00e9rob\u00e9s \u00e0 Estepona (Espagne), vont \u00eatre remis \u00e0 leurs propri\u00e9taires su\u00e9dois. R\u00e9cit.<\/p>\n<p>Retrouv\u00e9s \u00e0 Saint-Herblain<\/p>\n<p class=\" wall-content\">Ce mercredi 9\u00a0avril, la brigade d\u2019atteinte aux biens (BAB), la brigade anticriminalit\u00e9 (BAC) et la brigade surveillance et intervention (BSI) prennent la direction du boulevard Marcel-Paul \u00e0 <a href=\"https:\/\/actu.fr\/pays-de-la-loire\/saint-herblain_44162\" rel=\"nofollow noopener\" target=\"_blank\">Saint-Herblain<\/a>.<\/p>\n<p class=\" wall-content\">Les policiers retrouvent deux jet-skis, une remorque et une camionnette, tous mis en vente sur un site d\u2019annonces en ligne. Les scooters des mers avaient \u00e9t\u00e9 d\u00e9rob\u00e9s dans le parking d\u2019une r\u00e9sidence \u00e0 Estepona, cit\u00e9 baln\u00e9aire, situ\u00e9e pr\u00e8s de Marbella, entre <strong>le 26\u00a0f\u00e9vrier et le 5\u00a0mars 2025<\/strong>.<\/p>\n<p class=\" wall-content\">\u00ab\u2009L\u2019utilitaire avait \u00e9t\u00e9 vol\u00e9 par effraction le 29\u00a0octobre 2024 \u00e0 Saint-Andr\u00e9-des-Eaux (Loire-Atlantique)\u2009\u00bb, confie un policier.<\/p>\n<p>Vid\u00e9os : en ce moment sur ActuUn homme interpell\u00e9<\/p>\n<p class=\" wall-content\">Les enqu\u00eateurs nantais ont interpell\u00e9 <strong>un homme de 34\u00a0ans.<\/strong> Plac\u00e9 en garde \u00e0 vue, il a reconnu les faits de recel, mais conteste le vol.<\/p>\n<p class=\" wall-content\">\u00ab\u2009Il dit avoir pay\u00e9 la camionnette pour 500\u00a0euros et les jet-skis pour 15\u2009000\u00a0euros\u2009\u00bb, explique-t-on \u00e0 Waldeck-Rousseau.<\/p>\n<p class=\" wall-content\">Le trentenaire envisageait de revendre les v\u00e9hicules nautiques \u00e0 moteur pour<strong> 24\u2009000\u00a0euros,<\/strong> l\u2019unit\u00e9. D\u2019apr\u00e8s une source proche du dossier, chaque jet-ski serait estim\u00e9 \u00e0 30\u2009000\u00a0euros.<\/p>\n<p class=\" wall-content\">Suivez toute l\u2019actualit\u00e9 de vos villes et m\u00e9dias favoris en vous inscrivant \u00e0 <a href=\"https:\/\/moncompte.actu.fr\" title=\"D\u00e9couvez Mon Actu\" rel=\"nofollow noopener\" data-trk=\"{&quot;cta&quot;:{&quot;action&quot;:&quot;https:\\\/\\\/moncompte.actu.fr&quot;,&quot;category&quot;:&quot;mon compte&quot;,&quot;from&quot;:&quot;article footer&quot;,&quot;name&quot;:&quot;Mon actu&quot;,&quot;type&quot;:&quot;cta&quot;}}\" target=\"_blank\">Mon Actu<\/a>.<\/p>\n","protected":false},"excerpt":{"rendered":"Par Thomas Bernard Publi\u00e9 le 11 avr. 2025 \u00e0 16h43 De l\u2019Andalousie \u00e0 Nantes, il n\u2019y a qu\u2019un&hellip;\n","protected":false},"author":2,"featured_media":17910,"comment_status":"","ping_status":"","sticky":false,"template":"","format":"standard","meta":{"footnotes":""},"categories":[2818],"tags":[1111,11,1174,123,1777,674,118,1011,27,766,12,2636,25,7199],"class_list":{"0":"post-17909","1":"post","2":"type-post","3":"status-publish","4":"format-standard","5":"has-post-thumbnail","7":"category-nantes","8":"tag-actu","9":"tag-actualites","10":"tag-cambriolage","11":"tag-espagne","12":"tag-eu","13":"tag-europe","14":"tag-faits-divers","15":"tag-fr","16":"tag-france","17":"tag-nantes","18":"tag-news","19":"tag-pays-de-la-loire","20":"tag-republique-francaise","21":"tag-suede"},"share_on_mastodon":{"url":"https:\/\/pubeurope.com\/@fr\/114320639536344133","error":""},"_links":{"self":[{"href":"https:\/\/www.europesays.com\/fr\/wp-json\/wp\/v2\/posts\/17909","targetHints":{"allow":["GET"]}}],"collection":[{"href":"https:\/\/www.europesays.com\/fr\/wp-json\/wp\/v2\/posts"}],"about":[{"href":"https:\/\/www.europesays.com\/fr\/wp-json\/wp\/v2\/types\/post"}],"author":[{"embeddable":true,"href":"https:\/\/www.europesays.com\/fr\/wp-json\/wp\/v2\/users\/2"}],"replies":[{"embeddable":true,"href":"https:\/\/www.europesays.com\/fr\/wp-json\/wp\/v2\/comments?post=17909"}],"version-history":[{"count":0,"href":"https:\/\/www.europesays.com\/fr\/wp-json\/wp\/v2\/posts\/17909\/revisions"}],"wp:featuredmedia":[{"embeddable":true,"href":"https:\/\/www.europesays.com\/fr\/wp-json\/wp\/v2\/media\/17910"}],"wp:attachment":[{"href":"https:\/\/www.europesays.com\/fr\/wp-json\/wp\/v2\/media?parent=17909"}],"wp:term":[{"taxonomy":"category","embeddable":true,"href":"https:\/\/www.europesays.com\/fr\/wp-json\/wp\/v2\/categories?post=17909"},{"taxonomy":"post_tag","embeddable":true,"href":"https:\/\/www.europesays.com\/fr\/wp-json\/wp\/v2\/tags?post=17909"}],"curies":[{"name":"wp","href":"https:\/\/api.w.org\/{rel}","templated":true}]}}