{"id":179091,"date":"2025-06-15T19:37:11","date_gmt":"2025-06-15T19:37:11","guid":{"rendered":"https:\/\/www.europesays.com\/fr\/179091\/"},"modified":"2025-06-15T19:37:11","modified_gmt":"2025-06-15T19:37:11","slug":"ce-legume-qui-favorise-la-perte-de-poids-et-stimule-le-metabolisme","status":"publish","type":"post","link":"https:\/\/www.europesays.com\/fr\/179091\/","title":{"rendered":"Ce l\u00e9gume qui favorise la perte de poids et stimule le m\u00e9tabolisme"},"content":{"rendered":"<p class=\"post-excerpt\">Une \u00e9tude r\u00e9cente met en lumi\u00e8re un l\u00e9gume qui favorise la perte de poids du quotidien et capable d\u2019acc\u00e9l\u00e9rer le m\u00e9tabolisme. D\u00e9couvrez les m\u00e9canismes scientifiques derri\u00e8re cette d\u00e9couverte et ce que les experts en nutrition en pensent.<\/p>\n<p>Chaque jour, de nombreuses personnes cherchent des moyens efficaces pour stimuler leur m\u00e9tabolisme. Et favoriser la perte de poids plus facilement. Si l\u2019alimentation joue un r\u00f4le cl\u00e9, une r\u00e9cente \u00e9tude am\u00e9ricaine sugg\u00e8re qu\u2019un l\u00e9gume en particulier pourrait avoir un impact rapide et significatif sur la perte de poids selon <a href=\"https:\/\/www.topsante.com\/minceur\/nutrition_minceur\/ce-legume-pourrait-modifier-le-metabolisme-en-7-jours-et-accelerer-la-perte-de-poids-lastuce-dune-nutritionniste-pour-que-ca-fonctionne-916665\" target=\"_blank\" rel=\"noopener nofollow\">Top Sant\u00e9<\/a>. Cette recherche, men\u00e9e par des scientifiques de la Northern State University, montre que la consommation r\u00e9guli\u00e8re de ce <a href=\"https:\/\/www.aufeminin.com\/manger-equilibre\/je-suis-sage-femme-et-voici-le-legume-que-je-conseille-de-manger-chaque-jour-aux-femmes-de-50-ans-s4107407.html\" target=\"_blank\" rel=\"noopener nofollow\">l\u00e9gume<\/a> pourrait modifier le fonctionnement du m\u00e9tabolisme en seulement quelques jours. <strong>Cette avanc\u00e9e soul\u00e8ve de nombreuses questions : ce l\u00e9gume est-il vraiment un alli\u00e9 minceur ? Et comment agit-il dans notre corps ?<\/strong><\/p>\n<p>Il est essentiel de rappeler que la <a href=\"https:\/\/www.aufeminin.com\/conseils-maigrir\/perte-de-poids-cette-astuce-d-un-medecin-permet-de-perdre-3-kilos-en-3-mois-sans-rien-changer-a-votre-alimentation-s4096006.html\" target=\"_blank\" rel=\"noopener nofollow\">perte de poids<\/a> durable repose sur une alimentation \u00e9quilibr\u00e9e et une <a href=\"https:\/\/www.aufeminin.com\/sports-femme\/pratiquer-quotidiennement-cette-activite-physique-toute-simple-pourrait-rallonger-votre-vie-de-10-ans-s4100239.html\" target=\"_blank\" rel=\"noopener nofollow\">activit\u00e9 physique<\/a> adapt\u00e9e. Pourtant, certains composants naturels contenus dans cet aliment semblent agir en synergie pour soutenir le corps dans ses efforts. <strong>Ce l\u00e9gume, riche en fibres et en antioxydants, pourrait donc bien \u00eatre une aide pr\u00e9cieuse pour ceux qui souhaitent g\u00e9rer leur poids de mani\u00e8re naturelle<\/strong>. <\/p>\n<p> Les bienfaits de ce l\u00e9gume sur le m\u00e9tabolisme <\/p>\n<p>Il s\u2019agit ici de <strong>la tomate<\/strong>, un fruit souvent consomm\u00e9 comme un l\u00e9gume. Qui fait l\u2019objet de cette \u00e9tude prometteuse. Les chercheurs ont particuli\u00e8rement \u00e9tudi\u00e9 un compos\u00e9 sp\u00e9cifique pr\u00e9sent dans la tomate : le lycop\u00e8ne. <strong>Ce puissant antioxydant est reconnu pour ses propri\u00e9t\u00e9s anti-inflammatoires. Et pour ses bienfaits sur la sant\u00e9 cardiovasculaire<\/strong>. Selon les r\u00e9sultats de l\u2019\u00e9tude, le lycop\u00e8ne pourrait influencer le m\u00e9tabolisme en agissant de mani\u00e8re similaire aux \u0153strog\u00e8nes. Hormones impliqu\u00e9es notamment dans la r\u00e9gulation du poids corporel. Ainsi, une consommation r\u00e9guli\u00e8re pourrait limiter la prise de poids en modulant certains m\u00e9canismes m\u00e9taboliques.<\/p>\n<p>La di\u00e9t\u00e9ticienne C\u00e9line Merendet explique toutefois que \u00ab\u00a0<strong>le lycop\u00e8ne n\u2019est pas un br\u00fbleur de graisse direct, mais il peut aider indirectement \u00e0 perdre du poids<\/strong>\u00ab\u00a0. Elle souligne que cet antioxydant aide \u00e0 r\u00e9duire l\u2019inflammation chronique. Souvent li\u00e9e au surpoids, am\u00e9liore la sensibilit\u00e9 \u00e0 l\u2019insuline et prot\u00e8ge contre les troubles m\u00e9taboliques comme le diab\u00e8te ou l\u2019ob\u00e9sit\u00e9. Par ailleurs, la tomate est peu calorique, riche en eau et en fibres. Ce qui contribue \u00e0 augmenter la sensation de sati\u00e9t\u00e9, un atout dans le cadre d\u2019un r\u00e9gime hypocalorique.<\/p>\n<p><img loading=\"lazy\" itemprop=\"thumbnailUrl\" decoding=\"async\" class=\"alignnone size-full wp-image-2629315 img-responsive  pinit-here\" src=\"https:\/\/www.europesays.com\/fr\/wp-content\/uploads\/2025\/06\/shutterstock_2599579495-2.jpg\" alt=\"Les bienfaits de ce l\u00e9gume sur le m\u00e9tabolisme\" width=\"1024\" height=\"683\" data-pin-media=\"https:\/\/sf2.afcdn.com\/wp-content\/uploads\/aufeminin\/2025\/06\/shutterstock_2599579495-2-736x491.jpg\"\/> \u00a9  kateryna labyk \/ Shutterstock<\/p>\n<p> Comment consommer la tomate pour maximiser la perte de poids\u00a0? <\/p>\n<p>Pour b\u00e9n\u00e9ficier pleinement du lycop\u00e8ne, la mani\u00e8re de consommer la tomate a son importance. En effet, sa biodisponibilit\u00e9, c\u2019est-\u00e0-dire la capacit\u00e9 du corps \u00e0 l\u2019absorber, augmente nettement lorsque la tomate est cuite avec un corps gras. \u00ab\u00a0C\u2019est bon pour la sant\u00e9 et \u00e7a peut soutenir une perte de poids, en compl\u00e9ment d\u2019une bonne alimentation et d\u2019une activit\u00e9 physique r\u00e9guli\u00e8re\u00a0\u00bb, pr\u00e9cise C\u00e9line Merendet. Ainsi, <strong>privil\u00e9gier des recettes comme des sauces maison \u00e0 l\u2019huile d\u2019olive ou des versions s\u00e9ch\u00e9es permet d\u2019optimiser les effets b\u00e9n\u00e9fiques<\/strong>.<\/p>\n<p><strong>Cette d\u00e9couverte invite \u00e0 red\u00e9couvrir la tomate dans notre cuisine quotidienne<\/strong>, en profitant de ses multiples vertus pour la sant\u00e9 globale et la gestion du poids. Sans pr\u00e9tendre \u00e0 un effet miraculeux, sa consommation r\u00e9guli\u00e8re, int\u00e9gr\u00e9e dans un mode de vie sain, pourrait bien devenir un alli\u00e9 de choix pour ceux qui souhaitent stimuler leur m\u00e9tabolisme et \u00e9viter la prise de kilos superflus.<\/p>\n","protected":false},"excerpt":{"rendered":"Une \u00e9tude r\u00e9cente met en lumi\u00e8re un l\u00e9gume qui favorise la perte de poids du quotidien et capable&hellip;\n","protected":false},"author":2,"featured_media":179092,"comment_status":"","ping_status":"","sticky":false,"template":"","format":"standard","meta":{"footnotes":""},"categories":[10],"tags":[31597,1011,27,72,30632,4991,71],"class_list":{"0":"post-179091","1":"post","2":"type-post","3":"status-publish","4":"format-standard","5":"has-post-thumbnail","7":"category-sante","8":"tag-corps-perte-de-poids","9":"tag-fr","10":"tag-france","11":"tag-health","12":"tag-legume","13":"tag-nutrition","14":"tag-sante"},"share_on_mastodon":{"url":"https:\/\/pubeurope.com\/@fr\/114689071123763853","error":""},"_links":{"self":[{"href":"https:\/\/www.europesays.com\/fr\/wp-json\/wp\/v2\/posts\/179091","targetHints":{"allow":["GET"]}}],"collection":[{"href":"https:\/\/www.europesays.com\/fr\/wp-json\/wp\/v2\/posts"}],"about":[{"href":"https:\/\/www.europesays.com\/fr\/wp-json\/wp\/v2\/types\/post"}],"author":[{"embeddable":true,"href":"https:\/\/www.europesays.com\/fr\/wp-json\/wp\/v2\/users\/2"}],"replies":[{"embeddable":true,"href":"https:\/\/www.europesays.com\/fr\/wp-json\/wp\/v2\/comments?post=179091"}],"version-history":[{"count":0,"href":"https:\/\/www.europesays.com\/fr\/wp-json\/wp\/v2\/posts\/179091\/revisions"}],"wp:featuredmedia":[{"embeddable":true,"href":"https:\/\/www.europesays.com\/fr\/wp-json\/wp\/v2\/media\/179092"}],"wp:attachment":[{"href":"https:\/\/www.europesays.com\/fr\/wp-json\/wp\/v2\/media?parent=179091"}],"wp:term":[{"taxonomy":"category","embeddable":true,"href":"https:\/\/www.europesays.com\/fr\/wp-json\/wp\/v2\/categories?post=179091"},{"taxonomy":"post_tag","embeddable":true,"href":"https:\/\/www.europesays.com\/fr\/wp-json\/wp\/v2\/tags?post=179091"}],"curies":[{"name":"wp","href":"https:\/\/api.w.org\/{rel}","templated":true}]}}