{"id":179095,"date":"2025-06-15T19:39:09","date_gmt":"2025-06-15T19:39:09","guid":{"rendered":"https:\/\/www.europesays.com\/fr\/179095\/"},"modified":"2025-06-15T19:39:09","modified_gmt":"2025-06-15T19:39:09","slug":"jazz-et-laurent-font-une-enorme-precision-apres-avoir-annonce-leur-rupture-sur-instagram","status":"publish","type":"post","link":"https:\/\/www.europesays.com\/fr\/179095\/","title":{"rendered":"Jazz et Laurent font une \u00e9norme pr\u00e9cision apr\u00e8s avoir annonc\u00e9 leur rupture sur Instagram"},"content":{"rendered":"<p>C\u2019est une annonce qui a secou\u00e9 tout l\u2019univers de la t\u00e9l\u00e9-r\u00e9alit\u00e9 : Jazz et Laurent Correia ne seraient plus ensemble. <strong>Apr\u00e8s huit ans d\u2019amour,<\/strong> quatre enfants et des ann\u00e9es de t\u00e9l\u00e9-r\u00e9alit\u00e9 avec la JLC Family, le couple embl\u00e9matique semblait suivre le m\u00eame chemin que Gims et Demdem, qui ont officialis\u00e9 leur s\u00e9paration ce week-end. Mais comme toujours avec Jazz et Laurent\u2026 <strong>rien n\u2019est jamais simple.<\/strong><\/p>\n<p>\u00ab\u00a0Elle ne me repr\u00e9sente plus\u00a0\u00bb : Laurent annonce sa rupture choc avec Jazz sur Instagram <\/p>\n<p>Tout a commenc\u00e9 avec une story Instagram, post\u00e9e par Laurent en anglais, <a href=\"https:\/\/www.public.fr\/apres-gims-et-demdem-jazz-et-laurent-annoncent-leur-rupture-officiellement\" target=\"_blank\" rel=\"noopener\">dans laquelle il confiait ne plus \u00eatre avec Jazz.<\/a> Le message, direct et sans d\u00e9tour, <strong>a glac\u00e9 les fans : <\/strong>\u00ab Nous ne sommes plus ensemble. C\u2019est la m\u00e8re de mes enfants et je la respecterai toujours pour cela. Mais elle ne me repr\u00e9sente plus. Nous avons partag\u00e9 huit ans, construit une vie, \u00e9lev\u00e9 quatre magnifiques enfants\u2026 <strong>mais ce chapitre est clos. \u00bb.<\/strong> Boum.<\/p>\n<p>Pour \u00e9viter toute confusion (et probablement calmer les curieux), Laurent enfonce le clou : \u00ab Soyons clairs : si vous croisez mon ex-femme en bo\u00eete ou avec d\u2019autres hommes, sachez que nous ne sommes plus ensemble. \u00bb. Et d\u2019ajouter : \u00ab Nous sommes toujours mari\u00e9s l\u00e9galement, <strong>mais nous vivons s\u00e9par\u00e9s. \u00bb.<\/strong><\/p>\n<p>Coup de th\u00e9\u00e2tre quelques heures plus tard<\/p>\n<p>Un message qui tombe le jour de la f\u00eate des p\u00e8res, et qui prend tout le monde de court. Et surtout, qui r\u00e9sonne de fa\u00e7on encore plus brutale quand on apprend que <strong>Laurent s\u2019occupe seul des enfants<\/strong> \u2013 Chelsea, Cayden, Love et London Sky \u2013 pendant que Jazz tourne, de son c\u00f4t\u00e9, la saison 8 de la JLC Family\u2026 sans lui. \u00ab Ce n\u2019est plus un secret : <strong>nous avons pris des chemins diff\u00e9rents \u00bb,<\/strong> \u00e9crit-il. \u00ab Je m\u2019occupe de mes enfants au quotidien et je veille \u00e0 ma tranquillit\u00e9. \u00bb. Voil\u00e0 qui semblait bien confirmer la rupture.<\/p>\n<p>Mais attendez\u2026 retournement de situation ! Quelques heures apr\u00e8s cette d\u00e9claration choc, nouvelle story, nouvelle version. Laurent revient sur ses propos\u2026 ou du moins, <strong>sur l\u2019origine du message.<\/strong> Il affirme que le post n\u2019a pas \u00e9t\u00e9 \u00e9crit par lui, mais par quelqu\u2019un ayant acc\u00e8s \u00e0 ses r\u00e9seaux, dans une volont\u00e9 manifeste de nuire : \u00ab Une story concernant jazz et moi a \u00e9t\u00e9 publi\u00e9 par quelqu&rsquo;un ayant acc\u00e8s \u00e0 mes r\u00e9seaux, <strong>avec manifestement l&rsquo;intention de nuire.<\/strong> Elle a \u00e9t\u00e9 supprim\u00e9e rapidement et la situation a \u00e9t\u00e9 r\u00e9gl\u00e9e en interne. Merci de ne pas donner d&rsquo;\u00e9cho \u00e0 de fausses informations. \u00bb.<\/p>\n<p><img loading=\"lazy\" decoding=\"async\" width=\"574\" height=\"1024\" src=\"https:\/\/www.europesays.com\/fr\/wp-content\/uploads\/2025\/06\/Jazz-et-Laurent-font-une-enorme-precision-apres-avoir-annonce-leur-rupture-sur-Instagram-1-574x1024..jpeg\" alt=\"Jazz et Laurent font une \u00e9norme pr\u00e9cision apr\u00e8s avoir annonc\u00e9 leur rupture sur Instagram\"  \/><\/p>\n<p>\u00a9\ufe0fInstagram \/ @noiambillionaire<\/p>\n<p>Jazz et Laurent : rupture, hacker ou coup de chaud ? Les fans ne savent plus quoi penser<\/p>\n<p>Ah bon ? Alors\u2026 rupture ou pas rupture ? Les fans sont perdus. La story a bien \u00e9t\u00e9 post\u00e9e sur son compte, et la formulation, plut\u00f4t intime, semblait <strong>difficilement \u00eatre l\u2019\u0153uvre d\u2019un hacker anonyme. <\/strong>Laurent essaie-t-il de calmer le jeu ? Ou de corriger un message post\u00e9 sous le coup de l\u2019\u00e9motion ? Myst\u00e8re. De son c\u00f4t\u00e9, Jazz garde le silence radio. Pas un mot sur ses r\u00e9seaux, <strong>pas de confirmation, pas de d\u00e9menti. <\/strong>Un silence qui entretient encore un peu plus le flou, au moment m\u00eame o\u00f9 la JLC Family a fait son grand retour sur TFX, depuis le 21 avril dernier. Le couple avait pourtant <strong>promis un nouveau d\u00e9part, <\/strong>apr\u00e8s trois ans de pause.<\/p>\n<p>Pour rappel, la JLC Family, c\u2019est leur vie version t\u00e9l\u00e9-r\u00e9alit\u00e9, entre villas de r\u00eave, disputes en famille, histoires de c\u0153ur et moments de tendresse. Une recette qui avait s\u00e9duit le public depuis 2019. Mais dans les coulisses, <strong>les tensions n\u2019ont jamais vraiment cess\u00e9 :<\/strong> trahisons, infid\u00e9lit\u00e9s suppos\u00e9es, crises \u00e0 r\u00e9p\u00e9tition\u2026 la t\u00e9l\u00e9 a parfois du mal \u00e0 cacher la r\u00e9alit\u00e9. Jazz avait m\u00eame annonc\u00e9 <a href=\"https:\/\/www.public.fr\/jazz-infidele-a-laurent-leur-fils-london-soumis-a-un-test-de-paternite-la-verite-enfin-devoilee\" target=\"_blank\" rel=\"noopener\">faire un test de paternit\u00e9 pour l\u2019un de ses enfants\u2026<\/a> Aujourd\u2019hui, <strong>les interrogations restent nombreuses. <\/strong>Sont-ils vraiment s\u00e9par\u00e9s ? Laurent a-t-il \u00e9t\u00e9 pirat\u00e9 ou simplement pris de remords apr\u00e8s avoir vid\u00e9 son sac ? Jazz va-t-elle prendre la parole ? Affaire \u00e0 suivre\u2026 sur Instagram, \u00e9videmment.<\/p>\n<p>      Mentionn\u00e9s dans cet article<\/p>\n<p>\u00c0 lire aussi<\/p>\n","protected":false},"excerpt":{"rendered":"C\u2019est une annonce qui a secou\u00e9 tout l\u2019univers de la t\u00e9l\u00e9-r\u00e9alit\u00e9 : Jazz et Laurent Correia ne seraient&hellip;\n","protected":false},"author":2,"featured_media":179096,"comment_status":"","ping_status":"","sticky":false,"template":"","format":"standard","meta":{"footnotes":""},"categories":[8],"tags":[58,59,1011,27,11256,11258],"class_list":{"0":"post-179095","1":"post","2":"type-post","3":"status-publish","4":"format-standard","5":"has-post-thumbnail","7":"category-divertissement","8":"tag-divertissement","9":"tag-entertainment","10":"tag-fr","11":"tag-france","12":"tag-jazz-correia","13":"tag-laurent-correia"},"share_on_mastodon":{"url":"https:\/\/pubeurope.com\/@fr\/114689079004626279","error":""},"_links":{"self":[{"href":"https:\/\/www.europesays.com\/fr\/wp-json\/wp\/v2\/posts\/179095","targetHints":{"allow":["GET"]}}],"collection":[{"href":"https:\/\/www.europesays.com\/fr\/wp-json\/wp\/v2\/posts"}],"about":[{"href":"https:\/\/www.europesays.com\/fr\/wp-json\/wp\/v2\/types\/post"}],"author":[{"embeddable":true,"href":"https:\/\/www.europesays.com\/fr\/wp-json\/wp\/v2\/users\/2"}],"replies":[{"embeddable":true,"href":"https:\/\/www.europesays.com\/fr\/wp-json\/wp\/v2\/comments?post=179095"}],"version-history":[{"count":0,"href":"https:\/\/www.europesays.com\/fr\/wp-json\/wp\/v2\/posts\/179095\/revisions"}],"wp:featuredmedia":[{"embeddable":true,"href":"https:\/\/www.europesays.com\/fr\/wp-json\/wp\/v2\/media\/179096"}],"wp:attachment":[{"href":"https:\/\/www.europesays.com\/fr\/wp-json\/wp\/v2\/media?parent=179095"}],"wp:term":[{"taxonomy":"category","embeddable":true,"href":"https:\/\/www.europesays.com\/fr\/wp-json\/wp\/v2\/categories?post=179095"},{"taxonomy":"post_tag","embeddable":true,"href":"https:\/\/www.europesays.com\/fr\/wp-json\/wp\/v2\/tags?post=179095"}],"curies":[{"name":"wp","href":"https:\/\/api.w.org\/{rel}","templated":true}]}}