{"id":179103,"date":"2025-06-15T19:43:14","date_gmt":"2025-06-15T19:43:14","guid":{"rendered":"https:\/\/www.europesays.com\/fr\/179103\/"},"modified":"2025-06-15T19:43:14","modified_gmt":"2025-06-15T19:43:14","slug":"un-deluge-sabat-sur-le-safari-de-peaugres-au-sud-de-lyon-le-parc-evacue","status":"publish","type":"post","link":"https:\/\/www.europesays.com\/fr\/179103\/","title":{"rendered":"un d\u00e9luge s&rsquo;abat sur le Safari de Peaugres au sud de Lyon, le parc \u00e9vacu\u00e9"},"content":{"rendered":"<p>            Par<br \/>\n        <strong><br \/>\n            <a href=\"https:\/\/actu.fr\/auteur\/redaction-lyon\" title=\"Consulter tous les articles de R\u00e9daction Lyon\" target=\"_blank\" rel=\"noopener\">R\u00e9daction Lyon<\/a><br \/>\n        <\/strong><\/p>\n<p>        Publi\u00e9 le<\/p>\n<p>            15 juin 2025 \u00e0 19h39        <\/p>\n<p>Un <a href=\"https:\/\/actu.fr\/meteo\/deux-morts-plus-de-70-000-eclairs-des-degats-le-bilan-des-orages-qui-ont-frappe-la-france-ce-week-end_62775609.html\" target=\"_blank\" rel=\"noopener\">orage<\/a> d\u2019une grande violence et un v\u00e9ritable d\u00e9luge. Un ph\u00e9nom\u00e8ne violent a touch\u00e9 tout un secteur du nord de l\u2019Ard\u00e8che au sud de la m\u00e9tropole lyonnaise \u00e0 environ 60 kilom\u00e8tres de <a href=\"https:\/\/actu.fr\/auvergne-rhone-alpes\/lyon_69123\" target=\"_blank\" rel=\"noopener\">Lyon<\/a>. Les communes d\u2019Annonay, de <strong>Peaugres, F\u00e9lines, Boulieu-les-Annonay et Davezieux<\/strong> ont \u00e9t\u00e9 les plus touch\u00e9es par un orage localis\u00e9 ce dimanche 15 juin 2025 dans l\u2019apr\u00e8s-midi.<\/p>\n<p>Fermeture en urgence \u00e0 cause du d\u00e9luge<\/p>\n<p class=\" wall-content\">Le <a href=\"https:\/\/actu.fr\/auvergne-rhone-alpes\/peaugres_07172\/pres-de-lyon-on-a-teste-l-incroyable-parcours-illumine-du-safari-de-peaugres-notre-avis_61935686.html\" target=\"_blank\" rel=\"noopener\">Safari de Peaugres<\/a>, un grand parc zoologique et parc animalier avec une exp\u00e9rience de safari en voiture, a \u00e9t\u00e9 fortement touch\u00e9 par les orages. Ce site touristique, bien connu des Lyonnais et des habitants de Rh\u00f4ne-Alpes, a d\u00fb <strong>fermer en urgence \u00e0 cause de la m\u00e9t\u00e9o<\/strong>.<\/p>\n<p class=\" wall-content\">\u00ab\u00a0Suite aux fortes intemp\u00e9ries qui ont frapp\u00e9 le parc aujourd\u2019hui, le Wow Safari Peaugres ne pourra exceptionnellement pas accueillir de visiteurs cet apr\u00e8s-midi du dimanche 15 juin. Heureusement, seuls des d\u00e9g\u00e2ts mat\u00e9riels sont \u00e0 d\u00e9plorer. Nos \u00e9quipes sont mobilis\u00e9es pour remettre tout en ordre et permettre une r\u00e9ouverture d\u00e8s demain\u00a0\u00bb, \u00e9crit la direction du parc sur Facebook dimanche.<\/p>\n<p>    <a href=\"https:\/\/www.facebook.com\/plugins\/post.php?href=https%3A%2F%2Fwww.facebook.com%2Fsafari.de.peaugres%2Fposts%2Fpfbid0f3QWKf7CMcPQv3jpDNt5KHuHunQUuSpsstX3en2jCiDcpN6ZWiU57gfweVvAiQGQl&amp;show_text=true&amp;width=350\" title=\"Ouvrie le lien\" target=\"_blank\" rel=\"noopener\">Cliquez ici pour visualiser le contenu<\/a><\/p>\n<p>Un animal tu\u00e9, des arbres couch\u00e9s, visiteurs \u00e9vacu\u00e9s\u2026<\/p>\n<p class=\" wall-content\">Le Wow Safari Peaugres (ex-Safari de Peaugres) a d\u00fb g\u00e9rer rapidement un orage violent en pleine apr\u00e8s-midi. Des centaines de visiteurs pr\u00e9sents dans le zoo ont d\u00fb \u00eatre \u00e9vacu\u00e9s en urgence et le parc a d\u00fb \u00eatre ferm\u00e9. Les animaux ont d\u00fb \u00eatre mis en s\u00e9curit\u00e9 par le personnel du parc.\u00a0<\/p>\n<p>Vid\u00e9os : en ce moment sur Actu<\/p>\n<p class=\" wall-content\">\u00ab\u00a0On y \u00e9tait, c\u2019\u00e9tait impressionnant\u00a0\u00bb, t\u00e9moigne une visiteur qui \u00e9voque \u00ab\u00a0\u00e9norm\u00e9ment d\u2019arbres couch\u00e9s\u00a0\u00bb, \u00ab\u00a0un d\u00e9luge de gr\u00eale\u00a0\u00bb et \u00ab\u00a0des vents \u00e0 tous casser\u00a0\u00bb sur le parc animalier.<\/p>\n<p class=\" wall-content\">\n    <img   decoding=\"async\" loading=\"lazy\" src=\"https:\/\/www.europesays.com\/fr\/wp-content\/uploads\/2025\/06\/capture-decran-2025-06-15-a-192558-960x640.png\" alt=\"Un d\u00e9luge touche ce dimanche le Safari de Peaugres au sud de Lyon, en Ard\u00e8che.\" width=\"960\" height=\"640\"\/><br \/>\n    Un d\u00e9luge touche ce dimanche le Safari de Peaugres au sud de Lyon, en Ard\u00e8che. (\u00a9DR)<br \/>\n    <img   decoding=\"async\" loading=\"lazy\" src=\"https:\/\/www.europesays.com\/fr\/wp-content\/uploads\/2025\/06\/506355023-18058112066193258-1658246052832650901-n-960x640.jpeg\" alt=\"Un d\u00e9luge touche ce dimanche le Safari de Peaugres au sud de Lyon, en Ard\u00e8che.\" width=\"960\" height=\"640\"\/><br \/>\n    Un d\u00e9luge touche ce dimanche le Safari de Peaugres au sud de Lyon, en Ard\u00e8che. (\u00a9DR)<br \/>\n    <img   decoding=\"async\" loading=\"lazy\" src=\"https:\/\/www.europesays.com\/fr\/wp-content\/uploads\/2025\/06\/506356719-18058112057193258-826295306439447763-n-960x640.jpeg\" alt=\"Un d\u00e9luge touche ce dimanche le Safari de Peaugres au sud de Lyon, en Ard\u00e8che.\" width=\"960\" height=\"640\"\/><br \/>\n    Un d\u00e9luge touche ce dimanche le Safari de Peaugres au sud de Lyon, en Ard\u00e8che. (\u00a9DR)<br \/>\n    <img   decoding=\"async\" loading=\"lazy\" src=\"https:\/\/www.europesays.com\/fr\/wp-content\/uploads\/2025\/06\/508167361-10161589584669016-4264809934707132794-n-720x640.jpg\" alt=\"Un d\u00e9luge touche ce dimanche le Safari de Peaugres au sud de Lyon, en Ard\u00e8che.\" width=\"720\" height=\"640\"\/><br \/>\n    Un d\u00e9luge touche ce dimanche le Safari de Peaugres au sud de Lyon, en Ard\u00e8che. (\u00a9DR)<\/p>\n<p class=\" wall-content\">Des visiteurs sont rest\u00e9s coinc\u00e9s dans leur v\u00e9hicule sur le parcours r\u00e9serv\u00e9 aux voitures au milieu des animaux. Le personnel a d\u00fb venir aider les personnes coinc\u00e9es.\u00a0<\/p>\n<p class=\" wall-content\">Selon <a href=\"https:\/\/france3-regions.franceinfo.fr\/auvergne-rhone-alpes\/ardeche\/j-ai-eu-la-peur-de-ma-vie-des-bottes-de-foin-sur-la-voie-rapide-arbres-deracines-vents-violents-l-ardeche-touchee-par-de-violents-orages-3171285.html\" target=\"_blank\" rel=\"noopener\">France 3<\/a>, un paon serait d\u00e9c\u00e9d\u00e9 apr\u00e8s la chute d\u2019un arbre. Le parc doit rouvrir lundi mais tous les d\u00e9g\u00e2ts ne sont pas encore r\u00e9par\u00e9s. Il n\u2019y a pas eu de bless\u00e9s.<\/p>\n<p class=\" wall-content\">Le d\u00e9partement de l\u2019Ard\u00e8che comme celui du Rh\u00f4ne, de l\u2019Is\u00e8re, l\u2019Ain, la Dr\u00f4me, la Savoie, la Haute-Savoie \u00e9taient en vigilance orange aux orages ce dimanche. Une alerte lev\u00e9e en fin de journ\u00e9e pour \u00eatre baiss\u00e9e au niveau jaune.<\/p>\n<p class=\" wall-content\">Suivez toute l\u2019actualit\u00e9 de vos villes et m\u00e9dias favoris en vous inscrivant \u00e0 <a href=\"https:\/\/moncompte.actu.fr\" title=\"D\u00e9couvez Mon Actu\" rel=\"nofollow noopener\" data-trk=\"{&quot;cta&quot;:{&quot;action&quot;:&quot;https:\\\/\\\/moncompte.actu.fr&quot;,&quot;category&quot;:&quot;mon compte&quot;,&quot;from&quot;:&quot;article footer&quot;,&quot;name&quot;:&quot;Mon actu&quot;,&quot;type&quot;:&quot;cta&quot;}}\" target=\"_blank\">Mon Actu<\/a>.<\/p>\n","protected":false},"excerpt":{"rendered":"Par R\u00e9daction Lyon Publi\u00e9 le 15 juin 2025 \u00e0 19h39 Un orage d\u2019une grande violence et un v\u00e9ritable&hellip;\n","protected":false},"author":2,"featured_media":179104,"comment_status":"","ping_status":"","sticky":false,"template":"","format":"standard","meta":{"footnotes":""},"categories":[4],"tags":[11,1011,27,3059,2487,12,4594,25],"class_list":{"0":"post-179103","1":"post","2":"type-post","3":"status-publish","4":"format-standard","5":"has-post-thumbnail","7":"category-france","8":"tag-actualites","9":"tag-fr","10":"tag-france","11":"tag-intemperies","12":"tag-meteo","13":"tag-news","14":"tag-orages","15":"tag-republique-francaise"},"share_on_mastodon":{"url":"https:\/\/pubeurope.com\/@fr\/114689095188525661","error":""},"_links":{"self":[{"href":"https:\/\/www.europesays.com\/fr\/wp-json\/wp\/v2\/posts\/179103","targetHints":{"allow":["GET"]}}],"collection":[{"href":"https:\/\/www.europesays.com\/fr\/wp-json\/wp\/v2\/posts"}],"about":[{"href":"https:\/\/www.europesays.com\/fr\/wp-json\/wp\/v2\/types\/post"}],"author":[{"embeddable":true,"href":"https:\/\/www.europesays.com\/fr\/wp-json\/wp\/v2\/users\/2"}],"replies":[{"embeddable":true,"href":"https:\/\/www.europesays.com\/fr\/wp-json\/wp\/v2\/comments?post=179103"}],"version-history":[{"count":0,"href":"https:\/\/www.europesays.com\/fr\/wp-json\/wp\/v2\/posts\/179103\/revisions"}],"wp:featuredmedia":[{"embeddable":true,"href":"https:\/\/www.europesays.com\/fr\/wp-json\/wp\/v2\/media\/179104"}],"wp:attachment":[{"href":"https:\/\/www.europesays.com\/fr\/wp-json\/wp\/v2\/media?parent=179103"}],"wp:term":[{"taxonomy":"category","embeddable":true,"href":"https:\/\/www.europesays.com\/fr\/wp-json\/wp\/v2\/categories?post=179103"},{"taxonomy":"post_tag","embeddable":true,"href":"https:\/\/www.europesays.com\/fr\/wp-json\/wp\/v2\/tags?post=179103"}],"curies":[{"name":"wp","href":"https:\/\/api.w.org\/{rel}","templated":true}]}}