{"id":179107,"date":"2025-06-15T19:45:11","date_gmt":"2025-06-15T19:45:11","guid":{"rendered":"https:\/\/www.europesays.com\/fr\/179107\/"},"modified":"2025-06-15T19:45:11","modified_gmt":"2025-06-15T19:45:11","slug":"saint-etienne-derniere-representation-de-lenlevement-au-serail-ce-mardi-a-lopera","status":"publish","type":"post","link":"https:\/\/www.europesays.com\/fr\/179107\/","title":{"rendered":"Saint-\u00c9tienne. Derni\u00e8re repr\u00e9sentation de L\u2019Enl\u00e8vement au s\u00e9rail , ce mardi, \u00e0 l\u2019Op\u00e9ra"},"content":{"rendered":"<p>Apr\u00e8s avoir interpr\u00e9t\u00e9 \u00e0 Saint-\u00c9tienne La Traviata en italien et Tha\u00efs  en fran\u00e7ais, la jeune soprano espagnole Ruth Iniesta donnera la mesure de l\u2019\u00e9tendue de son talent en chantant, en allemand, le r\u00f4le de Konstanze dans L\u2019Enl\u00e8vement au s\u00e9rail , de Mozart. Cette cr\u00e9ation de l\u2019Op\u00e9ra de Saint-\u00c9tienne est mise en sc\u00e8ne par Jean-Christophe Mast, et l\u2019orchestre dirig\u00e9 par le chef principal, Giuseppe Grazioli.<\/p>\n<p class=\"note\">Mardi 17\u00a0juin \u00e0 20\u00a0heures. Op\u00e9ra Saint-Etienne. Tarifs\u00a0: de 10 \u00e0 63\u00a0euros. Renseignements\u00a0: https:\/\/opera.saint-etienne.fr<\/p>\n","protected":false},"excerpt":{"rendered":"Apr\u00e8s avoir interpr\u00e9t\u00e9 \u00e0 Saint-\u00c9tienne La Traviata en italien et Tha\u00efs en fran\u00e7ais, la jeune soprano espagnole Ruth&hellip;\n","protected":false},"author":2,"featured_media":179108,"comment_status":"","ping_status":"","sticky":false,"template":"","format":"standard","meta":{"footnotes":""},"categories":[9653],"tags":[1111,11,2430,1687,7539,1777,674,1011,27,12,25,4001,7538,3140],"class_list":{"0":"post-179107","1":"post","2":"type-post","3":"status-publish","4":"format-standard","5":"has-post-thumbnail","7":"category-saint-etienne","8":"tag-actu","9":"tag-actualites","10":"tag-auvergne-rhone-alpes","11":"tag-culture-loisirs","12":"tag-edition-loire-sud","13":"tag-eu","14":"tag-europe","15":"tag-fr","16":"tag-france","17":"tag-news","18":"tag-republique-francaise","19":"tag-saint-etienne","20":"tag-saint-etienne-ville","21":"tag-spectacle"},"share_on_mastodon":{"url":"https:\/\/pubeurope.com\/@fr\/114689102540117207","error":""},"_links":{"self":[{"href":"https:\/\/www.europesays.com\/fr\/wp-json\/wp\/v2\/posts\/179107","targetHints":{"allow":["GET"]}}],"collection":[{"href":"https:\/\/www.europesays.com\/fr\/wp-json\/wp\/v2\/posts"}],"about":[{"href":"https:\/\/www.europesays.com\/fr\/wp-json\/wp\/v2\/types\/post"}],"author":[{"embeddable":true,"href":"https:\/\/www.europesays.com\/fr\/wp-json\/wp\/v2\/users\/2"}],"replies":[{"embeddable":true,"href":"https:\/\/www.europesays.com\/fr\/wp-json\/wp\/v2\/comments?post=179107"}],"version-history":[{"count":0,"href":"https:\/\/www.europesays.com\/fr\/wp-json\/wp\/v2\/posts\/179107\/revisions"}],"wp:featuredmedia":[{"embeddable":true,"href":"https:\/\/www.europesays.com\/fr\/wp-json\/wp\/v2\/media\/179108"}],"wp:attachment":[{"href":"https:\/\/www.europesays.com\/fr\/wp-json\/wp\/v2\/media?parent=179107"}],"wp:term":[{"taxonomy":"category","embeddable":true,"href":"https:\/\/www.europesays.com\/fr\/wp-json\/wp\/v2\/categories?post=179107"},{"taxonomy":"post_tag","embeddable":true,"href":"https:\/\/www.europesays.com\/fr\/wp-json\/wp\/v2\/tags?post=179107"}],"curies":[{"name":"wp","href":"https:\/\/api.w.org\/{rel}","templated":true}]}}