{"id":179109,"date":"2025-06-15T19:46:09","date_gmt":"2025-06-15T19:46:09","guid":{"rendered":"https:\/\/www.europesays.com\/fr\/179109\/"},"modified":"2025-06-15T19:46:09","modified_gmt":"2025-06-15T19:46:09","slug":"saint-etienne-la-nuit-des-rois-ou-tout-ce-que-vous-voulez-cette-semaine-a-la-comedie","status":"publish","type":"post","link":"https:\/\/www.europesays.com\/fr\/179109\/","title":{"rendered":"Saint-\u00c9tienne. La nuit des rois ou tout ce que vous voulez , cette semaine, \u00e0 la Com\u00e9die"},"content":{"rendered":"<p>\u00ab\u00a0Cette pi\u00e8ce de Shakespeare, je l\u2019ai souvent lorgn\u00e9e avec envie, et peut-\u00eatre d\u2019abord en tant qu\u2019apprentie com\u00e9dienne, pour sa galerie loufoque de personnages, mais bien s\u00fbr, et surtout, pour le troublant questionnement sur le genre et l\u2019identit\u00e9 qu\u2019elle soul\u00e8ve.\u00a0\u00a0\u00bb De mardi \u00e0 samedi, Ma\u00efanne Barth\u00e8s dirige un atelier ouvert au public en compagnie des \u00e9l\u00e8ves de la promotion 33 de L\u2019\u00c9cole de la Com\u00e9die.<\/p>\n<p class=\"note\">Du mardi\u00a017 au vendredi 20\u00a0juin \u00e0 20\u00a0heures. Samedi 21\u00a0juin \u00e0 17\u00a0heures. La Com\u00e9die. Gratuit sur r\u00e9servation. Renseignements\u00a0: www.lacomedie.fr<\/p>\n","protected":false},"excerpt":{"rendered":"\u00ab\u00a0Cette pi\u00e8ce de Shakespeare, je l\u2019ai souvent lorgn\u00e9e avec envie, et peut-\u00eatre d\u2019abord en tant qu\u2019apprentie com\u00e9dienne, pour&hellip;\n","protected":false},"author":2,"featured_media":179110,"comment_status":"","ping_status":"","sticky":false,"template":"","format":"standard","meta":{"footnotes":""},"categories":[9653],"tags":[1111,11,2430,1687,7539,1777,674,1011,27,12,25,4001,7538,3140],"class_list":{"0":"post-179109","1":"post","2":"type-post","3":"status-publish","4":"format-standard","5":"has-post-thumbnail","7":"category-saint-etienne","8":"tag-actu","9":"tag-actualites","10":"tag-auvergne-rhone-alpes","11":"tag-culture-loisirs","12":"tag-edition-loire-sud","13":"tag-eu","14":"tag-europe","15":"tag-fr","16":"tag-france","17":"tag-news","18":"tag-republique-francaise","19":"tag-saint-etienne","20":"tag-saint-etienne-ville","21":"tag-spectacle"},"share_on_mastodon":{"url":"https:\/\/pubeurope.com\/@fr\/114689106468372955","error":""},"_links":{"self":[{"href":"https:\/\/www.europesays.com\/fr\/wp-json\/wp\/v2\/posts\/179109","targetHints":{"allow":["GET"]}}],"collection":[{"href":"https:\/\/www.europesays.com\/fr\/wp-json\/wp\/v2\/posts"}],"about":[{"href":"https:\/\/www.europesays.com\/fr\/wp-json\/wp\/v2\/types\/post"}],"author":[{"embeddable":true,"href":"https:\/\/www.europesays.com\/fr\/wp-json\/wp\/v2\/users\/2"}],"replies":[{"embeddable":true,"href":"https:\/\/www.europesays.com\/fr\/wp-json\/wp\/v2\/comments?post=179109"}],"version-history":[{"count":0,"href":"https:\/\/www.europesays.com\/fr\/wp-json\/wp\/v2\/posts\/179109\/revisions"}],"wp:featuredmedia":[{"embeddable":true,"href":"https:\/\/www.europesays.com\/fr\/wp-json\/wp\/v2\/media\/179110"}],"wp:attachment":[{"href":"https:\/\/www.europesays.com\/fr\/wp-json\/wp\/v2\/media?parent=179109"}],"wp:term":[{"taxonomy":"category","embeddable":true,"href":"https:\/\/www.europesays.com\/fr\/wp-json\/wp\/v2\/categories?post=179109"},{"taxonomy":"post_tag","embeddable":true,"href":"https:\/\/www.europesays.com\/fr\/wp-json\/wp\/v2\/tags?post=179109"}],"curies":[{"name":"wp","href":"https:\/\/api.w.org\/{rel}","templated":true}]}}