{"id":179112,"date":"2025-06-15T19:48:31","date_gmt":"2025-06-15T19:48:31","guid":{"rendered":"https:\/\/www.europesays.com\/fr\/179112\/"},"modified":"2025-06-15T19:48:31","modified_gmt":"2025-06-15T19:48:31","slug":"le-congres-de-nancy-acte-lexistence-de-deux-parti-socialiste-en-un-seul","status":"publish","type":"post","link":"https:\/\/www.europesays.com\/fr\/179112\/","title":{"rendered":"Le congr\u00e8s de Nancy acte l\u2019existence de deux Parti socialiste en un seul"},"content":{"rendered":"<p><strong>R\u00c9CIT<\/strong> &#8211; Dans le discours de cl\u00f4ture, Olivier Faure a assum\u00e9 de vouloir rompre avec \u00ab\u00a0la social-d\u00e9mocratie d\u2019apr\u00e8s-guerre\u00a0\u00bb et transformer \u00ab\u00a0le syst\u00e8me \u00e9conomique et social\u00a0\u00bb \u00e0 deux ans de la prochaine pr\u00e9sidentielle.<\/p>\n<p class=\"fig-paragraph\">Il faut que rien ne change pour que rien ne change. Voil\u00e0 la le\u00e7on dispens\u00e9e par le\u00a0Parti socialiste\u00a0au terme de son congr\u00e8s, apr\u00e8s des semaines de d\u00e9bat interne. D\u00e9j\u00e0, au d\u00e9but du mois, la\u00a0<a href=\"http:\/\/www.lefigaro.fr\/politique\/au-ps-olivier-faure-reconduit-a-la-tete-d-un-parti-qui-doit-encore-tout-reconstruire-20250606\" target=\"_blank\" data-fig-type=\"Article\" rel=\"noopener\" data-gtm-custom-categorie=\"navigation\" data-gtm-custom-action=\"crossclick\" data-gtm-custom-label=\"Contextuel\" data-gtm-event=\"customEventSPE\" data-fig-domain=\"LEFIGARO\">r\u00e9\u00e9lection d\u2019une courte t\u00eate<\/a>\u00a0(51,15\u00a0% selon les r\u00e9sultats d\u00e9finitifs) du premier secr\u00e9taire sortant,\u00a0<a href=\"http:\/\/www.lefigaro.fr\/politique\/a-nancy-olivier-faure-veut-reunifier-le-parti-socialiste-20250613\" target=\"_blank\" data-fig-type=\"Article\" rel=\"noopener\" data-gtm-custom-categorie=\"navigation\" data-gtm-custom-action=\"crossclick\" data-gtm-custom-label=\"Contextuel\" data-gtm-event=\"customEventSPE\" data-fig-domain=\"LEFIGARO\">Olivier Faure<\/a>, dans un nouveau duel face \u00e0\u00a0<a href=\"http:\/\/www.lefigaro.fr\/politique\/congres-du-ps-mayer-rossignol-l-homme-que-faure-n-avait-pas-vu-revenir-20250601\" target=\"_blank\" data-fig-type=\"Article\" rel=\"noopener\" data-gtm-custom-categorie=\"navigation\" data-gtm-custom-action=\"crossclick\" data-gtm-custom-label=\"Contextuel\" data-gtm-event=\"customEventSPE\" data-fig-domain=\"LEFIGARO\">Nicolas Mayer-Rossignol<\/a>, laissait pr\u00e9sager l\u2019\u00e9ternel retour du m\u00eame. Les trois jours de pl\u00e9ni\u00e8re \u00e0 Nancy ce week-end n\u2019ont fait que confirmer la tendance.<\/p>\n<p class=\"fig-paragraph\">Alors que des n\u00e9gociations se sont entam\u00e9es vendredi dans l\u2019espoir partag\u00e9 de trouver un compromis (une \u00ab\u00a0synth\u00e8se\u00a0\u00bb dans le vade-mecum de Solf\u00e9rino), elles ont tourn\u00e9 court dans la nuit de samedi \u00e0 dimanche. Le courant d\u2019Olivier Faure et celui de son principal opposant ne sont pas parvenus \u00e0 s\u2019entendre. En cause, encore et toujours\u00a0: la question de la relation du parti \u00e0\u00a0<a href=\"http:\/\/www.lefigaro.fr\/vox\/politique\/non-la-france-insoumise-n-a-pas-sauve-le-parti-socialiste-en-s-alliant-avec-lui-c-est-l-inverse-20250516\" target=\"_blank\" data-fig-type=\"Article\" rel=\"noopener\" data-gtm-custom-categorie=\"navigation\" data-gtm-custom-action=\"crossclick\" data-gtm-custom-label=\"Contextuel\" data-gtm-event=\"customEventSPE\" data-fig-domain=\"LEFIGARO\">La France insoumise<\/a>.<\/p>\n<p class=\"fig-paragraph\">Le feu a pris d\u2019un coup d\u2019un seul, samedi apr\u00e8s-midi. Jusqu\u2019alors, de l\u2019aveu de nombreuses sources, les discussions\u2026<\/p>\n<p class=\"fig-premium-paywall__infos\">\n        Cet article est r\u00e9serv\u00e9 aux abonn\u00e9s.        Il vous reste 85% \u00e0 d\u00e9couvrir.\n    <\/p>\n<p>                <img  data- alt=\"Le Figaro\" class=\"fig-img--complete fig-img\"\/><\/p>\n<p class=\"fig-premium-paywall__title\">Vente Flash<\/p>\n<p class=\"fig-premium-paywall__subtitle\">3,99\u20ac par mois pendant 12 mois. Sans engagement.<\/p>\n<p class=\"fig-premium-paywall__connect\">\n                D\u00e9j\u00e0 abonn\u00e9\u00a0?                <a class=\"fig-premium-paywall__connect-link\" href=\"https:\/\/connect.lefigaro.fr\/login?client=horizon_web&amp;type=main&amp;redirect_uri=https%3A%2F%2Fwww.lefigaro.fr%2Fpolitique%2Fle-congres-de-nancy-acte-l-existence-de-deux-parti-socialiste-en-un-seul-20250615\" data-js-gtm=\"{&quot;customCategorie&quot;: &quot;conversion&quot;, &quot;customAction&quot;: &quot;before_Landing_Connexion_paywall_auto&quot;, &quot;customLabel&quot;: &quot;bGVmaWdhcm8uZnJfXzFmMDQ5ZDNlLTc0MmMtNjA3NC1hOWM0LWJiYTZhMzc2ZTY1Zl9fQXJ0aWNsZQ==_Le congr\u00e8s de Nancy acte l\u2019existence de deux Parti socialiste en un seul_107&quot;, &quot;customIDSPE&quot;: &quot;bGVmaWdhcm8uZnJfXzFmMDQ5ZDNlLTc0MmMtNjA3NC1hOWM0LWJiYTZhMzc2ZTY1Zl9fQXJ0aWNsZQ==&quot;, &quot;event&quot;: &quot;customEventSPE&quot;}\" target=\"_blank\" rel=\"noopener\"><br \/>\n                    Connectez-vous<br \/>\n                <\/a>\n            <\/p>\n","protected":false},"excerpt":{"rendered":"R\u00c9CIT &#8211; Dans le discours de cl\u00f4ture, Olivier Faure a assum\u00e9 de vouloir rompre avec \u00ab\u00a0la social-d\u00e9mocratie d\u2019apr\u00e8s-guerre\u00a0\u00bb&hellip;\n","protected":false},"author":2,"featured_media":179113,"comment_status":"","ping_status":"","sticky":false,"template":"","format":"standard","meta":{"footnotes":""},"categories":[9635],"tags":[1111,11,426,427,422,423,1777,674,1011,27,418,775,424,425,420,421,1702,12,4393,419,3541,316,429,25,428],"class_list":{"0":"post-179112","1":"post","2":"type-post","3":"status-publish","4":"format-standard","5":"has-post-thumbnail","7":"category-nancy","8":"tag-actu","9":"tag-actualites","10":"tag-candidat","11":"tag-candidats","12":"tag-depute","13":"tag-deputes","14":"tag-eu","15":"tag-europe","16":"tag-fr","17":"tag-france","18":"tag-gouvernement","19":"tag-grand-est","20":"tag-institution","21":"tag-institutions","22":"tag-loi","23":"tag-lois","24":"tag-nancy","25":"tag-news","26":"tag-olivier-faure","27":"tag-opposition","28":"tag-parti-socialiste","29":"tag-politique","30":"tag-ps","31":"tag-republique-francaise","32":"tag-ump"},"share_on_mastodon":{"url":"https:\/\/pubeurope.com\/@fr\/114689114421423508","error":""},"_links":{"self":[{"href":"https:\/\/www.europesays.com\/fr\/wp-json\/wp\/v2\/posts\/179112","targetHints":{"allow":["GET"]}}],"collection":[{"href":"https:\/\/www.europesays.com\/fr\/wp-json\/wp\/v2\/posts"}],"about":[{"href":"https:\/\/www.europesays.com\/fr\/wp-json\/wp\/v2\/types\/post"}],"author":[{"embeddable":true,"href":"https:\/\/www.europesays.com\/fr\/wp-json\/wp\/v2\/users\/2"}],"replies":[{"embeddable":true,"href":"https:\/\/www.europesays.com\/fr\/wp-json\/wp\/v2\/comments?post=179112"}],"version-history":[{"count":0,"href":"https:\/\/www.europesays.com\/fr\/wp-json\/wp\/v2\/posts\/179112\/revisions"}],"wp:featuredmedia":[{"embeddable":true,"href":"https:\/\/www.europesays.com\/fr\/wp-json\/wp\/v2\/media\/179113"}],"wp:attachment":[{"href":"https:\/\/www.europesays.com\/fr\/wp-json\/wp\/v2\/media?parent=179112"}],"wp:term":[{"taxonomy":"category","embeddable":true,"href":"https:\/\/www.europesays.com\/fr\/wp-json\/wp\/v2\/categories?post=179112"},{"taxonomy":"post_tag","embeddable":true,"href":"https:\/\/www.europesays.com\/fr\/wp-json\/wp\/v2\/tags?post=179112"}],"curies":[{"name":"wp","href":"https:\/\/api.w.org\/{rel}","templated":true}]}}