{"id":179126,"date":"2025-06-15T19:58:08","date_gmt":"2025-06-15T19:58:08","guid":{"rendered":"https:\/\/www.europesays.com\/fr\/179126\/"},"modified":"2025-06-15T19:58:08","modified_gmt":"2025-06-15T19:58:08","slug":"pres-de-rennes-elle-blesse-sa-soeur-jumelle-avec-un-couteau","status":"publish","type":"post","link":"https:\/\/www.europesays.com\/fr\/179126\/","title":{"rendered":"Pr\u00e8s de Rennes, elle blesse sa s\u0153ur jumelle avec un couteau"},"content":{"rendered":"<p>La police est intervenue vers 21 h 50, pour des violences dans un appartement situ\u00e9 \u00e0 la hauteur de la rue du Haut-Gripp\u00e9. Selon les premiers \u00e9l\u00e9ments de l\u2019enqu\u00eate, les deux s\u0153urs \u00e2g\u00e9es de 20 ans se trouvaient dans le logement lorsque, lors d\u2019une dispute, l\u2019une a menac\u00e9 l\u2019autre de mort. Arm\u00e9e d\u2019un couteau elle a alors agress\u00e9 sa s\u0153ur la blessant au visage. Souffrant d\u2019une plaie ouverte au niveau du front, la victime a \u00e9t\u00e9 transport\u00e9e \u00e0 l\u2019h\u00f4pital pour y recevoir des soins. Sa jumelle a pu \u00eatre interpell\u00e9e par la police dans l\u2019immeuble o\u00f9 se sont d\u00e9roul\u00e9s les faits et plac\u00e9e en garde \u00e0 vue. Une mesure qui a \u00e9t\u00e9 prolong\u00e9e ce dimanche soir.<\/p>\n","protected":false},"excerpt":{"rendered":"La police est intervenue vers 21 h 50, pour des violences dans un appartement situ\u00e9 \u00e0 la hauteur&hellip;\n","protected":false},"author":2,"featured_media":179127,"comment_status":"","ping_status":"","sticky":false,"template":"","format":"standard","meta":{"footnotes":""},"categories":[2821],"tags":[1111,11,829,4099,765,1777,674,118,1011,27,848,12,584,25],"class_list":{"0":"post-179126","1":"post","2":"type-post","3":"status-publish","4":"format-standard","5":"has-post-thumbnail","7":"category-rennes","8":"tag-actu","9":"tag-actualites","10":"tag-bretagne","11":"tag-cesson-sevigne","12":"tag-en-continu","13":"tag-eu","14":"tag-europe","15":"tag-faits-divers","16":"tag-fr","17":"tag-france","18":"tag-ille-et-vilaine","19":"tag-news","20":"tag-rennes","21":"tag-republique-francaise"},"share_on_mastodon":{"url":"https:\/\/pubeurope.com\/@fr\/114689153652535037","error":""},"_links":{"self":[{"href":"https:\/\/www.europesays.com\/fr\/wp-json\/wp\/v2\/posts\/179126","targetHints":{"allow":["GET"]}}],"collection":[{"href":"https:\/\/www.europesays.com\/fr\/wp-json\/wp\/v2\/posts"}],"about":[{"href":"https:\/\/www.europesays.com\/fr\/wp-json\/wp\/v2\/types\/post"}],"author":[{"embeddable":true,"href":"https:\/\/www.europesays.com\/fr\/wp-json\/wp\/v2\/users\/2"}],"replies":[{"embeddable":true,"href":"https:\/\/www.europesays.com\/fr\/wp-json\/wp\/v2\/comments?post=179126"}],"version-history":[{"count":0,"href":"https:\/\/www.europesays.com\/fr\/wp-json\/wp\/v2\/posts\/179126\/revisions"}],"wp:featuredmedia":[{"embeddable":true,"href":"https:\/\/www.europesays.com\/fr\/wp-json\/wp\/v2\/media\/179127"}],"wp:attachment":[{"href":"https:\/\/www.europesays.com\/fr\/wp-json\/wp\/v2\/media?parent=179126"}],"wp:term":[{"taxonomy":"category","embeddable":true,"href":"https:\/\/www.europesays.com\/fr\/wp-json\/wp\/v2\/categories?post=179126"},{"taxonomy":"post_tag","embeddable":true,"href":"https:\/\/www.europesays.com\/fr\/wp-json\/wp\/v2\/tags?post=179126"}],"curies":[{"name":"wp","href":"https:\/\/api.w.org\/{rel}","templated":true}]}}