{"id":179136,"date":"2025-06-15T20:03:19","date_gmt":"2025-06-15T20:03:19","guid":{"rendered":"https:\/\/www.europesays.com\/fr\/179136\/"},"modified":"2025-06-15T20:03:19","modified_gmt":"2025-06-15T20:03:19","slug":"une-date-douverture-enfin-annoncee-pour-le-tunnel-de-tende","status":"publish","type":"post","link":"https:\/\/www.europesays.com\/fr\/179136\/","title":{"rendered":"une date d\u2019ouverture enfin annonc\u00e9e pour le tunnel de Tende"},"content":{"rendered":"<p>            Par<br \/>\n        <strong><br \/>\n            <a href=\"https:\/\/actu.fr\/auteur\/redaction-nice\" title=\"Consulter tous les articles de R\u00e9daction Nice\" rel=\"nofollow noopener\" target=\"_blank\">R\u00e9daction Nice<\/a><br \/>\n        <\/strong><\/p>\n<p>        Publi\u00e9 le<\/p>\n<p>            14 juin 2025 \u00e0 7h16        <\/p>\n<p>Il y a comme un ouf de soulagement. Depuis 2007, \u00e0 Tende (<a href=\"https:\/\/actu.fr\/provence-alpes-cote-d-azur\/alpes-maritimes_06\" rel=\"nofollow noopener\" target=\"_blank\">Alpes-Maritimes<\/a>), les discussions sont anim\u00e9es. Quand le <strong>nouveau tunnel<\/strong> transfrontalier reliant la Plaine du P\u00f4 \u00e0 la C\u00f4te d\u2019Azur verra-t-il le jour\u2009? 18\u00a0ans plus tard et 12\u00a0ans apr\u00e8s le d\u00e9but des travaux, les habitants voient enfin le bout\u2026 du tunnel.<\/p>\n<p class=\" wall-content\">La circulation sera enfin possible <strong>d\u00e8s le 27\u00a0juin 2025<\/strong>. L\u2019annonce a \u00e9t\u00e9 faite dimanche 8\u00a0juin aupr\u00e8s de nos confr\u00e8res de <a href=\"https:\/\/www.nicematin.com\/\" rel=\"nofollow noopener\" target=\"_blank\">Nice-Matin<\/a>, par Philippe Tabarot, ministre des Transports et ancien s\u00e9nateur des Alpes-Maritimes.<\/p>\n<p>Un tunnel de trois kilom\u00e8tres<\/p>\n<p class=\" wall-content\">Apr\u00e8s de nombreux reports, le passage \u00e0 travers le Col de Tende sera enfin possible. La construction de ce tunnel de trois kilom\u00e8tres a fait face \u00e0 des <strong>d\u00e9boires judiciaires<\/strong> et administratifs. Le dernier en date\u2009: l\u2019absence de certains dispositifs de s\u00e9curit\u00e9 comme les issues de secours.<\/p>\n<p>    <a href=\"https:\/\/www.google.com\/maps\/embed?pb=!1m18!1m12!1m3!1d366414.1067064083!2d7.241039499950275!3d44.153281070962166!2m3!1f0!2f0!3f0!3m2!1i1024!2i768!4f13.1!3m3!1m2!1s0x12cd77d386f311df%3A0x66ba15d21d024f69!2sTun.%20du%20Col%20de%20Tende!5e0!3m2!1sfr!2sfr!4v1749619357877!5m2!1sfr!2sfr\" title=\"Ouvrie le lien\" rel=\"nofollow noopener\" target=\"_blank\">Cliquez ici pour visualiser le contenu<\/a><\/p>\n<p class=\" wall-content\">La vall\u00e9e reste encore meurtrie par la temp\u00eate Alex, en 2020, qui avait rendu l\u2019acc\u00e8s \u00e0 la vall\u00e9e tr\u00e8s compliqu\u00e9, en particulier en hiver et avait retard\u00e9 les travaux en multipliant les co\u00fbts.<\/p>\n<p>Vid\u00e9os : en ce moment sur ActuUn exercice dans les prochains jours<\/p>\n<p class=\" wall-content\">Mais la r\u00e9ouverture reste encore \u00ab\u2009conditionn\u00e9e \u00e0 un exercice grandeur nature pr\u00e9vu le 25\u00a0juin dans le tunnel\u2009\u00bb, pr\u00e9cise Philippe Tabarot. Et la circulation en toute fluidit\u00e9 n\u2019est pas pour tout de suite. Les<strong> voitures circuleront en alternance<\/strong>, sur des plages horaires \u00ab\u2009de 6h \u00e0 10h, de midi \u00e0 14h puis de 18h \u00e0 22h\u2009\u00bb, pr\u00e9cise <a href=\"https:\/\/www.lefigaro.fr\/nice\/apres-plus-de-dix-ans-d-un-interminable-chantier-le-tunnel-de-tende-entre-la-france-et-l-italie-rouvrira-le-27-juin-20250610\" rel=\"nofollow noopener\" target=\"_blank\">Le Figaro<\/a>.<\/p>\n<p class=\" wall-content\">\u00ab\u2009Le tunnel ne pourra pas \u00eatre accessible 24\u00a0heures sur 24 \u2013 mais [ces restrictions] ne dureront peut-\u00eatre pas\u2009\u00bb, pr\u00e9cise l\u2019ex-s\u00e9nateur des Alpes-Maritimes.<\/p>\n<p class=\" wall-content\">Cette organisation sera mise en place en attendant \u00ab\u2009la cr\u00e9ation d\u2019un autre tube\u2009\u00bb ou la r\u00e9habilitation du tunnel historique, pr\u00e9vue pour 2027. Cet autre ouvrage permettra aux automobilistes de circuler dans les deux sens sans attendre aux feux de circulation.<\/p>\n<p class=\" wall-content\">En d\u00e9but d\u2019ann\u00e9e, Philippe Tabarrot, fra\u00eechement annonc\u00e9 au poste de Ministre des Transports, avait choisi le d\u00e9partement pour son deuxi\u00e8me d\u00e9placement officiel. Il s\u2019\u00e9tait alors engag\u00e9 \u00e0 <a href=\"https:\/\/actu.fr\/provence-alpes-cote-d-azur\/nice_06088\/pres-de-nice-le-ministre-des-transports-philippe-tabarot-en-visite-voici-pourquoi_62071177.html\" rel=\"nofollow noopener\" target=\"_blank\">faire de Tende sa priorit\u00e9<\/a>. Le 28 mars dernier, une r\u00e9union de la Commission intergouvernementale (CIG) a \u00e9t\u00e9 organis\u00e9e entre la France et l\u2019Italie. Plusieurs entrevues entre le ministre fran\u00e7ais et son homologue italien ont ensuite permis que ce projet soit r\u00e9alis\u00e9.<\/p>\n<p class=\" wall-content\"><strong>Par Florine Amenta<\/strong><\/p>\n<p class=\" wall-content\">Suivez toute l\u2019actualit\u00e9 de vos villes et m\u00e9dias favoris en vous inscrivant \u00e0 <a href=\"https:\/\/moncompte.actu.fr\" title=\"D\u00e9couvez Mon Actu\" rel=\"nofollow noopener\" data-trk=\"{&quot;cta&quot;:{&quot;action&quot;:&quot;https:\\\/\\\/moncompte.actu.fr&quot;,&quot;category&quot;:&quot;mon compte&quot;,&quot;from&quot;:&quot;article footer&quot;,&quot;name&quot;:&quot;Mon actu&quot;,&quot;type&quot;:&quot;cta&quot;}}\" target=\"_blank\">Mon Actu<\/a>.<\/p>\n","protected":false},"excerpt":{"rendered":"Par R\u00e9daction Nice Publi\u00e9 le 14 juin 2025 \u00e0 7h16 Il y a comme un ouf de soulagement.&hellip;\n","protected":false},"author":2,"featured_media":179137,"comment_status":"","ping_status":"","sticky":false,"template":"","format":"standard","meta":{"footnotes":""},"categories":[2819],"tags":[1111,11,3542,1777,674,1011,27,12,2401,882,25,104,2086],"class_list":{"0":"post-179136","1":"post","2":"type-post","3":"status-publish","4":"format-standard","5":"has-post-thumbnail","7":"category-nice","8":"tag-actu","9":"tag-actualites","10":"tag-circulation","11":"tag-eu","12":"tag-europe","13":"tag-fr","14":"tag-france","15":"tag-news","16":"tag-nice","17":"tag-provence-alpes-cote-dazur","18":"tag-republique-francaise","19":"tag-societe","20":"tag-travaux"},"share_on_mastodon":{"url":"https:\/\/pubeurope.com\/@fr\/114689173332397863","error":""},"_links":{"self":[{"href":"https:\/\/www.europesays.com\/fr\/wp-json\/wp\/v2\/posts\/179136","targetHints":{"allow":["GET"]}}],"collection":[{"href":"https:\/\/www.europesays.com\/fr\/wp-json\/wp\/v2\/posts"}],"about":[{"href":"https:\/\/www.europesays.com\/fr\/wp-json\/wp\/v2\/types\/post"}],"author":[{"embeddable":true,"href":"https:\/\/www.europesays.com\/fr\/wp-json\/wp\/v2\/users\/2"}],"replies":[{"embeddable":true,"href":"https:\/\/www.europesays.com\/fr\/wp-json\/wp\/v2\/comments?post=179136"}],"version-history":[{"count":0,"href":"https:\/\/www.europesays.com\/fr\/wp-json\/wp\/v2\/posts\/179136\/revisions"}],"wp:featuredmedia":[{"embeddable":true,"href":"https:\/\/www.europesays.com\/fr\/wp-json\/wp\/v2\/media\/179137"}],"wp:attachment":[{"href":"https:\/\/www.europesays.com\/fr\/wp-json\/wp\/v2\/media?parent=179136"}],"wp:term":[{"taxonomy":"category","embeddable":true,"href":"https:\/\/www.europesays.com\/fr\/wp-json\/wp\/v2\/categories?post=179136"},{"taxonomy":"post_tag","embeddable":true,"href":"https:\/\/www.europesays.com\/fr\/wp-json\/wp\/v2\/tags?post=179136"}],"curies":[{"name":"wp","href":"https:\/\/api.w.org\/{rel}","templated":true}]}}