{"id":179144,"date":"2025-06-15T20:07:14","date_gmt":"2025-06-15T20:07:14","guid":{"rendered":"https:\/\/www.europesays.com\/fr\/179144\/"},"modified":"2025-06-15T20:07:14","modified_gmt":"2025-06-15T20:07:14","slug":"mercato-nathan-benmoussa-annonce-son-depart-des-girondins-de-bordeaux","status":"publish","type":"post","link":"https:\/\/www.europesays.com\/fr\/179144\/","title":{"rendered":"Mercato : Nathan Benmoussa annonce son d\u00e9part des Girondins de Bordeaux"},"content":{"rendered":"<p><img decoding=\"async\" src=\"https:\/\/www.europesays.com\/fr\/wp-content\/uploads\/2025\/04\/671_d8ba51e046e6d53cecb01c85c733c030.jpg\" alt=\"Mercato : Nathan Benmoussa annonce son d\u00e9part des Girondins de Bordeaux\" class=\"img-responsive mt-3\"\/><\/p>\n<p class=\"text-center mb-3\" style=\"font-size: 14px\">\u00a9 Iconsport<\/p>\n<p>C&rsquo;est sur ses r\u00e9seaux sociaux que Nathan Benmoussa, milieu de terrain offensif, a annonc\u00e9 son d\u00e9part de Bordeaux.<\/p>\n<p>Voici son message :<\/p>\n<p><strong>\u00ab\u00a0Une<\/strong><strong> saison compliqu\u00e9e avec des objectifs collectifs et individuels non atteints\u00a0\u00bb<br \/><\/strong><\/p>\n<p><img decoding=\"async\" src=\"https:\/\/www.europesays.com\/fr\/wp-content\/uploads\/2025\/06\/Capture d\u2019e\u0301cran 2025-06-15 a\u0300 18.58.10.png\" alt=\"Capture d\u2019e\u0301cran 2025-06-15 a\u0300 18.58.10.png (176 KB)\" style=\"width:700px;max-width:100%;\"\/><\/p>\n<p>Nathan a jou\u00e9 auparavant au Stade Bordelais, \u00e0 Bergerac, et \u00e0 M\u00e9rignac.<\/p>\n<p style=\"text-align: justify;\">\u00c0 lire aussi &gt;&gt; <strong><a href=\"https:\/\/www.webgirondins.com\/actualite-girondins-girondins-le-verdict-du-tribunal-reporte-au-24-juin-la-dncg-en-ligne-de-mire-129411\" target=\"_blank\" rel=\"noopener\">Le verdict du tribunal report\u00e9 au 24 juin, la DNCG en ligne de mire<\/a><br \/><\/strong><\/p>\n<p>Notre podcast court \u00e0 \u00e9couter :<\/p>\n<p>\u00a0<\/p>\n","protected":false},"excerpt":{"rendered":"\u00a9 Iconsport C&rsquo;est sur ses r\u00e9seaux sociaux que Nathan Benmoussa, milieu de terrain offensif, a annonc\u00e9 son d\u00e9part&hellip;\n","protected":false},"author":2,"featured_media":62277,"comment_status":"","ping_status":"","sticky":false,"template":"","format":"standard","meta":{"footnotes":""},"categories":[2817],"tags":[1111,11,2562,31602,15021,1997,3985,6664,2263,1777,674,1011,27,1987,1441,6128,1434,31601,12,2219,25,18357],"class_list":{"0":"post-179144","1":"post","2":"type-post","3":"status-publish","4":"format-standard","5":"has-post-thumbnail","7":"category-bordeaux","8":"tag-actu","9":"tag-actualites","10":"tag-annonce","11":"tag-benmoussa","12":"tag-blanc","13":"tag-bordeaux","14":"tag-depart","15":"tag-dimanche","16":"tag-equipe","17":"tag-eu","18":"tag-europe","19":"tag-fr","20":"tag-france","21":"tag-girondins","22":"tag-joueur","23":"tag-marine","24":"tag-mercato","25":"tag-nathan","26":"tag-news","27":"tag-nouvelle-aquitaine","28":"tag-republique-francaise","29":"tag-reserve"},"share_on_mastodon":{"url":"https:\/\/pubeurope.com\/@fr\/114689189185141907","error":""},"_links":{"self":[{"href":"https:\/\/www.europesays.com\/fr\/wp-json\/wp\/v2\/posts\/179144","targetHints":{"allow":["GET"]}}],"collection":[{"href":"https:\/\/www.europesays.com\/fr\/wp-json\/wp\/v2\/posts"}],"about":[{"href":"https:\/\/www.europesays.com\/fr\/wp-json\/wp\/v2\/types\/post"}],"author":[{"embeddable":true,"href":"https:\/\/www.europesays.com\/fr\/wp-json\/wp\/v2\/users\/2"}],"replies":[{"embeddable":true,"href":"https:\/\/www.europesays.com\/fr\/wp-json\/wp\/v2\/comments?post=179144"}],"version-history":[{"count":0,"href":"https:\/\/www.europesays.com\/fr\/wp-json\/wp\/v2\/posts\/179144\/revisions"}],"wp:featuredmedia":[{"embeddable":true,"href":"https:\/\/www.europesays.com\/fr\/wp-json\/wp\/v2\/media\/62277"}],"wp:attachment":[{"href":"https:\/\/www.europesays.com\/fr\/wp-json\/wp\/v2\/media?parent=179144"}],"wp:term":[{"taxonomy":"category","embeddable":true,"href":"https:\/\/www.europesays.com\/fr\/wp-json\/wp\/v2\/categories?post=179144"},{"taxonomy":"post_tag","embeddable":true,"href":"https:\/\/www.europesays.com\/fr\/wp-json\/wp\/v2\/tags?post=179144"}],"curies":[{"name":"wp","href":"https:\/\/api.w.org\/{rel}","templated":true}]}}