{"id":179149,"date":"2025-06-15T20:11:16","date_gmt":"2025-06-15T20:11:16","guid":{"rendered":"https:\/\/www.europesays.com\/fr\/179149\/"},"modified":"2025-06-15T20:11:16","modified_gmt":"2025-06-15T20:11:16","slug":"editorial-la-face-cachee-de-lactualite","status":"publish","type":"post","link":"https:\/\/www.europesays.com\/fr\/179149\/","title":{"rendered":"\u00c9DITORIAL. La face cach\u00e9e de l\u2019actualit\u00e9"},"content":{"rendered":"<p>L\u2019entendez-vous, cette France qui chante\u00a0? Elle s\u2019exprime \u00e0 pleine voix actuellement dans les <a href=\"https:\/\/www.ouest-france.fr\/festivals\/\" target=\"_self\" rel=\"noopener\">festivals<\/a> de musique qui fourmillent au printemps. Des centaines de milliers de festivaliers de toutes g\u00e9n\u00e9rations font corps et chorale, dans le sillage de performances d\u2019artistes.<\/p>\n<p>Les voyez-vous, ces spectacles de rue qui font asseoir les enfants sur les pav\u00e9s et captivent des spectateurs bien diff\u00e9rents mais formant, sur les gradins, une belle communaut\u00e9 d\u2019un moment. Applaudissements. Et n\u2019\u00eates-vous pas surpris de d\u00e9couvrir que ce public, buvant les paroles et r\u00e9cits d\u2019\u00e9crivains dans les festivals litt\u00e9raires, loin des \u00e9crans, est tout autant compos\u00e9 d\u2019anciens que de coll\u00e9giens et lyc\u00e9ens\u00a0? Le livre forme une communaut\u00e9 d\u2019\u00e9tonnants voyageurs.<\/p>\n<p><strong>Lire aussi\u00a0:<\/strong> <a href=\"https:\/\/saint-malo.maville.com\/actu\/actudet_-a-saint-malo-le-nouveau-chapiteau-d-etonnants-voyageurs-est-une-petite-bulle-hors-du-temps-_52701-6843573_actu.Htm\" target=\"_self\" rel=\"noopener\">\u00c0 Saint-Malo, le nouveau chapiteau d\u2019\u00c9tonnants Voyageurs est \u00ab\u00a0une petite bulle hors du temps\u00a0\u00bb<\/a><\/p>\n<p>L\u2019actualit\u00e9 du moment peut avoir une autre facette que celle qui blesse, indigne, sid\u00e8re, apeure, stup\u00e9fie. Elle se niche dans ces r\u00e9alit\u00e9s tout aussi palpables mais trop souvent \u00e9clips\u00e9es. Il y a une France qui danse, se lie et fait lien dans les rassemblements populaires que l\u2019on serait inspir\u00e9 de ne pas trop h\u00e2tivement raturer et regretter.<\/p>\n<p>Il y a beaucoup de formidable<\/p>\n<p>Il y a aussi la France hors de l\u2019actualit\u00e9, celle des copains et des familles, r\u00e9unis les week-ends pour vivre de simples moments partag\u00e9s \u00e0 la maison, dans les campings, les guinguettes, les f\u00eates d\u2019anniversaire. Ces habitants qui, loin des titres agressifs de m\u00e9dias d\u2019info en continu se pr\u00e9servent \u2013 gr\u00e2ce au pr\u00e9cieux b\u00e9n\u00e9volat \u2013 des moments apais\u00e9s dans les vide-greniers, les foires \u00e0 la brocante, les braderies, les kermesses, les lotos, les randos, les courses \u00e0 pied ou de v\u00e9lo. Ils font communaut\u00e9.<\/p>\n<p>Notre soci\u00e9t\u00e9 n\u2019a pas que des bleus. Elle a tellement de belles inspirations \u00e0 regarder dans les yeux. Mille exemples. Avec Cit\u00e9 des chances, des jeunes se d\u00e9m\u00e8nent pour permettre aux jeunes de quartier prioritaires de se saisir de leur citoyennet\u00e9. Des communes rurales, comme \u00e0 Pless\u00e9, en Loire-Atlantique, r\u00e9inventent la d\u00e9mocratie participative pour la rendre accessible, vivante et durable. Dans de nombreuses villes et villages, des citoyens se regroupent pour cr\u00e9er des jardins partag\u00e9s et cultiver l\u00e9gumes, biodiversit\u00e9, liens sociaux et biodiversit\u00e9.<\/p>\n<p><strong>Lire aussi\u00a0:<\/strong> <a href=\"https:\/\/rennes.maville.com\/actu\/actudet_-prix-de-la-democratie-sipa-ouest-france-recompense-les-laureats-de-l-edition-2025-_54135-6850610_actu.Htm\" target=\"_self\" rel=\"noopener\">Prix de la d\u00e9mocratie\u00a0: Sipa Ouest-France r\u00e9compense les laur\u00e9ats de l\u2019\u00e9dition 2025<\/a><\/p>\n<p>De la solidarit\u00e9 \u00e0 revendre<\/p>\n<p>D\u2019autres initiatives locales mettent en place des syst\u00e8mes de r\u00e9utilisation et de recyclage, comme des ressourceries, des ateliers de r\u00e9paration, qui encouragent le z\u00e9ro d\u00e9chet et la consommation responsable. Des collectifs s\u2019engagent dans des projets de production d\u2019\u00e9nergie renouvelable permettant aux habitants de s\u2019impliquer dans la transition \u00e9nerg\u00e9tique.<\/p>\n<p>Des actions citoyennes s\u2019organisent pour restaurer des b\u00e2timents historiques, des chapelles, des sites naturels. Des groupes de soutien sont mis en place pour partager un caf\u00e9, \u00e9pauler des personnes en difficult\u00e9 ou \u00e2g\u00e9es, favoriser le bien-\u00eatre mental, cr\u00e9er des espaces d\u2019\u00e9coute et de partage. Et que dire des coups de main au quotidien entre voisins\u00a0?<\/p>\n<p>L\u2019actualit\u00e9 d\u00e9chir\u00e9e occulte trop ce qui fleurit aussi dans nos colonnes, comme un arbre mal en point cache une for\u00eat de vies solidaires, durables, r\u00e9silientes. Cette vie, pour qui veut la voir, est partout.<\/p>\n<p>\u00a0<\/p>\n","protected":false},"excerpt":{"rendered":"L\u2019entendez-vous, cette France qui chante\u00a0? Elle s\u2019exprime \u00e0 pleine voix actuellement dans les festivals de musique qui fourmillent&hellip;\n","protected":false},"author":2,"featured_media":179150,"comment_status":"","ping_status":"","sticky":false,"template":"","format":"standard","meta":{"footnotes":""},"categories":[2815],"tags":[1111,47,11,31603,8195,1777,674,2823,1011,27,811,1307,12,25],"class_list":{"0":"post-179149","1":"post","2":"type-post","3":"status-publish","4":"format-standard","5":"has-post-thumbnail","7":"category-lille","8":"tag-actu","9":"tag-actualite","10":"tag-actualites","11":"tag-cachee","12":"tag-editorial","13":"tag-eu","14":"tag-europe","15":"tag-face","16":"tag-fr","17":"tag-france","18":"tag-hauts-de-france","19":"tag-lille","20":"tag-news","21":"tag-republique-francaise"},"share_on_mastodon":{"url":"https:\/\/pubeurope.com\/@fr\/114689204842639549","error":""},"_links":{"self":[{"href":"https:\/\/www.europesays.com\/fr\/wp-json\/wp\/v2\/posts\/179149","targetHints":{"allow":["GET"]}}],"collection":[{"href":"https:\/\/www.europesays.com\/fr\/wp-json\/wp\/v2\/posts"}],"about":[{"href":"https:\/\/www.europesays.com\/fr\/wp-json\/wp\/v2\/types\/post"}],"author":[{"embeddable":true,"href":"https:\/\/www.europesays.com\/fr\/wp-json\/wp\/v2\/users\/2"}],"replies":[{"embeddable":true,"href":"https:\/\/www.europesays.com\/fr\/wp-json\/wp\/v2\/comments?post=179149"}],"version-history":[{"count":0,"href":"https:\/\/www.europesays.com\/fr\/wp-json\/wp\/v2\/posts\/179149\/revisions"}],"wp:featuredmedia":[{"embeddable":true,"href":"https:\/\/www.europesays.com\/fr\/wp-json\/wp\/v2\/media\/179150"}],"wp:attachment":[{"href":"https:\/\/www.europesays.com\/fr\/wp-json\/wp\/v2\/media?parent=179149"}],"wp:term":[{"taxonomy":"category","embeddable":true,"href":"https:\/\/www.europesays.com\/fr\/wp-json\/wp\/v2\/categories?post=179149"},{"taxonomy":"post_tag","embeddable":true,"href":"https:\/\/www.europesays.com\/fr\/wp-json\/wp\/v2\/tags?post=179149"}],"curies":[{"name":"wp","href":"https:\/\/api.w.org\/{rel}","templated":true}]}}