{"id":179151,"date":"2025-06-15T20:12:10","date_gmt":"2025-06-15T20:12:10","guid":{"rendered":"https:\/\/www.europesays.com\/fr\/179151\/"},"modified":"2025-06-15T20:12:10","modified_gmt":"2025-06-15T20:12:10","slug":"a-marseille-des-militants-pro-paslestiniens-ciblent-a-nouveau-la-societe-marseillaise-eurolinks","status":"publish","type":"post","link":"https:\/\/www.europesays.com\/fr\/179151\/","title":{"rendered":"\u00c0 Marseille, des militants pro paslestiniens ciblent \u00e0 nouveau la soci\u00e9t\u00e9 marseillaise Eurolinks"},"content":{"rendered":"<p class=\"rev-margin-0 rev-text-xs-normal\">Les militants ont recouvert certains murs du quartier avec des affiches accusant l&rsquo;entreprise marseillaise Eurolinks de fournir des pi\u00e8ces d&rsquo;armement \u00e0 Isra\u00ebl, pour les op\u00e9rations militaires de l&rsquo;\u00c9tat h\u00e9breu \u00e0 Gaza.<\/p>\n<p class=\"rev-margin-0 rev-text-xs-bold\">La Provence \/ Nicolas Vallauri<\/p>\n<p>Vis\u00e9e par <a href=\"https:\/\/www.laprovence.com\/article\/faits-divers-justice\/23574757825488\/guerre-a-gaza-une-plainte-deposee-contre-la-societe-marseillaise-eurolinks-soupconnee-de-livrer-des-pieces-de-mitrailleuses-a-israel\" target=\"_blank\" rel=\"noopener\">une plainte<\/a> de la Ligue des droits de l\u2019Homme (LDH), la soci\u00e9t\u00e9 Eurolinks a de nouveau fait face \u00e0 des militants propalestiniens, dimanche 15\u00a0juin, plus d\u2019un an apr\u00e8s <a href=\"https:\/\/www.laprovence.com\/article\/region\/83834726211119\/a-marseille-ils-se-mobilisent-contre-une-usine-qui-arme-tsahal\" target=\"_blank\" rel=\"noopener\">une pr\u00e9c\u00e9dente manifestation<\/a>. 70 \u00e0 80 personnes ont men\u00e9 une action contre l\u2019entreprise, en fin d\u2019apr\u00e8s-midi, au <a href=\"https:\/\/www.laprovence.com\/article\/region\/1737483381313415\/marseille-chateau-gombert-un-technopole-qu-il-faut-demystifier-et-securiser\" target=\"_blank\" rel=\"noopener\">technop\u00f4le de Ch\u00e2teau-Gombert<\/a>, \u00e0 Marseille.<\/p>\n<p>Le visage recouvert d\u2019un masque chirurgical ou d\u2019un foulard, les manifestants se sont r\u00e9unis sur une place, \u00e0 200 m\u00e8tres du si\u00e8ge d\u2019Eurolinks, dont l\u2019entr\u00e9e \u00e9tait boucl\u00e9e par la police. Munis de seaux \u00e0 colle et de brosses, ils ont coll\u00e9 des affiches sur des b\u00e2timents du quartier.<\/p>\n<p>Des affiches accusant Eurolinks de \u00ab\u00a0tuer les Palestiniens\u00a0\u00bb<\/p>\n<p>\u00ab\u00a0Eurolinks tue les Palestiniens\u00a0\u00bb, \u00ab\u00a0<a href=\"https:\/\/www.laprovence.com\/article\/france-monde\/6020224343384114\/conteneurs-pour-israel-bloques-les-dockers-de-fos-marseille-puis-les-genois-le-mouvement-fait-il-tache-d-huile\" target=\"_blank\" rel=\"noopener\">Eurolinks<\/a> complice du g\u00e9nocide\u00a0\u00bb, pouvait-on lire sur ces affiches.\u00a0\u00ab\u00a0On veut informer sur l\u2019activit\u00e9 de cette entreprise fabricante d\u2019armes, a expliqu\u00e9 une manifestante. C\u2019est notre responsabilit\u00e9 de se dresser contre une entreprise d\u2019armement qui op\u00e8re dans nos quartiers.\u00a0\u00bb<\/p>\n<p>D\u00e9but juin, une cargaison de maillons pour fusils-mitrailleurs fabriqu\u00e9s par Eurolinks, devant transiter vers Isra\u00ebl, <a href=\"https:\/\/www.laprovence.com\/article\/societe\/37049645267136\/livraison-de-materiel-militaire-a-israel-les-dockers-de-fos-refusent-de-charger-un-bateau-vers-haifa\" target=\"_blank\" rel=\"noopener\">avait \u00e9t\u00e9 bloqu\u00e9e<\/a> par les dockers de Fos-sur-Mer.<\/p>\n<p>Ils d\u00e9noncent un \u00ab\u00a0mensonge d\u2019\u00c9tat\u00a0\u00bb<\/p>\n<p>Le ministre des Arm\u00e9es, S\u00e9bastien Lecornu, affirme que la licence accord\u00e9e \u00e0 Eurolinks\u00a0\u00ab\u00a0ne donne pas droit \u00e0 l\u2019arm\u00e9e isra\u00e9lienne d\u2019utiliser ces composants\u00a0\u00bb. Il a d\u00e9classifi\u00e9 un document pour prouver que \u00ab\u00a0la France ne vend pas d\u2019armes \u00e0 Isra\u00ebl\u00a0\u00bb.<\/p>\n<p>\u00ab\u00a0Mensonge d\u2019\u00c9tat\u00a0\u00bb, clame le collectif derri\u00e8re l\u2019action men\u00e9e \u00e0 Ch\u00e2teau-Gombert, brandissant un r\u00e9cent rapport du r\u00e9seau militant Progressive International. Ce dernier affirme documenter \u00ab\u00a0des livraisons r\u00e9guli\u00e8res et continues d\u2019armes\u00a0\u00bb vers Isra\u00ebl depuis octobre\u00a02023, sans cependant parvenir \u00e0 prouver que les pi\u00e8ces exp\u00e9di\u00e9es sont bel et bien utilis\u00e9es \u00e0 Gaza.<\/p>\n<p>Plus t\u00f4t dans l\u2019apr\u00e8s-midi, 600 personnes ont par ailleurs manifest\u00e9 dans le centre-ville de Marseille, pour r\u00e9clamer un cessez-le-feu \u00e0 Gaza.<\/p>\n<p><img alt=\"\" loading=\"lazy\" width=\"18\" height=\"18\" decoding=\"async\" data-nimg=\"1\" class=\"mx-[8px]\" style=\"color:transparent\" src=\"https:\/\/www.laprovence.com\/_next\/static\/media\/comment.b95dda91.svg\"\/>D\u00e9marrez la conversation<\/p>\n<p class=\"text-[1.8rem] mt-[32px]\">Votre opinion compte pour nous. Rejoignez la communaut\u00e9 laprovence.com en r\u00e9agissant sur l&rsquo;article \u00c0 Marseille, des militants propalestiniens ciblent \u00e0 nouveau la soci\u00e9t\u00e9 marseillaise Eurolinks.<\/p>\n","protected":false},"excerpt":{"rendered":"Les militants ont recouvert certains murs du quartier avec des affiches accusant l&rsquo;entreprise marseillaise Eurolinks de fournir des&hellip;\n","protected":false},"author":2,"featured_media":179152,"comment_status":"","ping_status":"","sticky":false,"template":"","format":"standard","meta":{"footnotes":""},"categories":[2814],"tags":[17,1111,11,26027,154,1777,674,1011,27,884,14027,12,4565,31604,882,16,25,104],"class_list":{"0":"post-179151","1":"post","2":"type-post","3":"status-publish","4":"format-standard","5":"has-post-thumbnail","7":"category-marseille","8":"tag-17","9":"tag-actu","10":"tag-actualites","11":"tag-ciblent","12":"tag-des","13":"tag-eu","14":"tag-europe","15":"tag-fr","16":"tag-france","17":"tag-marseille","18":"tag-militants","19":"tag-news","20":"tag-nouveau","21":"tag-propalestiniens","22":"tag-provence-alpes-cote-dazur","23":"tag-region","24":"tag-republique-francaise","25":"tag-societe"},"share_on_mastodon":{"url":"https:\/\/pubeurope.com\/@fr\/114689208860305758","error":""},"_links":{"self":[{"href":"https:\/\/www.europesays.com\/fr\/wp-json\/wp\/v2\/posts\/179151","targetHints":{"allow":["GET"]}}],"collection":[{"href":"https:\/\/www.europesays.com\/fr\/wp-json\/wp\/v2\/posts"}],"about":[{"href":"https:\/\/www.europesays.com\/fr\/wp-json\/wp\/v2\/types\/post"}],"author":[{"embeddable":true,"href":"https:\/\/www.europesays.com\/fr\/wp-json\/wp\/v2\/users\/2"}],"replies":[{"embeddable":true,"href":"https:\/\/www.europesays.com\/fr\/wp-json\/wp\/v2\/comments?post=179151"}],"version-history":[{"count":0,"href":"https:\/\/www.europesays.com\/fr\/wp-json\/wp\/v2\/posts\/179151\/revisions"}],"wp:featuredmedia":[{"embeddable":true,"href":"https:\/\/www.europesays.com\/fr\/wp-json\/wp\/v2\/media\/179152"}],"wp:attachment":[{"href":"https:\/\/www.europesays.com\/fr\/wp-json\/wp\/v2\/media?parent=179151"}],"wp:term":[{"taxonomy":"category","embeddable":true,"href":"https:\/\/www.europesays.com\/fr\/wp-json\/wp\/v2\/categories?post=179151"},{"taxonomy":"post_tag","embeddable":true,"href":"https:\/\/www.europesays.com\/fr\/wp-json\/wp\/v2\/tags?post=179151"}],"curies":[{"name":"wp","href":"https:\/\/api.w.org\/{rel}","templated":true}]}}