{"id":179157,"date":"2025-06-15T20:15:15","date_gmt":"2025-06-15T20:15:15","guid":{"rendered":"https:\/\/www.europesays.com\/fr\/179157\/"},"modified":"2025-06-15T20:15:15","modified_gmt":"2025-06-15T20:15:15","slug":"un-deluge-spectaculaire-tombe-sur-plusieurs-communes-au-sud-de-lyon","status":"publish","type":"post","link":"https:\/\/www.europesays.com\/fr\/179157\/","title":{"rendered":"un d\u00e9luge spectaculaire tombe sur plusieurs communes au sud de Lyon"},"content":{"rendered":"<p>            Par<br \/>\n        <strong><br \/>\n            <a href=\"https:\/\/actu.fr\/auteur\/redaction-lyon\" title=\"Consulter tous les articles de R\u00e9daction Lyon\" target=\"_blank\" rel=\"noopener\">R\u00e9daction Lyon<\/a><br \/>\n        <\/strong><\/p>\n<p>        Publi\u00e9 le<\/p>\n<p>            15 juin 2025 \u00e0 20h01        <\/p>\n<p>Un d\u00e9luge qui s\u2019abat sur plusieurs communes, le <a href=\"https:\/\/actu.fr\/auvergne-rhone-alpes\/peaugres_07172\/orages-violents-un-deluge-s-abat-sur-le-safari-de-peaugres-au-sud-de-lyon-le-parc-evacue_62775747.html\" target=\"_blank\" rel=\"noopener\">Safari de Peaugres \u00e9vacu\u00e9 d\u2019urgence<\/a> \u00e0 cause d\u2019un <strong>orage d\u2019une grande violence<\/strong> : un ph\u00e9nom\u00e8ne m\u00e9t\u00e9o violent a touch\u00e9 un secteur du nord de l\u2019Ard\u00e8che, au sud de <a href=\"https:\/\/actu.fr\/auvergne-rhone-alpes\/lyon_69123\" target=\"_blank\" rel=\"noopener\">Lyon<\/a> ce dimanche 15 juin. Le d\u00e9partement, comme le <a href=\"https:\/\/actu.fr\/meteo\/orages-forts-et-violents-grele-nouvelle-alerte-meteo-dans-le-rhone-voici-les-zones-a-risques_62774951.html\" target=\"_blank\" rel=\"noopener\">Rh\u00f4ne<\/a> et l\u2019Is\u00e8re voisins, \u00e9tait plac\u00e9 en vigilance orange pour des risques d\u2019orages ce dimanche.<\/p>\n<p class=\" wall-content\">Parmi les communes les plus touch\u00e9es : Annonay, Peaugres, F\u00e9lines, Saint-Clair, Boulieu-les-Annonay et Dav\u00e9zieux.<\/p>\n<p>Chutes d\u2019arbres, bottes de foin sur la route, vents hyper violents\u2026<\/p>\n<p class=\" wall-content\">La commune d\u2019Annonay, \u00e0 une soixantaine de kilom\u00e8tres de la m\u00e9tropole lyonnaise, a \u00e9t\u00e9 la plus fortement touch\u00e9e avec le passage d\u2019un <strong>orage supercellulaire<\/strong> dans l\u2019apr\u00e8s-midi. Des images montrent de nombreux automobilistes dans leur v\u00e9hicule pris sous un d\u00e9luge impressionnant entre fortes pr\u00e9cipitations et vents violents.<\/p>\n<p class=\" wall-content\">Un arbre s\u2019est couch\u00e9 entre Serri\u00e8res et Peyraud, sur la D86, provoquant d\u2019importants bouchons sur cette route tr\u00e8s emprunt\u00e9e.<\/p>\n<p class=\" wall-content\">\n<p class=\" wall-content\">\n<p class=\" wall-content\">\n<p class=\" wall-content\">L\u2019orage a fait des d\u00e9g\u00e2ts sur la v\u00e9g\u00e9tation et les d\u00e9g\u00e2ts sont uniquement mat\u00e9riels. Il n\u2019y a pas eu de bless\u00e9s alors que le ph\u00e9nom\u00e8ne a fait <a href=\"https:\/\/actu.fr\/societe\/deux-morts-durant-les-orages-la-crainte-d-une-canicule-les-infos-du-week-end-a-paris-et-en-ile-de-france_62775560.html\" target=\"_blank\" rel=\"noopener\">deux morts ce week-end en Ile-de-France<\/a>.<\/p>\n<p>Vid\u00e9os : en ce moment sur Actu<\/p>\n<p class=\" wall-content\">Suivez toute l\u2019actualit\u00e9 de vos villes et m\u00e9dias favoris en vous inscrivant \u00e0 <a href=\"https:\/\/moncompte.actu.fr\" title=\"D\u00e9couvez Mon Actu\" rel=\"nofollow noopener\" data-trk=\"{&quot;cta&quot;:{&quot;action&quot;:&quot;https:\\\/\\\/moncompte.actu.fr&quot;,&quot;category&quot;:&quot;mon compte&quot;,&quot;from&quot;:&quot;article footer&quot;,&quot;name&quot;:&quot;Mon actu&quot;,&quot;type&quot;:&quot;cta&quot;}}\" target=\"_blank\">Mon Actu<\/a>.<\/p>\n","protected":false},"excerpt":{"rendered":"Par R\u00e9daction Lyon Publi\u00e9 le 15 juin 2025 \u00e0 20h01 Un d\u00e9luge qui s\u2019abat sur plusieurs communes, le&hellip;\n","protected":false},"author":2,"featured_media":179158,"comment_status":"","ping_status":"","sticky":false,"template":"","format":"standard","meta":{"footnotes":""},"categories":[1889],"tags":[1111,11,2430,1777,674,1011,27,3059,2428,2487,2357,12,4594,25],"class_list":{"0":"post-179157","1":"post","2":"type-post","3":"status-publish","4":"format-standard","5":"has-post-thumbnail","7":"category-lyon","8":"tag-actu","9":"tag-actualites","10":"tag-auvergne-rhone-alpes","11":"tag-eu","12":"tag-europe","13":"tag-fr","14":"tag-france","15":"tag-intemperies","16":"tag-lyon","17":"tag-meteo","18":"tag-meteo-france","19":"tag-news","20":"tag-orages","21":"tag-republique-francaise"},"share_on_mastodon":{"url":"","error":""},"_links":{"self":[{"href":"https:\/\/www.europesays.com\/fr\/wp-json\/wp\/v2\/posts\/179157","targetHints":{"allow":["GET"]}}],"collection":[{"href":"https:\/\/www.europesays.com\/fr\/wp-json\/wp\/v2\/posts"}],"about":[{"href":"https:\/\/www.europesays.com\/fr\/wp-json\/wp\/v2\/types\/post"}],"author":[{"embeddable":true,"href":"https:\/\/www.europesays.com\/fr\/wp-json\/wp\/v2\/users\/2"}],"replies":[{"embeddable":true,"href":"https:\/\/www.europesays.com\/fr\/wp-json\/wp\/v2\/comments?post=179157"}],"version-history":[{"count":0,"href":"https:\/\/www.europesays.com\/fr\/wp-json\/wp\/v2\/posts\/179157\/revisions"}],"wp:featuredmedia":[{"embeddable":true,"href":"https:\/\/www.europesays.com\/fr\/wp-json\/wp\/v2\/media\/179158"}],"wp:attachment":[{"href":"https:\/\/www.europesays.com\/fr\/wp-json\/wp\/v2\/media?parent=179157"}],"wp:term":[{"taxonomy":"category","embeddable":true,"href":"https:\/\/www.europesays.com\/fr\/wp-json\/wp\/v2\/categories?post=179157"},{"taxonomy":"post_tag","embeddable":true,"href":"https:\/\/www.europesays.com\/fr\/wp-json\/wp\/v2\/tags?post=179157"}],"curies":[{"name":"wp","href":"https:\/\/api.w.org\/{rel}","templated":true}]}}