{"id":179166,"date":"2025-06-15T20:22:09","date_gmt":"2025-06-15T20:22:09","guid":{"rendered":"https:\/\/www.europesays.com\/fr\/179166\/"},"modified":"2025-06-15T20:22:09","modified_gmt":"2025-06-15T20:22:09","slug":"emmanuel-macron-ne-croit-pas-que-vladimir-poutine-puisse-etre-un-mediateur-comme-la-evoque-donald-trump","status":"publish","type":"post","link":"https:\/\/www.europesays.com\/fr\/179166\/","title":{"rendered":"Emmanuel Macron ne croit pas que Vladimir Poutine \u00abpuisse \u00eatre un m\u00e9diateur\u00bb, comme l\u2019a \u00e9voqu\u00e9 Donald Trump"},"content":{"rendered":"<p>Depuis le Groenland, le pr\u00e9sident de la R\u00e9publique a indiqu\u00e9 ce dimanche que la France n\u2019a particip\u00e9 \u00e0 aucune \u00abop\u00e9ration d\u00e9fensive\u00bb d\u2019Isra\u00ebl car elle n\u2019a \u00abpas \u00e9t\u00e9 sollicit\u00e9e\u00bb.<\/p>\n<p class=\"fig-paragraph\"><a href=\"http:\/\/www.lefigaro.fr\/politique\/il-devrait-rester-sur-l-international-macron-du-maitre-des-horloges-au-president-a-contretemps-20250615\" data-fig-type=\"Article\" data-gtm-custom-categorie=\"navigation\" data-gtm-custom-action=\"crossclick\" data-gtm-custom-label=\"Contextuel\" data-gtm-event=\"customEventSPE\" data-fig-domain=\"LEFIGARO\" target=\"_blank\" rel=\"noopener\">Emmanuel Macron<\/a>\u00a0a exprim\u00e9 dimanche son d\u00e9saccord avec la possibilit\u00e9, \u00e9voqu\u00e9e un peu plus t\u00f4t par son homologue am\u00e9ricain,\u00a0<a href=\"http:\/\/www.lefigaro.fr\/international\/donald-trump-hesite-a-s-engager-militairement-aux-cotes-d-israel-20250615\" data-fig-type=\"Article\" data-gtm-custom-categorie=\"navigation\" data-gtm-custom-action=\"crossclick\" data-gtm-custom-label=\"Contextuel\" data-gtm-event=\"customEventSPE\" data-fig-domain=\"LEFIGARO\" target=\"_blank\" rel=\"noopener\">Donald Trump<\/a>, que le pr\u00e9sident russe Vladimir Poutine puisse jouer un r\u00f4le de m\u00e9diateur dans le conflit entre Isra\u00ebl et l&rsquo;Iran. \u00abJe ne crois pas que la Russie, qui aujourd&rsquo;hui est engag\u00e9e dans un conflit de haute intensit\u00e9 et a d\u00e9cid\u00e9 de ne pas respecter la charte des Nations unies, depuis maintenant plusieurs ann\u00e9es, puisse \u00eatre en quoi que ce soit un m\u00e9diateur\u00bb, a dit le pr\u00e9sident fran\u00e7ais \u00e0 l&rsquo;occasion de sa visite au Groenland.<\/p>\n<p class=\"fig-body-link\">\n            \u00c0 lire aussi<br \/>\n        <a class=\"fig-body-link__link fig-premium-mark\" href=\"http:\/\/www.lefigaro.fr\/international\/conflit-israel-iran-vladimir-poutine-offre-ses-services-de-mediateurs-pour-mieux-poursuivre-sa-guerre-en-ukraine-20250615\" data-fig-type=\"Article\" data-gtm-custom-categorie=\"navigation\" data-gtm-custom-action=\"crossclick\" data-gtm-custom-label=\"Contextuel\" data-gtm-event=\"customEventSPE\" data-fig-domain=\"LEFIGARO\" target=\"_blank\" rel=\"noopener\">Conflit Isra\u00ebl-Iran\u00a0: Vladimir Poutine offre ses services de m\u00e9diateur pour mieux poursuivre sa guerre en Ukraine<br \/>\n    <\/a>\n<\/p>\n<p class=\"fig-paragraph\">Alors qu\u2019Emmanuel Macron avait affirm\u00e9, vendredi dernier, que la France participerait \u00abaux op\u00e9rations de protection et de d\u00e9fense\u00bb d\u2019Isra\u00ebl en cas de \u00abrepr\u00e9sailles\u00bb iraniennes, si elle est \u00aben situation de le faire\u00bb, il a annonc\u00e9 dimanche qu\u2019elle n\u2019a particip\u00e9, \u00e0 ce stade, \u00e0 aucune \u00abop\u00e9ration d\u00e9fensive\u00bb de l\u2019\u00c9tat h\u00e9breu, n\u2019ayant \u00abpas \u00e9t\u00e9 sollicit\u00e9e\u00bb. La France avait proc\u00e9d\u00e9 depuis une base en Jordanie en avril 2024 \u00e0 \u00abdes interceptions\u00bb de missiles et drones iraniens visant Isra\u00ebl mais les relations entre Paris et Tel-Aviv se sont d\u00e9grad\u00e9es depuis le d\u00e9but du blocus humanitaire isra\u00e9lien sur Gaza.<\/p>\n","protected":false},"excerpt":{"rendered":"Depuis le Groenland, le pr\u00e9sident de la R\u00e9publique a indiqu\u00e9 ce dimanche que la France n\u2019a particip\u00e9 \u00e0&hellip;\n","protected":false},"author":2,"featured_media":179167,"comment_status":"","ping_status":"","sticky":false,"template":"","format":"standard","meta":{"footnotes":""},"categories":[1591],"tags":[11,426,427,422,423,75,1073,1887,418,424,425,420,421,12,419,316,429,1885,1886,132,428],"class_list":{"0":"post-179166","1":"post","2":"type-post","3":"status-publish","4":"format-standard","5":"has-post-thumbnail","7":"category-russie","8":"tag-actualites","9":"tag-candidat","10":"tag-candidats","11":"tag-depute","12":"tag-deputes","13":"tag-donald-trump","14":"tag-emmanuel-macron","15":"tag-federation-de-russie","16":"tag-gouvernement","17":"tag-institution","18":"tag-institutions","19":"tag-loi","20":"tag-lois","21":"tag-news","22":"tag-opposition","23":"tag-politique","24":"tag-ps","25":"tag-russia","26":"tag-russian-federation","27":"tag-russie","28":"tag-ump"},"share_on_mastodon":{"url":"https:\/\/pubeurope.com\/@fr\/114689248069088925","error":""},"_links":{"self":[{"href":"https:\/\/www.europesays.com\/fr\/wp-json\/wp\/v2\/posts\/179166","targetHints":{"allow":["GET"]}}],"collection":[{"href":"https:\/\/www.europesays.com\/fr\/wp-json\/wp\/v2\/posts"}],"about":[{"href":"https:\/\/www.europesays.com\/fr\/wp-json\/wp\/v2\/types\/post"}],"author":[{"embeddable":true,"href":"https:\/\/www.europesays.com\/fr\/wp-json\/wp\/v2\/users\/2"}],"replies":[{"embeddable":true,"href":"https:\/\/www.europesays.com\/fr\/wp-json\/wp\/v2\/comments?post=179166"}],"version-history":[{"count":0,"href":"https:\/\/www.europesays.com\/fr\/wp-json\/wp\/v2\/posts\/179166\/revisions"}],"wp:featuredmedia":[{"embeddable":true,"href":"https:\/\/www.europesays.com\/fr\/wp-json\/wp\/v2\/media\/179167"}],"wp:attachment":[{"href":"https:\/\/www.europesays.com\/fr\/wp-json\/wp\/v2\/media?parent=179166"}],"wp:term":[{"taxonomy":"category","embeddable":true,"href":"https:\/\/www.europesays.com\/fr\/wp-json\/wp\/v2\/categories?post=179166"},{"taxonomy":"post_tag","embeddable":true,"href":"https:\/\/www.europesays.com\/fr\/wp-json\/wp\/v2\/tags?post=179166"}],"curies":[{"name":"wp","href":"https:\/\/api.w.org\/{rel}","templated":true}]}}