{"id":179178,"date":"2025-06-15T20:28:09","date_gmt":"2025-06-15T20:28:09","guid":{"rendered":"https:\/\/www.europesays.com\/fr\/179178\/"},"modified":"2025-06-15T20:28:09","modified_gmt":"2025-06-15T20:28:09","slug":"il-ny-a-jamais-eu-autant-de-licencies-dans-le-departement","status":"publish","type":"post","link":"https:\/\/www.europesays.com\/fr\/179178\/","title":{"rendered":"il n\u2019y a jamais eu autant de licenci\u00e9s dans le d\u00e9partement"},"content":{"rendered":"<p>Ce week-end de finales d\u00e9partementales, \u00e0 Vend\u00f4me samedi puis \u00e0 Chitenay dimanche, \u00e9tait la parfaite occasion de faire un point complet sur le handball en Loir-et-Cher.<\/p>\n<p>\u00c0 quelques jours de l\u2019assembl\u00e9e g\u00e9n\u00e9rale pr\u00e9vue le samedi 21\u00a0juin, J\u00e9r\u00f4me Dargent a ainsi dress\u00e9 un bilan positif de cette derni\u00e8re saison \u00e9coul\u00e9e, marqu\u00e9e par un nouveau record de licenci\u00e9s dans le d\u00e9partement&#8230;. <\/p>\n<p>    Cet article a \u00e9t\u00e9 tronqu\u00e9. Abonnez-vous pour lire l&rsquo;article complet sur notre site.<\/p>\n<p style=\"margin: 0 !important; padding: 0 !important; font-size: 12px !important;\">Cet article a \u00e9t\u00e9 tronqu\u00e9. Abonnez-vous pour lire l&rsquo;article complet.<\/p>\n<p>    <a href=\"https:\/\/www.lanouvellerepublique.fr\/abonnements\" style=\"display: inline-block; margin-top: 5px !important; padding: 6px 12px !important; background: #cb1c27; color: white; text-decoration: none; border-radius: 4px; font-size: 12px !important;\" rel=\"nofollow noopener\" target=\"_blank\"><br \/>\n      S&rsquo;abonner<br \/>\n    <\/a><\/p>\n","protected":false},"excerpt":{"rendered":"Ce week-end de finales d\u00e9partementales, \u00e0 Vend\u00f4me samedi puis \u00e0 Chitenay dimanche, \u00e9tait la parfaite occasion de faire&hellip;\n","protected":false},"author":2,"featured_media":179179,"comment_status":"","ping_status":"","sticky":false,"template":"","format":"standard","meta":{"footnotes":""},"categories":[1586],"tags":[11,3469,31605,1777,674,1779,1011,27,1792,4368,12,25,9559,7071,60,1778,364,4369,31606],"class_list":{"0":"post-179178","1":"post","2":"type-post","3":"status-publish","4":"format-standard","5":"has-post-thumbnail","7":"category-europe","8":"tag-actualites","9":"tag-blois","10":"tag-chitenay","11":"tag-eu","12":"tag-europe","13":"tag-european-union","14":"tag-fr","15":"tag-france","16":"tag-handball","17":"tag-loir-et-cher","18":"tag-news","19":"tag-republique-francaise","20":"tag-romorantin-lanthenay","21":"tag-selles-sur-cher","22":"tag-sports","23":"tag-ue","24":"tag-union-europeenne","25":"tag-vendome","26":"tag-veuzain-sur-loire"},"share_on_mastodon":{"url":"https:\/\/pubeurope.com\/@fr\/114689271675397351","error":""},"_links":{"self":[{"href":"https:\/\/www.europesays.com\/fr\/wp-json\/wp\/v2\/posts\/179178","targetHints":{"allow":["GET"]}}],"collection":[{"href":"https:\/\/www.europesays.com\/fr\/wp-json\/wp\/v2\/posts"}],"about":[{"href":"https:\/\/www.europesays.com\/fr\/wp-json\/wp\/v2\/types\/post"}],"author":[{"embeddable":true,"href":"https:\/\/www.europesays.com\/fr\/wp-json\/wp\/v2\/users\/2"}],"replies":[{"embeddable":true,"href":"https:\/\/www.europesays.com\/fr\/wp-json\/wp\/v2\/comments?post=179178"}],"version-history":[{"count":0,"href":"https:\/\/www.europesays.com\/fr\/wp-json\/wp\/v2\/posts\/179178\/revisions"}],"wp:featuredmedia":[{"embeddable":true,"href":"https:\/\/www.europesays.com\/fr\/wp-json\/wp\/v2\/media\/179179"}],"wp:attachment":[{"href":"https:\/\/www.europesays.com\/fr\/wp-json\/wp\/v2\/media?parent=179178"}],"wp:term":[{"taxonomy":"category","embeddable":true,"href":"https:\/\/www.europesays.com\/fr\/wp-json\/wp\/v2\/categories?post=179178"},{"taxonomy":"post_tag","embeddable":true,"href":"https:\/\/www.europesays.com\/fr\/wp-json\/wp\/v2\/tags?post=179178"}],"curies":[{"name":"wp","href":"https:\/\/api.w.org\/{rel}","templated":true}]}}