{"id":179184,"date":"2025-06-15T20:31:09","date_gmt":"2025-06-15T20:31:09","guid":{"rendered":"https:\/\/www.europesays.com\/fr\/179184\/"},"modified":"2025-06-15T20:31:09","modified_gmt":"2025-06-15T20:31:09","slug":"la-france-na-participe-a-aucune-operation-defensive-disrael-car-elle-na-pas-ete-sollicitee-assure-emmanuel-macron","status":"publish","type":"post","link":"https:\/\/www.europesays.com\/fr\/179184\/","title":{"rendered":"La France n\u2019a particip\u00e9 \u00e0 aucune \u00ab\u00a0op\u00e9ration d\u00e9fensive\u00a0\u00bb d\u2019Isra\u00ebl car elle n\u2019a \u00ab\u00a0pas \u00e9t\u00e9 sollicit\u00e9e\u00a0\u00bb, assure Emmanuel Macron"},"content":{"rendered":"<p class=\"paragraph text_align_left\">Depuis le Groenland, le pr\u00e9sident de la R\u00e9publique a assur\u00e9 que la France n\u2019\u00e9tait pas intervenue militairement <a href=\"https:\/\/www.leparisien.fr\/international\/israel\/raids-aeriens-espions-et-bombardements-entre-liran-et-israel-le-troisieme-jour-dune-escalade-meurtriere-15-06-2025-6PJTLPK4LFE7LIXJMPDSRYCODQ.php\" target=\"_self\" rel=\"nofollow noopener\">dans le conflit en cours entre l\u2019Iran et Isra\u00ebl<\/a>.<\/p>\n<p class=\"paragraph text_align_left\">La France n\u2019a \u00ab pas particip\u00e9 aux op\u00e9rations men\u00e9es le 13 juin dernier et dans les jours qui ont suivi \u00bb, a assur\u00e9 Emmanuel Macron. \u00ab Nous n\u2019avons particip\u00e9 \u00e0 aucune op\u00e9ration d\u00e9fensive depuis lors parce que nous n\u2019avons pas \u00e9t\u00e9 sollicit\u00e9s \u00bb, a-t-il ajout\u00e9.<\/p>\n<blockquote class=\"twitter-tweet\">\n<p lang=\"fr\" dir=\"ltr\">Conflit Isra\u00ebl-Iran: pour Emmanuel Macron, \u00ab\u00a0la prolif\u00e9ration nucl\u00e9aire iranienne constitue une menace pour Isra\u00ebl et pour nous-m\u00eames\u00a0\u00bb <a href=\"https:\/\/t.co\/3TvhWG0b6Y\" rel=\"nofollow\">pic.twitter.com\/3TvhWG0b6Y<\/a><\/p>\n<p>\u2014 BFMTV (@BFMTV) <a href=\"https:\/\/twitter.com\/BFMTV\/status\/1934332846220419489?ref_src=twsrc%5Etfw\" rel=\"nofollow noopener\" target=\"_blank\">June 15, 2025<\/a><\/p><\/blockquote>\n<p class=\"paragraph text_align_left\">La France n\u2019a pas \u00ab \u00e0 ce stade \u00bb mobilis\u00e9 ses moyens militaires pour aider Isra\u00ebl \u00e0 intercepter les missiles iraniens visant son territoire, avait d\u00e9j\u00e0 indiqu\u00e9 dimanche <a href=\"https:\/\/www.leparisien.fr\/international\/israel\/iran-israel-la-france-na-pas-a-ce-stade-mobilise-ses-moyens-militaires-pour-defendre-israel-15-06-2025-IG5VWODP2FHEVCY3EZ6JK4IXPI.php\" target=\"_self\" rel=\"nofollow noopener\">le chef de la diplomatie fran\u00e7aise Jean-No\u00ebl Barrot<\/a>.<\/p>\n<p class=\"paragraph text_align_left\">Isra\u00ebl a lanc\u00e9 une attaque sans pr\u00e9c\u00e9dent men\u00e9e depuis vendredi matin sur des sites militaires et nucl\u00e9aires de l\u2019Iran, avec l\u2019objectif affich\u00e9 d\u2019emp\u00eacher la R\u00e9publique islamique d\u2019obtenir l\u2019arme nucl\u00e9aire. En riposte, l\u2019Iran a tir\u00e9 depuis plusieurs salves de missiles.<\/p>\n<p>Appel \u00e0 \u00ab la reprise des discussions \u00bb<\/p>\n<p class=\"paragraph text_align_left\">Emmanuel Macron a rappel\u00e9 sa volont\u00e9 d\u2019un retour \u00e0 la table des n\u00e9gociations, rappelant avoir \u00e9chang\u00e9 ces derniers jours avec le Premier ministre isra\u00e9lien Benyamin Netanyahou, le pr\u00e9sident iranien Massoud Pezeshkian et le pr\u00e9sident am\u00e9ricain Donald Trump. Aupr\u00e8s de chacun, il a \u00ab appel\u00e9 au plus vite \u00e0 la reprise <a href=\"https:\/\/www.leparisien.fr\/international\/israel\/la-question-du-nucleaire-iranien-est-une-question-existentielle-apres-les-frappes-disrael-macron-charge-liran-13-06-2025-6SX6J2PZ5NBQPIHU4LQY27N43E.php\" target=\"_self\" rel=\"nofollow noopener\">des discussions sur la question nucl\u00e9aire et balistique<\/a> et \u00e0 l\u2019arr\u00eat le plus vite possible de toute frappe d\u2019o\u00f9 qu\u2019elles viennent. \u00bb<\/p>\n<p class=\"paragraph text_align_left\">Le pr\u00e9sident fran\u00e7ais a d\u00e9clar\u00e9 au passage ne pas \u00ab oublier la situation \u00e0 Gaza \u00bb, r\u00e9clamant un cessez-le-feu, le retour des otages et la reprise de l\u2019aide humanitaire dans l\u2019enclave palestinienne.<\/p>\n<p><script async src=\"https:\/\/platform.twitter.com\/widgets.js\" charset=\"utf-8\"><\/script><\/p>\n","protected":false},"excerpt":{"rendered":"Depuis le Groenland, le pr\u00e9sident de la R\u00e9publique a assur\u00e9 que la France n\u2019\u00e9tait pas intervenue militairement dans&hellip;\n","protected":false},"author":2,"featured_media":179185,"comment_status":"","ping_status":"","sticky":false,"template":"","format":"standard","meta":{"footnotes":""},"categories":[4],"tags":[11,1011,27,14,664,12,25],"class_list":{"0":"post-179184","1":"post","2":"type-post","3":"status-publish","4":"format-standard","5":"has-post-thumbnail","7":"category-france","8":"tag-actualites","9":"tag-fr","10":"tag-france","11":"tag-international","12":"tag-israel","13":"tag-news","14":"tag-republique-francaise"},"share_on_mastodon":{"url":"https:\/\/pubeurope.com\/@fr\/114689283407186769","error":""},"_links":{"self":[{"href":"https:\/\/www.europesays.com\/fr\/wp-json\/wp\/v2\/posts\/179184","targetHints":{"allow":["GET"]}}],"collection":[{"href":"https:\/\/www.europesays.com\/fr\/wp-json\/wp\/v2\/posts"}],"about":[{"href":"https:\/\/www.europesays.com\/fr\/wp-json\/wp\/v2\/types\/post"}],"author":[{"embeddable":true,"href":"https:\/\/www.europesays.com\/fr\/wp-json\/wp\/v2\/users\/2"}],"replies":[{"embeddable":true,"href":"https:\/\/www.europesays.com\/fr\/wp-json\/wp\/v2\/comments?post=179184"}],"version-history":[{"count":0,"href":"https:\/\/www.europesays.com\/fr\/wp-json\/wp\/v2\/posts\/179184\/revisions"}],"wp:featuredmedia":[{"embeddable":true,"href":"https:\/\/www.europesays.com\/fr\/wp-json\/wp\/v2\/media\/179185"}],"wp:attachment":[{"href":"https:\/\/www.europesays.com\/fr\/wp-json\/wp\/v2\/media?parent=179184"}],"wp:term":[{"taxonomy":"category","embeddable":true,"href":"https:\/\/www.europesays.com\/fr\/wp-json\/wp\/v2\/categories?post=179184"},{"taxonomy":"post_tag","embeddable":true,"href":"https:\/\/www.europesays.com\/fr\/wp-json\/wp\/v2\/tags?post=179184"}],"curies":[{"name":"wp","href":"https:\/\/api.w.org\/{rel}","templated":true}]}}