{"id":179192,"date":"2025-06-15T20:37:08","date_gmt":"2025-06-15T20:37:08","guid":{"rendered":"https:\/\/www.europesays.com\/fr\/179192\/"},"modified":"2025-06-15T20:37:08","modified_gmt":"2025-06-15T20:37:08","slug":"carmelo-ezpeleta-admet-que-lamour-de-motogp-pour-motorland-aragon-pourrait-ceder-sous-les-pressions-du-marche","status":"publish","type":"post","link":"https:\/\/www.europesays.com\/fr\/179192\/","title":{"rendered":"Carmelo Ezpeleta admet que l&rsquo;amour de MotoGP pour Motorland Arag\u00f3n pourrait c\u00e9der sous les pressions du march\u00e9."},"content":{"rendered":"<p>**Les frissons du Championnat MotoGP \u00e0 Motorland Arag\u00f3n**  <\/p>\n<p>Alors que le championnat MotoGP atteint un tournant d\u00e9cisif, l\u2019excitation autour de la s\u00e9rie s\u2019intensifie, en particulier \u00e0 Motorland Arag\u00f3n. Le PDG de Dorna, Carmelo Ezpeleta, a exprim\u00e9 son enthousiasme pour le lieu tout en soulignant que son avenir pourrait d\u00e9pendre de d\u00e9cisions strat\u00e9giques visant \u00e0 renforcer l\u2019empreinte mondiale du championnat.  <\/p>\n<p>**L\u2019excitation de la comp\u00e9tition**  <\/p>\n<p>Lors d\u2019une r\u00e9cente discussion avec les m\u00e9dias r\u00e9gionaux, Ezpeleta a comment\u00e9 le paysage concurrentiel actuel, soulignant que le championnat arrive en Arag\u00f3n \u00e0 un moment particuli\u00e8rement palpitant. \u00ab\u00a0Les derni\u00e8res courses ont \u00e9t\u00e9 tr\u00e8s comp\u00e9titives et avec des gagnants diff\u00e9rents,\u00a0\u00bb a-t-il not\u00e9. Le classement actuel voit Marc M\u00e1rquez conserver sa premi\u00e8re place mais faire face \u00e0 une concurrence serr\u00e9e, rendant cette phase du calendrier des courses particuli\u00e8rement exaltante pour les fans et les concurrents.  <\/p>\n<p>**Un lien personnel avec l\u2019Arag\u00f3n**  <\/p>\n<p>Le lien d\u2019Ezpeleta avec la r\u00e9gion est profond, r\u00e9v\u00e9lant un attachement sinc\u00e8re \u00e0 Alca\u00f1iz. Il a exprim\u00e9 cet amour en disant : \u201cQuand je visite la ville, je me sens chez moi.\u201d Ses \u00e9loges pour le circuit lui-m\u00eame refl\u00e8tent un profond respect pour sa nature exigeante et ses installations de premier ordre. \u201cCe circuit est tr\u00e8s s\u00e9lectif. Les courses sont toujours tr\u00e8s comp\u00e9titives, et en termes d\u2019installations pour accueillir le Championnat du Monde, c\u2019est parfait. Il n\u2019y a pas de d\u00e9fauts,\u201d a-t-il affirm\u00e9, signalant un fort soutien \u00e0 Motorland en tant que lieu.  <\/p>\n<p>**Changements strat\u00e9giques pour une augmentation de la fr\u00e9quentation**  <\/p>\n<p>Pour capitaliser sur l\u2019excitation croissante, cette ann\u00e9e a marqu\u00e9 un changement dans le calendrier des courses, d\u00e9cal\u00e9 strat\u00e9giquement en avant pour attirer plus de spectateurs. Cet ajustement n\u2019a pas \u00e9t\u00e9 fait en isolation ; il a impliqu\u00e9 une collaboration avec le gouvernement r\u00e9gional pour optimiser le timing de l\u2019\u00e9v\u00e9nement en faveur de l\u2019engagement du public. L\u2019espoir est que ces changements attireront des foules plus importantes et revitaliseront l\u2019int\u00e9r\u00eat local pour le championnat.  <\/p>\n<p>**Consid\u00e9rations futures pour le MotoGP**  <\/p>\n<p>Malgr\u00e9 les m\u00e9rites \u00e9tablis du circuit et l\u2019affection qu\u2019il suscite au sein de la communaut\u00e9 MotoGP, Ezpeleta a averti que de nombreux facteurs\u2014tels que l\u2019expansion mondiale du championnat et l\u2019accessibilit\u00e9 du march\u00e9\u2014pourraient influencer sa position \u00e0 l\u2019avenir. Bien que Motorland Arag\u00f3n soit actuellement un lieu de premier plan sur le calendrier MotoGP, sa pr\u00e9sence continue n\u2019est pas garantie.  <\/p>\n<p>**R\u00e9alisme au milieu des sentiments**  <\/p>\n<p>Alors que l\u2019organisation MotoGP vise \u00e0 s\u2019\u00e9tendre dans de nouveaux territoires, m\u00eame ces lieux bien-aim\u00e9s pourraient faire l\u2019objet d\u2019une r\u00e9\u00e9valuation. Le commentaire d\u2019Ezpeleta trouve un \u00e9quilibre entre l\u2019admiration pour le circuit et un rappel des consid\u00e9rations pragmatiques qui poussent le sport vers l\u2019avant. Le championnat MotoGP est dans un \u00e9tat d\u2019\u00e9volution constant, et chaque circuit, peu importe sa popularit\u00e9, doit rester adaptable aux dynamiques changeantes du sport automobile mondial.  <\/p>\n<p>En conclusion, bien que Motorland Arag\u00f3n se dresse fi\u00e8rement comme une destination favorite pour les pilotes et les fans, l\u2019interaction entre les liens \u00e9motionnels et la planification strat\u00e9gique fa\u00e7onnera son r\u00f4le dans l\u2019avenir de la MotoGP. Le chemin \u00e0 parcourir promet d\u2019\u00eatre aussi palpitant que les courses elles-m\u00eames, chaque d\u00e9cision ayant des r\u00e9percussions dans le monde de la course de motos.<\/p>\n<p>\n\tRelated<\/p>\n","protected":false},"excerpt":{"rendered":"**Les frissons du Championnat MotoGP \u00e0 Motorland Arag\u00f3n** Alors que le championnat MotoGP atteint un tournant d\u00e9cisif, l\u2019excitation&hellip;\n","protected":false},"author":2,"featured_media":179193,"comment_status":"","ping_status":"","sticky":false,"template":"","format":"standard","meta":{"footnotes":""},"categories":[1413],"tags":[21827,1011,27,1457,1456,1458,60],"class_list":{"0":"post-179192","1":"post","2":"type-post","3":"status-publish","4":"format-standard","5":"has-post-thumbnail","7":"category-moto","8":"tag-carmelo-ezpeleta","9":"tag-fr","10":"tag-france","11":"tag-moto","12":"tag-motocycle","13":"tag-motogp","14":"tag-sports"},"share_on_mastodon":{"url":"https:\/\/pubeurope.com\/@fr\/114689307239859190","error":""},"_links":{"self":[{"href":"https:\/\/www.europesays.com\/fr\/wp-json\/wp\/v2\/posts\/179192","targetHints":{"allow":["GET"]}}],"collection":[{"href":"https:\/\/www.europesays.com\/fr\/wp-json\/wp\/v2\/posts"}],"about":[{"href":"https:\/\/www.europesays.com\/fr\/wp-json\/wp\/v2\/types\/post"}],"author":[{"embeddable":true,"href":"https:\/\/www.europesays.com\/fr\/wp-json\/wp\/v2\/users\/2"}],"replies":[{"embeddable":true,"href":"https:\/\/www.europesays.com\/fr\/wp-json\/wp\/v2\/comments?post=179192"}],"version-history":[{"count":0,"href":"https:\/\/www.europesays.com\/fr\/wp-json\/wp\/v2\/posts\/179192\/revisions"}],"wp:featuredmedia":[{"embeddable":true,"href":"https:\/\/www.europesays.com\/fr\/wp-json\/wp\/v2\/media\/179193"}],"wp:attachment":[{"href":"https:\/\/www.europesays.com\/fr\/wp-json\/wp\/v2\/media?parent=179192"}],"wp:term":[{"taxonomy":"category","embeddable":true,"href":"https:\/\/www.europesays.com\/fr\/wp-json\/wp\/v2\/categories?post=179192"},{"taxonomy":"post_tag","embeddable":true,"href":"https:\/\/www.europesays.com\/fr\/wp-json\/wp\/v2\/tags?post=179192"}],"curies":[{"name":"wp","href":"https:\/\/api.w.org\/{rel}","templated":true}]}}