{"id":179203,"date":"2025-06-15T20:42:08","date_gmt":"2025-06-15T20:42:08","guid":{"rendered":"https:\/\/www.europesays.com\/fr\/179203\/"},"modified":"2025-06-15T20:42:08","modified_gmt":"2025-06-15T20:42:08","slug":"un-couple-detruit-la-chaise-de-van-gogh-en-sasseyant-dessus-dans-un-musee-italien","status":"publish","type":"post","link":"https:\/\/www.europesays.com\/fr\/179203\/","title":{"rendered":"Un couple d\u00e9truit \u00abla chaise de Van Gogh\u00bb en s\u2019asseyant dessus dans un mus\u00e9e italien"},"content":{"rendered":"<p>La sc\u00e8ne, capt\u00e9e par les cam\u00e9ras de vid\u00e9osurveillance, a \u00e9t\u00e9 publi\u00e9e sur le compte Instagram du Palazzo Maffei, \u00e0 V\u00e9rone, qui esp\u00e8re ainsi sensibiliser le public au respect des \u0153uvres expos\u00e9es.<\/p>\n<p class=\"fig-paragraph\">\u00abLe cauchemar de tous les mus\u00e9es\u00bb. Le 12 juin, le\u00a0<a href=\"https:\/\/www.lefigaro.fr\/culture\" target=\"_blank\" data-fig-type=\"Section\" rel=\"noopener\" data-gtm-custom-categorie=\"navigation\" data-gtm-custom-action=\"crossclick\" data-gtm-custom-label=\"Contextuel\" data-gtm-event=\"customEventSPE\" data-fig-domain=\"LEFIGARO\">Palazzo Maffei<\/a>\u00a0de V\u00e9rone a diffus\u00e9 les images de vid\u00e9osurveillance d\u2019un incident pour le moins \u00e9difiant\u00a0: un couple de touristes y est film\u00e9 en train de d\u00e9truire une \u0153uvre d\u2019art contemporaine en s\u2019asseyant dessus.<\/p>\n<p class=\"fig-paragraph\">La sc\u00e8ne s\u2019est d\u00e9roul\u00e9e dans une salle d\u2019exposition, \u00e0 un moment o\u00f9 les agents de surveillance s\u2019\u00e9taient temporairement absent\u00e9s. Profitant de leur absence, les visiteurs ont tent\u00e9 de prendre une photo \u00ab\u00e0 effet\u00bb, explique le mus\u00e9e sur Instagram. On peut voir l\u2019homme mimant une posture assise sur ce qui semblait \u00eatre une chaise. Mais au lieu de feindre, il s\u2019est v\u00e9ritablement assis&#8230; provoquant l\u2019effondrement de l\u2019\u0153uvre.<\/p>\n<p class=\"fig-paragraph\">Intitul\u00e9e Van Gogh, la pi\u00e8ce est une sculpture de l\u2019artiste italien Nicola Bolla. Inspir\u00e9e de la chaise peinte par Vincent van Gogh, elle en reprend l\u2019apparente simplicit\u00e9, mais sa structure est en r\u00e9alit\u00e9 tr\u00e8s fragile\u00a0: creuse, maintenue par du papier aluminium et enti\u00e8rement recouverte de cristaux en verre poli Swarovski.<\/p>\n<p class=\"fig-paragraph\">Une historienne de l\u2019art du mus\u00e9e a pr\u00e9cis\u00e9 \u00e0 la BBC qu\u2019un avertissement figurait pourtant sur l\u2019\u0153uvre, elle-m\u00eame plac\u00e9e sur un pi\u00e9destal, demandant explicitement de ne pas la toucher.<\/p>\n<p class=\"fig-paragraph\">Comme on peut le voir sur les images, le couple a quitt\u00e9 la salle pr\u00e9cipitamment et n\u2019a pas pu \u00eatre identifi\u00e9. Pendant plusieurs jours, les \u00e9quipes du mus\u00e9e ont craint que l\u2019\u0153uvre ne soit irr\u00e9m\u00e9diablement endommag\u00e9e. Une restauration a finalement pu \u00eatre men\u00e9e \u00e0 bien.<\/p>\n","protected":false},"excerpt":{"rendered":"La sc\u00e8ne, capt\u00e9e par les cam\u00e9ras de vid\u00e9osurveillance, a \u00e9t\u00e9 publi\u00e9e sur le compte Instagram du Palazzo Maffei,&hellip;\n","protected":false},"author":2,"featured_media":179204,"comment_status":"","ping_status":"","sticky":false,"template":"","format":"standard","meta":{"footnotes":""},"categories":[1358],"tags":[47,1350,1348,1384,1385,1345,650,251,1386,58,59,1349,1346,1011,27,452,1351,873,252,1347,1352,12573],"class_list":{"0":"post-179203","1":"post","2":"type-post","3":"status-publish","4":"format-standard","5":"has-post-thumbnail","7":"category-arts-et-design","8":"tag-actualite","9":"tag-architecture","10":"tag-arts","11":"tag-arts-and-design","12":"tag-arts-et-design","13":"tag-cine","14":"tag-cinema","15":"tag-culture","16":"tag-design","17":"tag-divertissement","18":"tag-entertainment","19":"tag-expositions","20":"tag-films","21":"tag-fr","22":"tag-france","23":"tag-italie","24":"tag-litterature","25":"tag-musique","26":"tag-television","27":"tag-theatre","28":"tag-urbanisme","29":"tag-vincent-van-gogh"},"share_on_mastodon":{"url":"https:\/\/pubeurope.com\/@fr\/114689326789885780","error":""},"_links":{"self":[{"href":"https:\/\/www.europesays.com\/fr\/wp-json\/wp\/v2\/posts\/179203","targetHints":{"allow":["GET"]}}],"collection":[{"href":"https:\/\/www.europesays.com\/fr\/wp-json\/wp\/v2\/posts"}],"about":[{"href":"https:\/\/www.europesays.com\/fr\/wp-json\/wp\/v2\/types\/post"}],"author":[{"embeddable":true,"href":"https:\/\/www.europesays.com\/fr\/wp-json\/wp\/v2\/users\/2"}],"replies":[{"embeddable":true,"href":"https:\/\/www.europesays.com\/fr\/wp-json\/wp\/v2\/comments?post=179203"}],"version-history":[{"count":0,"href":"https:\/\/www.europesays.com\/fr\/wp-json\/wp\/v2\/posts\/179203\/revisions"}],"wp:featuredmedia":[{"embeddable":true,"href":"https:\/\/www.europesays.com\/fr\/wp-json\/wp\/v2\/media\/179204"}],"wp:attachment":[{"href":"https:\/\/www.europesays.com\/fr\/wp-json\/wp\/v2\/media?parent=179203"}],"wp:term":[{"taxonomy":"category","embeddable":true,"href":"https:\/\/www.europesays.com\/fr\/wp-json\/wp\/v2\/categories?post=179203"},{"taxonomy":"post_tag","embeddable":true,"href":"https:\/\/www.europesays.com\/fr\/wp-json\/wp\/v2\/tags?post=179203"}],"curies":[{"name":"wp","href":"https:\/\/api.w.org\/{rel}","templated":true}]}}