{"id":179207,"date":"2025-06-15T20:44:24","date_gmt":"2025-06-15T20:44:24","guid":{"rendered":"https:\/\/www.europesays.com\/fr\/179207\/"},"modified":"2025-06-15T20:44:24","modified_gmt":"2025-06-15T20:44:24","slug":"cest-a-mourir-de-rire-amelie-etasse-revele-comment-la-serie-va-aborder-avec-humour-ce-sujet-de-societe-un-peu-sensibles","status":"publish","type":"post","link":"https:\/\/www.europesays.com\/fr\/179207\/","title":{"rendered":"C\u2019est \u00e0 mourir de rire\u00a0\u00bb\u2026 Am\u00e9lie Etasse r\u00e9v\u00e8le comment la s\u00e9rie va aborder avec humour ce sujet de soci\u00e9t\u00e9 \u00ab\u00a0un peu sensibles"},"content":{"rendered":"<p>Am\u00e9lie Etasse et Fr\u00e9d\u00e9ric Bouraly, alias Camille et Jos\u00e9 dans Sc\u00e8nes de m\u00e9nages, ont r\u00e9pondu aux questions de T\u00e9l\u00e9-Loisirs lors du 64\u00e8me Festival de t\u00e9l\u00e9vision de Monte-Carlo. L&rsquo;occasion de d\u00e9voiler ce qui nous attend dans la suite de la s\u00e9rie. <\/p>\n<p>Le Festival de t\u00e9l\u00e9vision de Monte-Carlo ne serait pas totalement ce qu&rsquo;il est sans la visite de Sc\u00e8nes de m\u00e9nages ! Pour cette 64\u00e8me \u00e9dition, l&rsquo;\u00e9v\u00e9nement t\u00e9l\u00e9visuel mon\u00e9gasque n&rsquo;a donc bien \u00e9videmment pas failli \u00e0 sa r\u00e9putation et a invit\u00e9 sur son tapis bleu, <a href=\"https:\/\/www.programme-tv.net\/news\/series-tv\/381129-judith-light-ingrid-chauvin-agathe-auproux-enceinte-jaz-sinclair-les-stars-glamour-au-festival-de-television-de-monte-carlo\/\" data-api-deeplink=\"teleloisirs:\/\/news\/381129\" rel=\"nofollow noopener\" target=\"_blank\">o\u00f9 d\u00e9filent les stars du petit \u00e9cran depuis ce vendredi 13 juin 2025<\/a>, une partie de la troupe du format court de M6, <a href=\"https:\/\/www.programme-tv.net\/news\/series-tv\/372049-scenes-de-menages-15-ans-faut-il-regarder-le-prime-inedit-diffuse-ce-lundi-24-fevrier-2025-sur-m6-notre-avis\/\" data-api-deeplink=\"teleloisirs:\/\/news\/372049\" rel=\"nofollow noopener\" target=\"_blank\">qui a souffl\u00e9 ses 15 bougies l&rsquo;ann\u00e9e pass\u00e9e<\/a> : Fr\u00e9d\u00e9ric Bouraly, Am\u00e9lie Etasse, <a href=\"https:\/\/www.programme-tv.net\/news\/series-tv\/368268-exclu-scenes-de-menages-c-etait-impossible-a-refuser-elodie-poux-et-majid-berhila-se-confient-sur-leur-arrivee-dans-la-serie-de-m6\/\" data-api-deeplink=\"teleloisirs:\/\/news\/368268\" rel=\"nofollow noopener\" target=\"_blank\">Majid Berhila et \u00c9lodie Poux, qui forment le dernier couple \u00e0 avoir emm\u00e9nag\u00e9 dans la petite lucarne de M6<\/a>.<\/p>\n<p>\u00ab\u00a0On a trait\u00e9 la m\u00e9nopause\u00a0\u00bb <b>: <\/b>Fr\u00e9d\u00e9ric Bouraly r\u00e9v\u00e8le ce qui le rend le plus fier \u00e0 propos de Sc\u00e8nes de m\u00e9nages<\/p>\n<p>L&rsquo;occasion pour T\u00e9l\u00e9-Loisirs de papoter notamment avec Am\u00e9lie Etasse et Fr\u00e9d\u00e9ric Bouraly. Et l&rsquo;interpr\u00e8te de l&rsquo;in\u00e9narrable et touchant Jos\u00e9 a confi\u00e9 \u00e0 notre micro sa plus grande fiert\u00e9 concernant Sc\u00e8nes de m\u00e9nages. Sa r\u00e9ponse risque de vous \u00e9tonner : \u00ab\u00a0Dans notre couple [celui form\u00e9 par Jos\u00e9 et Liliane, incarn\u00e9e par <a href=\"https:\/\/www.programme-tv.net\/biographie\/12825-karsenti-valerie\/\" data-link-people=\"21d418fe-09c3-4cef-a68b-a5d9cf409118\" rel=\"nofollow noopener\" target=\"_blank\">Val\u00e9rie Karsenti<\/a>, ndlr], on a trait\u00e9 la m\u00e9nopause, les probl\u00e8mes sexuels, etc. Ce qui est beau, c&rsquo;est de traiter ces sujets. La difficult\u00e9, c&rsquo;est qu&rsquo;il faut \u00eatre dr\u00f4le. Comment traiter la m\u00e9nopause en \u00e9tant dr\u00f4le, sans \u00eatre vulgaire, ni d\u00e9pr\u00e9cier ? Les auteurs ont trouv\u00e9 ! Avec Val\u00e9rie, on est tr\u00e8s fiers de cela.\u00a0\u00bb Et, pour Fr\u00e9d\u00e9ric Bouraly, Sc\u00e8nes de m\u00e9nages n&rsquo;est pas pr\u00eate de s&rsquo;arr\u00eater en si bon chemin : \u00ab\u00a0Il y a pleins d&rsquo;autres choses qui vont arriver sur des sujets un peu sensibles, qui sont souvent mal abord\u00e9s. C&rsquo;est facile de se moquer d&rsquo;une femme qui a la m\u00e9nopause. C&rsquo;est facile de se moquer d&rsquo;un mec qui a un probl\u00e8me avec le temps qui passe. On peut faire des choses \u00e9l\u00e9gantes, dr\u00f4les et tr\u00e8s pertinentes. Et ce qui est g\u00e9nial, c&rsquo;est qu&rsquo;on peut tout faire sur cette s\u00e9rie. On a d\u00e9j\u00e0 tous fait des trucs de dingues ! On s&rsquo;est retrouv\u00e9s en drag queens !\u00a0\u00bb<\/p>\n<p>                        \u00ab\u00a0C&rsquo;est \u00e0 mourir de rire !\u00a0\u00bb : Am\u00e9lie Etasse l\u00e8ve le voile sur les prochains \u00e9pisodes de Sc\u00e8nes de m\u00e9nages<\/p>\n<p>Parfaitement align\u00e9e sur son petit camarade, Am\u00e9lie Etasse a abond\u00e9 dans ce sens : \u00ab\u00a0Aborder des sujets s\u00e9rieux par le prisme de l&rsquo;humour, c&rsquo;est vraiment important. [\u00c0 travers le couple de Camille et Philippe, ndlr], on traite cette ann\u00e9e de la d\u00e9pression. <a href=\"https:\/\/www.programme-tv.net\/biographie\/46149-bonnet-gregoire\/\" data-link-people=\"49eceedc-63d5-4a99-838f-0b2764086954\" rel=\"nofollow noopener\" target=\"_blank\">Gr\u00e9goire Bonnet<\/a> [l&rsquo;interpr\u00e8te de Philippe, ndlr] avait cette obsession de traiter ce sujet. C&rsquo;est une vraie probl\u00e9matique : les Fran\u00e7ais sont les plus gros consommateurs d&rsquo;antid\u00e9presseurs. Et l\u00e0 on a d\u00e9j\u00e0 200 sketchs autour de la d\u00e9pression et c&rsquo;est \u00e0 mourir de rire. Cette saison, Camille est au top et, du coup, Philippe plonge. Pourquoi ? Autre sujet important : quand une femme gagne plus que son compagnon, qu&rsquo;elle est plus jeune que lui et que ce n&rsquo;\u00e9tait pas la dynamique initiale du couple&#8230; C&rsquo;est un sujet qui m&rsquo;interpelle.\u00a0\u00bb Vous l&rsquo;avez donc compris : au fil de ses plus de 15 ans, Sc\u00e8nes de m\u00e9nages a non seulement su en filigrane affronter des sujets qui grattent, mais elle va continuer d\u00e8s cette saison. \u00c7a promet !<\/p>\n","protected":false},"excerpt":{"rendered":"Am\u00e9lie Etasse et Fr\u00e9d\u00e9ric Bouraly, alias Camille et Jos\u00e9 dans Sc\u00e8nes de m\u00e9nages, ont r\u00e9pondu aux questions de&hellip;\n","protected":false},"author":2,"featured_media":179208,"comment_status":"","ping_status":"","sticky":false,"template":"","format":"standard","meta":{"footnotes":""},"categories":[1356],"tags":[31608,244,58,59,31241,1011,27,31607,494,252,1364],"class_list":{"0":"post-179207","1":"post","2":"type-post","3":"status-publish","4":"format-standard","5":"has-post-thumbnail","7":"category-television","8":"tag-amu00e9lie-etasse","9":"tag-commentaire","10":"tag-divertissement","11":"tag-entertainment","12":"tag-festival-de-tu00e9lu00e9vision-de-monte-carlo","13":"tag-fr","14":"tag-france","15":"tag-fru00e9du00e9ric-bouraly","16":"tag-m6","17":"tag-television","18":"tag-tv"},"share_on_mastodon":{"url":"https:\/\/pubeurope.com\/@fr\/114689334711926221","error":""},"_links":{"self":[{"href":"https:\/\/www.europesays.com\/fr\/wp-json\/wp\/v2\/posts\/179207","targetHints":{"allow":["GET"]}}],"collection":[{"href":"https:\/\/www.europesays.com\/fr\/wp-json\/wp\/v2\/posts"}],"about":[{"href":"https:\/\/www.europesays.com\/fr\/wp-json\/wp\/v2\/types\/post"}],"author":[{"embeddable":true,"href":"https:\/\/www.europesays.com\/fr\/wp-json\/wp\/v2\/users\/2"}],"replies":[{"embeddable":true,"href":"https:\/\/www.europesays.com\/fr\/wp-json\/wp\/v2\/comments?post=179207"}],"version-history":[{"count":0,"href":"https:\/\/www.europesays.com\/fr\/wp-json\/wp\/v2\/posts\/179207\/revisions"}],"wp:featuredmedia":[{"embeddable":true,"href":"https:\/\/www.europesays.com\/fr\/wp-json\/wp\/v2\/media\/179208"}],"wp:attachment":[{"href":"https:\/\/www.europesays.com\/fr\/wp-json\/wp\/v2\/media?parent=179207"}],"wp:term":[{"taxonomy":"category","embeddable":true,"href":"https:\/\/www.europesays.com\/fr\/wp-json\/wp\/v2\/categories?post=179207"},{"taxonomy":"post_tag","embeddable":true,"href":"https:\/\/www.europesays.com\/fr\/wp-json\/wp\/v2\/tags?post=179207"}],"curies":[{"name":"wp","href":"https:\/\/api.w.org\/{rel}","templated":true}]}}