{"id":179209,"date":"2025-06-15T20:45:10","date_gmt":"2025-06-15T20:45:10","guid":{"rendered":"https:\/\/www.europesays.com\/fr\/179209\/"},"modified":"2025-06-15T20:45:10","modified_gmt":"2025-06-15T20:45:10","slug":"javais-besoin-de-tina-arena-devoile-les-raisons-de-sa-longue-absence","status":"publish","type":"post","link":"https:\/\/www.europesays.com\/fr\/179209\/","title":{"rendered":"\u00ab\u00a0J\u2019avais besoin de\u2026\u00a0\u00bb : Tina Arena d\u00e9voile les raisons de sa longue absence"},"content":{"rendered":"<p align=\"justify\">Elle a marqu\u00e9 toute une g\u00e9n\u00e9ration avec ses<br \/>\ntubes \u2018Aimer jusqu\u2019\u00e0 l\u2019impossible\u2019 et \u2018Aller plus haut\u2019. La<br \/>\nchanteuse australienne Tina Arena a, alors qu\u2019elle \u00e9tait <a href=\"https:\/\/www.closermag.fr\/tv-tele-realite\/dals\/ca-a-declenche-des-choses-tina-arena-se-confie-sur-les-consequences-inattendues-de-dals-sur-son-intimite-1700427#item=1\" target=\"_blank\" rel=\"noopener\">au sommer de son art et de sa<br \/>\ncarri\u00e8re<\/a>, pris la d\u00e9cision de se retirer quelques ann\u00e9es du<br \/>\npaysage m\u00e9diatique. Laissant derri\u00e8re elle <a href=\"https:\/\/www.telestar.fr\/people\/tina-arena-je-comprends-la-subtilite-des-francais-843980\" target=\"_blank\" rel=\"noopener\">un public fid\u00e8le, et d\u00e9sempar\u00e9 face<br \/>\n\u00e0 son absence<\/a>.<\/p>\n<p align=\"justify\">Mais elle est de retour, et pr\u00e9pare m\u00eame une<br \/>\ntourn\u00e9e. Pour l\u2019occasion, la chanteuse assure sa promotion, et<br \/>\n\u00e9tait au micro d\u2019\u00c9ric Dussart et Jade dans \u00ab\u00a0On refait la<br \/>\nt\u00e9l\u00e9\u00a0\u00bb sur RTL. Elle s\u2019est alors livr\u00e9e sur les raisons qui<br \/>\nl\u2019ont pouss\u00e9e \u00e0 s\u2019\u00e9loigner du showbusiness fran\u00e7ais pendant<br \/>\nplusieurs ann\u00e9es, en toute transparence.<\/p>\n<p>Tina Arena \u00ab\u00a0C&rsquo;\u00e9tait too much pour moi\u00a0\u00bb<\/p>\n<p align=\"justify\">La chanteuse a alors expliqu\u00e9 les raisons de son<br \/>\nabsence\u00a0: \u00ab\u00a0J&rsquo;avais besoin de reculer, de prendre<br \/>\nun tout petit peu ma vie personnelle en main et de vivre une vie<br \/>\nnormale (..). C&rsquo;\u00e9tait too much pour moi et je ne peux pas \u00eatre<br \/>\ntoujours devant les gens parce que j&rsquo;ai l&rsquo;impression de saouler le<br \/>\nmonde, et moi en plus, alors j&rsquo;ai besoin de recul\u00a0\u00bb.<\/p>\n<p align=\"justify\">En effet, la chanteuse australienne s\u2019est sentie<br \/>\nd\u00e9pass\u00e9e par son succ\u00e8s, et n\u2019avait pas envie d\u2019en arriver au burn<br \/>\nout ou au fait de ne plus \u00eatre elle-m\u00eame dans son art, comme elle<br \/>\nl\u2019a expliqu\u00e9\u00a0: \u00ab\u00a0Je ne peux pas \u00eatre l\u00e0 24h sur 24<br \/>\nparce que quand \u00e7a cartonne, en fait, tout le monde vous pousse \u00e0<br \/>\nen faire toujours plus. [&#8230;] Et l\u00e0, on s&rsquo;oublie un peu soi-m\u00eame.<br \/>\nOn est press\u00e9 comme des citrons, comme des oranges\u00a0\u00bb.<\/p>\n<p>Un retour aux sources<br \/>\npour la chanteuse<\/p>\n<p align=\"justify\">Tina Arena a alors d\u00e9cid\u00e9 de revenir aux<br \/>\nsources, aupr\u00e8s des siens <a href=\"https:\/\/www.closermag.fr\/people\/tina-arena-j-ai-laisse-passer-dix-ans-pour-voir-grandir-mon-fils-797427#item=1\" target=\"_blank\" rel=\"noopener\">pour retrouver une vie paisible et<br \/>\ns\u2019occuper de sa famille<\/a>\u00a0: \u00ab\u00a0Il faut prendre la<br \/>\nd\u00e9cision de dire soit je me prot\u00e8ge pour pouvoir continuer, soit je<br \/>\nme fais \u00e9craser. Et je n&rsquo;ai pas envie de me faire \u00e9craser. J&rsquo;ai<br \/>\n\u00e9lev\u00e9 un enfant. J&rsquo;ai pass\u00e9 quelques ann\u00e9es entre l\u2019Australie et la<br \/>\nFrance, qui \u00e9taient sublimes mais fatigantes en m\u00eame temps. Alors,<br \/>\n\u00e0 un certain moment, j&rsquo;\u00e9tais oblig\u00e9e de prendre la d\u00e9cision de dire<br \/>\nstop, prendre un break. Papa, il a 94 ans, maman a presque 80 ans.<br \/>\n(&#8230;) Je prends un tout petit peu la responsabilit\u00e9. Je partage \u00e7a<br \/>\navec ma s\u0153ur a\u00een\u00e9e\u00a0\u00bb.<\/p>\n<p align=\"justify\">Quant \u00e0 la peur que le public l\u2019oublie, Tina<br \/>\nArena a livr\u00e9 en toute transparence\u00a0: \u00ab\u00a0\u00c9coute, si<br \/>\nles gens oublient, ils oublient. On ne peut rien faire \u00e0 cause de<br \/>\n\u00e7a. C\u2019est comme \u00e7a\u00a0\u00bb, a-t-elle r\u00e9pondu. Ce n\u2019est pourtant pas<br \/>\nle cas pour elle, le public fran\u00e7ais attend impatiemment de la<br \/>\nretrouver sur sc\u00e8ne.<\/p>\n","protected":false},"excerpt":{"rendered":"Elle a marqu\u00e9 toute une g\u00e9n\u00e9ration avec ses tubes \u2018Aimer jusqu\u2019\u00e0 l\u2019impossible\u2019 et \u2018Aller plus haut\u2019. La chanteuse&hellip;\n","protected":false},"author":2,"featured_media":179210,"comment_status":"","ping_status":"","sticky":false,"template":"","format":"standard","meta":{"footnotes":""},"categories":[1355],"tags":[548,2704,58,59,1011,27,1361,873,2700,31609],"class_list":{"0":"post-179209","1":"post","2":"type-post","3":"status-publish","4":"format-standard","5":"has-post-thumbnail","7":"category-musique","8":"tag-article-simple","9":"tag-chanteuse","10":"tag-divertissement","11":"tag-entertainment","12":"tag-fr","13":"tag-france","14":"tag-music","15":"tag-musique","16":"tag-rtl","17":"tag-tina-arena"},"share_on_mastodon":{"url":"https:\/\/pubeurope.com\/@fr\/114689338541773331","error":""},"_links":{"self":[{"href":"https:\/\/www.europesays.com\/fr\/wp-json\/wp\/v2\/posts\/179209","targetHints":{"allow":["GET"]}}],"collection":[{"href":"https:\/\/www.europesays.com\/fr\/wp-json\/wp\/v2\/posts"}],"about":[{"href":"https:\/\/www.europesays.com\/fr\/wp-json\/wp\/v2\/types\/post"}],"author":[{"embeddable":true,"href":"https:\/\/www.europesays.com\/fr\/wp-json\/wp\/v2\/users\/2"}],"replies":[{"embeddable":true,"href":"https:\/\/www.europesays.com\/fr\/wp-json\/wp\/v2\/comments?post=179209"}],"version-history":[{"count":0,"href":"https:\/\/www.europesays.com\/fr\/wp-json\/wp\/v2\/posts\/179209\/revisions"}],"wp:featuredmedia":[{"embeddable":true,"href":"https:\/\/www.europesays.com\/fr\/wp-json\/wp\/v2\/media\/179210"}],"wp:attachment":[{"href":"https:\/\/www.europesays.com\/fr\/wp-json\/wp\/v2\/media?parent=179209"}],"wp:term":[{"taxonomy":"category","embeddable":true,"href":"https:\/\/www.europesays.com\/fr\/wp-json\/wp\/v2\/categories?post=179209"},{"taxonomy":"post_tag","embeddable":true,"href":"https:\/\/www.europesays.com\/fr\/wp-json\/wp\/v2\/tags?post=179209"}],"curies":[{"name":"wp","href":"https:\/\/api.w.org\/{rel}","templated":true}]}}