{"id":17921,"date":"2025-04-11T18:06:15","date_gmt":"2025-04-11T18:06:15","guid":{"rendered":"https:\/\/www.europesays.com\/fr\/17921\/"},"modified":"2025-04-11T18:06:15","modified_gmt":"2025-04-11T18:06:15","slug":"cest-quoi-cette-boutique-van-rysel-qui-vient-douvrir-au-btwin-village","status":"publish","type":"post","link":"https:\/\/www.europesays.com\/fr\/17921\/","title":{"rendered":"c&rsquo;est quoi cette boutique Van Rysel qui vient d&rsquo;ouvrir au B&rsquo;Twin Village\u00a0?"},"content":{"rendered":"<p>            Par<br \/>\n        <strong><br \/>\n            <a href=\"https:\/\/actu.fr\/auteur\/bastien-grossin\" title=\"Consulter tous les articles de Bastien Grossin\" rel=\"nofollow noopener\" target=\"_blank\">Bastien Grossin<\/a><br \/>\n        <\/strong><\/p>\n<p>        Publi\u00e9 le<\/p>\n<p>            11 avr. 2025 \u00e0 17h40        <\/p>\n<p><b>C\u2019est du jamais vu en France<\/b>, et c\u2019est \u00e0 <a href=\"https:\/\/actu.fr\/lille\/\" rel=\"nofollow noopener\" target=\"_blank\">Lille<\/a> (Nord) que \u00e7a se passe\u2009: Van Rysel,<b> la marque de cyclisme haut-de-gamme de Decathlon<\/b>, a ouvert sa toute premi\u00e8re boutique fran\u00e7aise au B\u2019Twin Village. L\u2019espace flambant neuf est le temple des v\u00e9los de route, pour les amateurs comme les professionnels. Dans une ambiance conviviale, rassemblant passionn\u00e9s, journalistes et collaborateurs, Van Rysel a inaugur\u00e9 jeudi 10 avril 2025 ce haut lieu du cyclisme, \u00e9tendu sur 330 m\u00b2. \u00c0 quelques jours de la c\u00e9l\u00e8bre <a href=\"https:\/\/actu.fr\/evenements\/paris-roubaix-revient-ce-week-end-circulation-stationnement-tout-ce-quil-faut-savoir_62493876.html\" rel=\"nofollow noopener\" target=\"_blank\">course Paris-Roubaix<\/a>, on y trouve non seulement l\u2019ensemble de la gamme Van Rysel \u2013 v\u00e9los de route et gravels (pour les chemins caillouteux), textile technique, accessoires et home trainers connect\u00e9s \u2013 mais aussi des services comme un atelier de r\u00e9paration ultra sp\u00e9cialis\u00e9 ou une \u00e9tude posturale personnalis\u00e9e.<\/p>\n<p>Une identit\u00e9 forte<\/p>\n<p class=\" wall-content\">Cr\u00e9\u00e9e en 2019, Van Rysel \u2013 qui signifie \u00ab\u2009de Lille\u2009\u00bb en flamand \u2013 revendique fi\u00e8rement ses racines nordistes. Son nom, choisi pour son ancrage local et son pouvoir \u00e9vocateur dans le monde du v\u00e9lo, symbolise l\u2019identit\u00e9 forte de la marque. \u00ab\u2009Il est tr\u00e8s important puisqu\u2019il incarne une grande partie du projet. Il devait avoir du sens, et donc une connotation flandrienne. Pourquoi\u2009? Parce que <b>dans le monde du v\u00e9lo, les Flandres, c\u2019est un lieu mythique<\/b>\u2009\u00bb, souligne Nicolas Pierron, cofondateur de la marque.<\/p>\n<p>      <img   decoding=\"async\" loading=\"lazy\" class=\"size-large\" src=\"https:\/\/www.europesays.com\/fr\/wp-content\/uploads\/2025\/04\/d8849e7629f76cc849e7629f743949v-960x640.jpg\" alt=\"V\u00e9los Van Rysel sur le pr\u00e9sentoire qui rappelle le bassin de la piscine de Roubaix\" width=\"960\" height=\"640\"\/><br \/>\n    Des v\u00e9los Van Rysel sur le pr\u00e9sentoir, qui rappelle le bassin de la Piscine de Roubaix. \u00a9Bastien Grossin<\/p>\n<p class=\" wall-content\">Cette identit\u00e9, on la retrouve dans les moindres d\u00e9tails de la boutique\u2009: du pr\u00e9sentoir qui rappelle le bassin de la Piscine de Roubaix, jusqu\u2019aux briques issues de la briqueterie artisanale de l\u2019Amour, pr\u00e8s de Valenciennes, qui habillent les murs du magasin. Le lieu n\u2019est pas qu\u2019une vitrine\u2009: les bureaux de conception de Van Rysel se trouvent juste au-dessus. Les ing\u00e9nieurs et designers c\u00f4toient ainsi directement leur client\u00e8le, une proximit\u00e9 rare dans l\u2019univers du sport de haut niveau.<\/p>\n<p>Un nouvel espace pour les amateurs de cyclisme sportif<\/p>\n<p class=\" wall-content\">Sur 330 m\u00b2, la boutique regroupe l\u2019ensemble de l\u2019offre Van Rysel\u2009: v\u00e9los de route, mod\u00e8les gravels, textiles techniques, accessoires, home trainers connect\u00e9s\u2026 Une large part des \u00e9quipements pr\u00e9sent\u00e9s est identique \u00e0 ceux utilis\u00e9s en comp\u00e9tition par les coureurs des \u00e9quipes Decathlon AG2R La Mondiale et Van Rysel Roubaix.<\/p>\n<p>      <img   decoding=\"async\" loading=\"lazy\" class=\"size-large\" src=\"https:\/\/www.europesays.com\/fr\/wp-content\/uploads\/2025\/04\/4a5c8e7629f768e5c8e7629f7726c8v-960x640.jpg\" alt=\"Atelier de r\u00e9paration dans la boutique\" width=\"960\" height=\"640\"\/><br \/>\n    Un atelier de r\u00e9paration est pr\u00e9sent dans la boutique. \u00a9Bastien Grossin<\/p>\n<p class=\" wall-content\">L\u2019espace a \u00e9t\u00e9 con\u00e7u pour offrir plus qu\u2019un simple point de vente. Il int\u00e8gre un atelier de r\u00e9paration sp\u00e9cialis\u00e9, un service d\u2019\u00e9tude posturale, ainsi qu\u2019un espace communautaire pour les passionn\u00e9s. \u00ab\u2009L\u2019id\u00e9e est de cr\u00e9er un lieu o\u00f9 l\u2019on peut autant s\u2019\u00e9quiper que partager une culture v\u00e9lo\u2009\u00bb, r\u00e9sume Gabriel, responsable du magasin.<\/p>\n<p>Une strat\u00e9gie de mont\u00e9e en gamme assum\u00e9e<\/p>\n<p class=\" wall-content\">En quelques ann\u00e9es, Van Rysel s\u2019est impos\u00e9e comme une marque ax\u00e9e sur la performance. Elle a fait son retour dans le World Tour en 2024 avec l\u2019\u00e9quipe Decathlon AG2R La Mondiale, signant d\u2019embl\u00e9e une trentaine de victoires.<\/p>\n<p class=\" wall-content\">L\u2019objectif affich\u00e9\u2009: concevoir du mat\u00e9riel pour les professionnels tout en rendant ces technologies accessibles aux amateurs \u00e9clair\u00e9s. Un discours incarn\u00e9 notamment par le mod\u00e8le RCR-F, v\u00e9lo a\u00e9rodynamique d\u00e9velopp\u00e9 \u00e0 partir de simulations de course et assembl\u00e9 \u00e0 partir de plus de 500\u00a0pi\u00e8ces de carbone. \u00ab\u2009L\u2019enjeu, c\u2019est de faire b\u00e9n\u00e9ficier tout le monde des avanc\u00e9es du haut niveau\u2009\u00bb, insiste J\u00e9r\u00e9my, chef de produit.<\/p>\n<p>Une implantation strat\u00e9gique \u00e0 Lille<\/p>\n<p class=\" wall-content\">L\u2019installation du magasin au sein du B\u2019Twin Village, site vitrine de Decathlon d\u00e9di\u00e9 \u00e0 la mobilit\u00e9 douce, n\u2019est pas anodine. En effet, en 2024, ce lieu a accueilli pr\u00e8s d\u2019un million de visiteurs. L\u2019\u00e9quipe de d\u00e9veloppement de Van Rysel y est \u00e9galement install\u00e9e, ce qui facilite les \u00e9changes avec les acheteurs.<\/p>\n<p class=\" wall-content\">De plus, strat\u00e9giquement, Lille est une ville de cyclisme par excellence. Deux dates sont \u00e0 retenir dans les mois \u00e0 venir avec le d\u00e9part du Tour de France dans la m\u00e9tropole, et le B\u2019Twin Village qui f\u00eatera ses 15 ans prochainement. Autant d\u2019occasions pour la marque de renforcer plus encore sa visibilit\u00e9.<\/p>\n<p class=\" wall-content\">Suivez toute l\u2019actualit\u00e9 de vos villes et m\u00e9dias favoris en vous inscrivant \u00e0 <a href=\"https:\/\/moncompte.actu.fr\" title=\"D\u00e9couvez Mon Actu\" rel=\"nofollow noopener\" data-trk=\"{&quot;cta&quot;:{&quot;action&quot;:&quot;https:\\\/\\\/moncompte.actu.fr&quot;,&quot;category&quot;:&quot;mon compte&quot;,&quot;from&quot;:&quot;article footer&quot;,&quot;name&quot;:&quot;Mon actu&quot;,&quot;type&quot;:&quot;cta&quot;}}\" target=\"_blank\">Mon Actu<\/a>.<\/p>\n","protected":false},"excerpt":{"rendered":"Par Bastien Grossin Publi\u00e9 le 11 avr. 2025 \u00e0 17h40 C\u2019est du jamais vu en France, et c\u2019est&hellip;\n","protected":false},"author":2,"featured_media":17922,"comment_status":"","ping_status":"","sticky":false,"template":"","format":"standard","meta":{"footnotes":""},"categories":[2815],"tags":[1111,11,7200,33,1777,674,1011,27,811,1307,12,25,208],"class_list":{"0":"post-17921","1":"post","2":"type-post","3":"status-publish","4":"format-standard","5":"has-post-thumbnail","7":"category-lille","8":"tag-actu","9":"tag-actualites","10":"tag-decathlon","11":"tag-economie","12":"tag-eu","13":"tag-europe","14":"tag-fr","15":"tag-france","16":"tag-hauts-de-france","17":"tag-lille","18":"tag-news","19":"tag-republique-francaise","20":"tag-velo"},"share_on_mastodon":{"url":"https:\/\/pubeurope.com\/@fr\/114320663129165243","error":""},"_links":{"self":[{"href":"https:\/\/www.europesays.com\/fr\/wp-json\/wp\/v2\/posts\/17921","targetHints":{"allow":["GET"]}}],"collection":[{"href":"https:\/\/www.europesays.com\/fr\/wp-json\/wp\/v2\/posts"}],"about":[{"href":"https:\/\/www.europesays.com\/fr\/wp-json\/wp\/v2\/types\/post"}],"author":[{"embeddable":true,"href":"https:\/\/www.europesays.com\/fr\/wp-json\/wp\/v2\/users\/2"}],"replies":[{"embeddable":true,"href":"https:\/\/www.europesays.com\/fr\/wp-json\/wp\/v2\/comments?post=17921"}],"version-history":[{"count":0,"href":"https:\/\/www.europesays.com\/fr\/wp-json\/wp\/v2\/posts\/17921\/revisions"}],"wp:featuredmedia":[{"embeddable":true,"href":"https:\/\/www.europesays.com\/fr\/wp-json\/wp\/v2\/media\/17922"}],"wp:attachment":[{"href":"https:\/\/www.europesays.com\/fr\/wp-json\/wp\/v2\/media?parent=17921"}],"wp:term":[{"taxonomy":"category","embeddable":true,"href":"https:\/\/www.europesays.com\/fr\/wp-json\/wp\/v2\/categories?post=17921"},{"taxonomy":"post_tag","embeddable":true,"href":"https:\/\/www.europesays.com\/fr\/wp-json\/wp\/v2\/tags?post=17921"}],"curies":[{"name":"wp","href":"https:\/\/api.w.org\/{rel}","templated":true}]}}