{"id":179227,"date":"2025-06-15T20:55:15","date_gmt":"2025-06-15T20:55:15","guid":{"rendered":"https:\/\/www.europesays.com\/fr\/179227\/"},"modified":"2025-06-15T20:55:15","modified_gmt":"2025-06-15T20:55:15","slug":"saint-chamond-le-chien-mord-un-policier-qui-doit-faire-feu-pour-se-degager","status":"publish","type":"post","link":"https:\/\/www.europesays.com\/fr\/179227\/","title":{"rendered":"Saint-Chamond. Le chien mord un policier, qui doit faire feu pour se d\u00e9gager"},"content":{"rendered":"<p>Vendredi en fin d\u2019apr\u00e8s-midi, une patrouille de police est appel\u00e9e pour un diff\u00e9rend familial dans une propri\u00e9t\u00e9 \u00e0 proximit\u00e9 du centre-ville de Saint-Chamond.<\/p>\n<p>Quand le portail s\u2019ouvre, un chien sort de la cour et mord au tibia un des fonctionnaires. L\u2019animal ne l\u00e2chant pas son emprise, le policier sort son arme et lui tire dessus.<\/p>\n<p>  Quatre jours d\u2019ITT pour le policier<\/p>\n<p>Le chien est bless\u00e9 superficiellement \u00e0 la l\u00e8vre sup\u00e9rieure. Le fonctionnaire, lui, touch\u00e9 \u00e0 la jambe, a \u00e9t\u00e9 pris en charge par les pompiers et s\u2019en sort avec quatre jours d\u2019ITT.<\/p>\n<p>Une \u00e9quipe cynophile a pris en charge le chien, qui a \u00e9t\u00e9 transport\u00e9 chez un v\u00e9t\u00e9rinaire. Sa propri\u00e9taire devra le faire examiner par un comportementaliste pour \u00e9valuer sa dangerosit\u00e9.<\/p>\n","protected":false},"excerpt":{"rendered":"Vendredi en fin d\u2019apr\u00e8s-midi, une patrouille de police est appel\u00e9e pour un diff\u00e9rend familial dans une propri\u00e9t\u00e9 \u00e0&hellip;\n","protected":false},"author":2,"featured_media":179228,"comment_status":"","ping_status":"","sticky":false,"template":"","format":"standard","meta":{"footnotes":""},"categories":[9653],"tags":[1111,11,1867,2430,271,272,7539,1777,674,274,1011,27,3367,12,25,9669,9670,4001,104],"class_list":{"0":"post-179227","1":"post","2":"type-post","3":"status-publish","4":"format-standard","5":"has-post-thumbnail","7":"category-saint-etienne","8":"tag-actu","9":"tag-actualites","10":"tag-animaux","11":"tag-auvergne-rhone-alpes","12":"tag-crime","13":"tag-delit-et-contravention","14":"tag-edition-loire-sud","15":"tag-eu","16":"tag-europe","17":"tag-faits-divers-justice","18":"tag-fr","19":"tag-france","20":"tag-loire","21":"tag-news","22":"tag-republique-francaise","23":"tag-saint-chamond","24":"tag-saint-chamond-ville","25":"tag-saint-etienne","26":"tag-societe"},"share_on_mastodon":{"url":"https:\/\/pubeurope.com\/@fr\/114689377813233044","error":""},"_links":{"self":[{"href":"https:\/\/www.europesays.com\/fr\/wp-json\/wp\/v2\/posts\/179227","targetHints":{"allow":["GET"]}}],"collection":[{"href":"https:\/\/www.europesays.com\/fr\/wp-json\/wp\/v2\/posts"}],"about":[{"href":"https:\/\/www.europesays.com\/fr\/wp-json\/wp\/v2\/types\/post"}],"author":[{"embeddable":true,"href":"https:\/\/www.europesays.com\/fr\/wp-json\/wp\/v2\/users\/2"}],"replies":[{"embeddable":true,"href":"https:\/\/www.europesays.com\/fr\/wp-json\/wp\/v2\/comments?post=179227"}],"version-history":[{"count":0,"href":"https:\/\/www.europesays.com\/fr\/wp-json\/wp\/v2\/posts\/179227\/revisions"}],"wp:featuredmedia":[{"embeddable":true,"href":"https:\/\/www.europesays.com\/fr\/wp-json\/wp\/v2\/media\/179228"}],"wp:attachment":[{"href":"https:\/\/www.europesays.com\/fr\/wp-json\/wp\/v2\/media?parent=179227"}],"wp:term":[{"taxonomy":"category","embeddable":true,"href":"https:\/\/www.europesays.com\/fr\/wp-json\/wp\/v2\/categories?post=179227"},{"taxonomy":"post_tag","embeddable":true,"href":"https:\/\/www.europesays.com\/fr\/wp-json\/wp\/v2\/tags?post=179227"}],"curies":[{"name":"wp","href":"https:\/\/api.w.org\/{rel}","templated":true}]}}