{"id":179249,"date":"2025-06-15T21:12:09","date_gmt":"2025-06-15T21:12:09","guid":{"rendered":"https:\/\/www.europesays.com\/fr\/179249\/"},"modified":"2025-06-15T21:12:09","modified_gmt":"2025-06-15T21:12:09","slug":"padel-le-strasbourgeois-christophe-henry-champion-de-france-des-plus-de-45-ans","status":"publish","type":"post","link":"https:\/\/www.europesays.com\/fr\/179249\/","title":{"rendered":"Padel. Le Strasbourgeois Christophe Henry champion de France des plus de 45 ans"},"content":{"rendered":"<p data-start=\"88\" data-end=\"426\">Class\u00e9 148e meilleur joueur fran\u00e7ais de padel \u00e0 50 ans, le Strasbourgeois\u00a0Christophe Henry, licenci\u00e9 \u00e0 Vendenheim, a remport\u00e9 ce dimanche le\u00a0championnat de France de padel +45 ans, aux c\u00f4t\u00e9s de son partenaire\u00a0Fr\u00e9d\u00e9ric Loriedo (115e, PACA). T\u00eates de s\u00e9rie n\u00b01 du tournoi, ils se sont impos\u00e9s de haute lutte en\u00a0finale face \u00e0 Julien Datchary et Nicolas Kischewitz, t\u00eates de s\u00e9rie n\u00b02.<\/p>\n<p data-start=\"428\" data-end=\"670\">La victoire s\u2019est jou\u00e9e en trois manches : 6\/2, 6\/7, 6\/4. Apr\u00e8s avoir manqu\u00e9 une balle de match dans le tie-break du second set puis quatre dans le dernier jeu, Henry et Loriedo ont fini par conclure sur la sixi\u00e8me, au terme d\u2019un combat o\u00f9 le jeu rapide et les qualit\u00e9s physique de la paire alsaco-proven\u00e7ale a fait la diff\u00e9rence.<\/p>\n<p>Arnaud Cl\u00e9ment et Arnaud Di Pasquale en 2024<\/p>\n<p data-start=\"672\" data-end=\"1050\">Rappelons que le titre 2024 avait \u00e9t\u00e9 remport\u00e9 par les anciens tennismen Arnaud Cl\u00e9ment et Arnaud Di Pasquale, qui s\u2019\u00e9taient impos\u00e9s sans perdre un set. Un an plus tard, la cat\u00e9gorie +45 ans continue d\u2019offrir du spectacle, des matches serr\u00e9s\u2026 et de nouveaux champions.<\/p>\n","protected":false},"excerpt":{"rendered":"Class\u00e9 148e meilleur joueur fran\u00e7ais de padel \u00e0 50 ans, le Strasbourgeois\u00a0Christophe Henry, licenci\u00e9 \u00e0 Vendenheim, a remport\u00e9&hellip;\n","protected":false},"author":2,"featured_media":179250,"comment_status":"","ping_status":"","sticky":false,"template":"","format":"standard","meta":{"footnotes":""},"categories":[2820],"tags":[1111,11,2649,2880,1777,674,107,1011,27,775,12,25,517,640,1467],"class_list":{"0":"post-179249","1":"post","2":"type-post","3":"status-publish","4":"format-standard","5":"has-post-thumbnail","7":"category-strasbourg","8":"tag-actu","9":"tag-actualites","10":"tag-bas-rhin","11":"tag-edition-strasbourg","12":"tag-eu","13":"tag-europe","14":"tag-fil-info","15":"tag-fr","16":"tag-france","17":"tag-grand-est","18":"tag-news","19":"tag-republique-francaise","20":"tag-sport","21":"tag-strasbourg","22":"tag-tennis"},"share_on_mastodon":{"url":"https:\/\/pubeurope.com\/@fr\/114689444662989890","error":""},"_links":{"self":[{"href":"https:\/\/www.europesays.com\/fr\/wp-json\/wp\/v2\/posts\/179249","targetHints":{"allow":["GET"]}}],"collection":[{"href":"https:\/\/www.europesays.com\/fr\/wp-json\/wp\/v2\/posts"}],"about":[{"href":"https:\/\/www.europesays.com\/fr\/wp-json\/wp\/v2\/types\/post"}],"author":[{"embeddable":true,"href":"https:\/\/www.europesays.com\/fr\/wp-json\/wp\/v2\/users\/2"}],"replies":[{"embeddable":true,"href":"https:\/\/www.europesays.com\/fr\/wp-json\/wp\/v2\/comments?post=179249"}],"version-history":[{"count":0,"href":"https:\/\/www.europesays.com\/fr\/wp-json\/wp\/v2\/posts\/179249\/revisions"}],"wp:featuredmedia":[{"embeddable":true,"href":"https:\/\/www.europesays.com\/fr\/wp-json\/wp\/v2\/media\/179250"}],"wp:attachment":[{"href":"https:\/\/www.europesays.com\/fr\/wp-json\/wp\/v2\/media?parent=179249"}],"wp:term":[{"taxonomy":"category","embeddable":true,"href":"https:\/\/www.europesays.com\/fr\/wp-json\/wp\/v2\/categories?post=179249"},{"taxonomy":"post_tag","embeddable":true,"href":"https:\/\/www.europesays.com\/fr\/wp-json\/wp\/v2\/tags?post=179249"}],"curies":[{"name":"wp","href":"https:\/\/api.w.org\/{rel}","templated":true}]}}