{"id":179251,"date":"2025-06-15T21:13:20","date_gmt":"2025-06-15T21:13:20","guid":{"rendered":"https:\/\/www.europesays.com\/fr\/179251\/"},"modified":"2025-06-15T21:13:20","modified_gmt":"2025-06-15T21:13:20","slug":"nice-un-violent-accident-fait-huit-victimes-deux-personnes-dans-un-etat-grave","status":"publish","type":"post","link":"https:\/\/www.europesays.com\/fr\/179251\/","title":{"rendered":"Nice. Un violent accident fait huit victimes, deux personnes dans un \u00e9tat grave"},"content":{"rendered":"<p>            Par<br \/>\n        <strong><br \/>\n            <a href=\"https:\/\/actu.fr\/auteur\/ugo-maillard\" title=\"Consulter tous les articles de Ugo Maillard\" rel=\"nofollow noopener\" target=\"_blank\">Ugo Maillard<\/a><br \/>\n        <\/strong><\/p>\n<p>        Publi\u00e9 le<\/p>\n<p>            10 juin 2025 \u00e0 9h44        <\/p>\n<p>Aux alentours de minuit, un <strong>accident de la circulation<\/strong> a \u00e9t\u00e9 signal\u00e9 au niveau de l\u2019autoroute urbaine de <a href=\"https:\/\/actu.fr\/nice\/\" rel=\"nofollow noopener\" target=\"_blank\">Nice<\/a>, la voie Mathis, dans la nuit du lundi\u00a09 au mardi 10\u00a0juin 2025.<\/p>\n<p>    <a href=\"https:\/\/www.google.com\/maps\/embed?pb=!1m18!1m12!1m3!1d22724.51663125316!2d7.263546420710737!3d43.68672780890659!2m3!1f0!2f0!3f0!3m2!1i1024!2i768!4f13.1!3m3!1m2!1s0x12cdd06c317be7c1%3A0xe43327f1202c8768!2sVoie%20Pierre%20Mathis%2C%20Nice!5e0!3m2!1sfr!2sfr!4v1749540805666!5m2!1sfr!2sfr\" title=\"Ouvrie le lien\" rel=\"nofollow noopener\" target=\"_blank\">Cliquez ici pour visualiser le contenu<\/a><\/p>\n<p class=\" wall-content\">Les sapeurs-pompiers des <a href=\"https:\/\/actu.fr\/provence-alpes-cote-d-azur\/alpes-maritimes_06\" rel=\"nofollow noopener\" target=\"_blank\">Alpes-Maritimes<\/a> sont intervenus pour prendre en charge huit personnes impliqu\u00e9es dans le choc.<\/p>\n<p class=\" wall-content\">Une voiture avec deux hommes \u00e0 son bord est entr\u00e9e en collision avec un VTC et ses six occupants.<\/p>\n<p>Deux voitures dans l\u2019accident<\/p>\n<p class=\" wall-content\">Selon un premier bilan des pompiers transmis \u00e0 actu Nice, parmi les huit bless\u00e9s, deux se trouvaient dans un \u00e9tat grave.<\/p>\n<p>Vid\u00e9os : en ce moment sur Actu<\/p>\n<p class=\" wall-content\">Le premier est un homme de 58\u00a0ans qui a d\u00fb \u00eatre d\u00e9sincarc\u00e9r\u00e9. Le second est \u00e9galement un homme \u00e2g\u00e9 de 58\u00a0ans. Les deux personnes qui se trouvaient dans la m\u00eame voiture ont \u00e9t\u00e9 <strong>transport\u00e9es vers les urgences<\/strong> de Pasteur II.<\/p>\n<p class=\" wall-content\">Les passagers et le conducteur du VTC sont tous indemnes.<\/p>\n<p class=\" wall-content\">Suivez toute l\u2019actualit\u00e9 de vos villes et m\u00e9dias favoris en vous inscrivant \u00e0 <a href=\"https:\/\/moncompte.actu.fr\" title=\"D\u00e9couvez Mon Actu\" rel=\"nofollow noopener\" data-trk=\"{&quot;cta&quot;:{&quot;action&quot;:&quot;https:\\\/\\\/moncompte.actu.fr&quot;,&quot;category&quot;:&quot;mon compte&quot;,&quot;from&quot;:&quot;article footer&quot;,&quot;name&quot;:&quot;Mon actu&quot;,&quot;type&quot;:&quot;cta&quot;}}\" target=\"_blank\">Mon Actu<\/a>.<\/p>\n","protected":false},"excerpt":{"rendered":"Par Ugo Maillard Publi\u00e9 le 10 juin 2025 \u00e0 9h44 Aux alentours de minuit, un accident de la&hellip;\n","protected":false},"author":2,"featured_media":179252,"comment_status":"","ping_status":"","sticky":false,"template":"","format":"standard","meta":{"footnotes":""},"categories":[2819],"tags":[119,1111,11,1777,674,118,1011,27,12,2401,1311,882,25],"class_list":{"0":"post-179251","1":"post","2":"type-post","3":"status-publish","4":"format-standard","5":"has-post-thumbnail","7":"category-nice","8":"tag-accident","9":"tag-actu","10":"tag-actualites","11":"tag-eu","12":"tag-europe","13":"tag-faits-divers","14":"tag-fr","15":"tag-france","16":"tag-news","17":"tag-nice","18":"tag-pompiers","19":"tag-provence-alpes-cote-dazur","20":"tag-republique-francaise"},"share_on_mastodon":{"url":"https:\/\/pubeurope.com\/@fr\/114689448580732861","error":""},"_links":{"self":[{"href":"https:\/\/www.europesays.com\/fr\/wp-json\/wp\/v2\/posts\/179251","targetHints":{"allow":["GET"]}}],"collection":[{"href":"https:\/\/www.europesays.com\/fr\/wp-json\/wp\/v2\/posts"}],"about":[{"href":"https:\/\/www.europesays.com\/fr\/wp-json\/wp\/v2\/types\/post"}],"author":[{"embeddable":true,"href":"https:\/\/www.europesays.com\/fr\/wp-json\/wp\/v2\/users\/2"}],"replies":[{"embeddable":true,"href":"https:\/\/www.europesays.com\/fr\/wp-json\/wp\/v2\/comments?post=179251"}],"version-history":[{"count":0,"href":"https:\/\/www.europesays.com\/fr\/wp-json\/wp\/v2\/posts\/179251\/revisions"}],"wp:featuredmedia":[{"embeddable":true,"href":"https:\/\/www.europesays.com\/fr\/wp-json\/wp\/v2\/media\/179252"}],"wp:attachment":[{"href":"https:\/\/www.europesays.com\/fr\/wp-json\/wp\/v2\/media?parent=179251"}],"wp:term":[{"taxonomy":"category","embeddable":true,"href":"https:\/\/www.europesays.com\/fr\/wp-json\/wp\/v2\/categories?post=179251"},{"taxonomy":"post_tag","embeddable":true,"href":"https:\/\/www.europesays.com\/fr\/wp-json\/wp\/v2\/tags?post=179251"}],"curies":[{"name":"wp","href":"https:\/\/api.w.org\/{rel}","templated":true}]}}