{"id":179253,"date":"2025-06-15T21:14:23","date_gmt":"2025-06-15T21:14:23","guid":{"rendered":"https:\/\/www.europesays.com\/fr\/179253\/"},"modified":"2025-06-15T21:14:23","modified_gmt":"2025-06-15T21:14:23","slug":"on-traite-mieux-les-trafiquants-de-stups-le-coup-de-gueule-de-lavocat-dun-animateur-mis-en-cause-pour-maltraitance-sur-les-enfants-dun-club-de-sport-de-nice","status":"publish","type":"post","link":"https:\/\/www.europesays.com\/fr\/179253\/","title":{"rendered":"\u00ab\u00a0On traite mieux les trafiquants de stups\u00a0\u00bb, le coup de gueule de l\u2019avocat d\u2019un animateur mis en cause pour maltraitance sur les enfants d\u2019un club de sport de Nice"},"content":{"rendered":"<p>C\u2019est dans une discr\u00e8te salle du palais de justice de Nice, loin de l\u2019effervescence suscit\u00e9e par l\u2019affaire, que trois hommes ont boucl\u00e9 un premier rendez-vous judiciaire, vendredi apr\u00e8s-midi. Tous trois ont \u00e9t\u00e9 plac\u00e9s en garde \u00e0 vue dans l\u2019affaire de maltraitances pr\u00e9sum\u00e9es \u00e0 l\u2019Ultra Cimiez, ce club de sport ni\u00e7ois dans la tourmente <a href=\"https:\/\/www.nicematin.com\/faits-divers\/maltraitances-sur-des-enfants-dans-un-club-de-sports-a-nice-le-procureur-ouvre-une-enquete-pour-violences-sur-mineurs-977442\" rel=\"nofollow noopener\" target=\"_blank\">depuis la r\u00e9v\u00e9lation de faits de maltraitance, il y a trois mois, dans nos colonnes<\/a>.<\/p>\n<p>Ils sont d\u00e9sormais attendus par le tribunal correctionnel de Nice le 26 septembre.<\/p>\n<p>Un quatri\u00e8me gard\u00e9 \u00e0 vue, entendu en Corse, n\u2019a pas \u00e9t\u00e9 d\u00e9f\u00e9r\u00e9.<\/p>\n<p><a href=\"https:\/\/www.nicematin.com\/faits-divers\/violences-sur-des-mineurs-au-club-ultra-cimiez-a-nice-4-personnes-en-garde-a-vue-989981\" rel=\"nofollow noopener\" target=\"_blank\">Les trois hommes entendus par la brigade des mineurs du service local de police judiciaire (SLPJ) de Nice<\/a> ont, eux, \u00e9t\u00e9 pr\u00e9sent\u00e9s au parquet, puis au juge des libert\u00e9s et de la d\u00e9tention (JLD), en vue d\u2019un placement en contr\u00f4le judiciaire. Restait \u00e0 en d\u00e9finir les modalit\u00e9s.<\/p>\n<p>L\u2019un d\u2019eux est l\u2019ancien animateur film\u00e9 en train de tirer avec un ballon dans la t\u00eate d\u2019enfants \u00e2g\u00e9s de 8 ans. Un autre animateur est poursuivi pour l\u2019avoir film\u00e9. Le g\u00e9rant du club, quant \u00e0 lui, r\u00e9pond de non-d\u00e9nonciation de mauvais traitements sur des mineurs.<\/p>\n<p>Leur audience devant le JLD s\u2019est d\u00e9roul\u00e9e \u00e0 huis clos. \u00c0 ce stade, leurs avocats refusent de s\u2019exprimer sur le fond du dossier. La proc\u00e9dure, elle, ne manque pas de faire r\u00e9agir.<\/p>\n<p>\u00ab\u00a0Dossier surm\u00e9diatis\u00e9\u00a0\u00bb<\/p>\n<p>\u00ab\u00a0Sur 48 heures de garde \u00e0 vue, mon client a pass\u00e9 quatre heures en audition, puis quarante-quatre dans les ge\u00f4les au milieu des excr\u00e9ments, de l\u2019urine et du vomi, s\u2019indigne Me Paul Sollacaro, avocat du principal mis en cause. \u00c0 pr\u00e9sent, il passe une journ\u00e9e \u00e0 attendre dans les ge\u00f4les du tribunal. Et j\u2019apprends par la presse qu\u2019il y aura une convocation par proc\u00e8s-verbal! Le traitement de ce dossier n\u2019est pas ad\u00e9quat, parce qu\u2019il a \u00e9t\u00e9 m\u00e9diatis\u00e9, et surm\u00e9diatis\u00e9. On traite mieux les trafiquants de stups!\u00a0\u00bb<\/p>\n<p>Me Sollacaro cible le parquet, et non la brigade des mineurs, \u00ab\u00a0qui a \u00e9t\u00e9 correcte\u00a0\u00bb. Selon lui, son client est aujourd\u2019hui \u00ab\u00a0KO, lessiv\u00e9, sans emploi. Il d\u00e9couvre la justice de son pays&#8230;\u00a0\u00bb.<\/p>\n<p>Me Mathurin Lauze d\u00e9fend pour sa part le g\u00e9rant du club. Il d\u00e9peint un homme \u00ab\u00a0compl\u00e8tement d\u00e9sempar\u00e9 par la situation. \u00c0 compter du moment o\u00f9 il a eu connaissance des faits, il a contact\u00e9 tous les parents, cr\u00e9\u00e9 un mail d\u00e9di\u00e9 et d\u00e9pos\u00e9 plainte. Il est dans l\u2019incompr\u00e9hension et vit extr\u00eamement mal cette suspicion. Il dit: Comment aurais-je pu, du r\u00e9agir diff\u00e9remment?\u00a0\u00bb<\/p>\n<p>L\u2019enjeu de cette audience \u00e9tait de taille pour lui, et pour son club. Le parquet avait requis une interdiction d\u2019exercer une activit\u00e9 au contact de mineurs. Me Lauze a finalement obtenu qu\u2019il n\u2019en soit rien. Cette interdiction a, en revanche, \u00e9t\u00e9 prononc\u00e9e pour les animateurs. Tous ont l\u2019interdiction de contacter leurs copr\u00e9venus et les victimes pr\u00e9sum\u00e9es. Selon le procureur Damien Martinelli, \u00ab\u00a0au moins huit enfants sont reconnus en qualit\u00e9 de victimes\u00a0\u00bb.<\/p>\n","protected":false},"excerpt":{"rendered":"C\u2019est dans une discr\u00e8te salle du palais de justice de Nice, loin de l\u2019effervescence suscit\u00e9e par l\u2019affaire, que&hellip;\n","protected":false},"author":2,"featured_media":179254,"comment_status":"","ping_status":"","sticky":false,"template":"","format":"standard","meta":{"footnotes":""},"categories":[2819],"tags":[1111,11,1777,674,118,1011,27,303,12,2401,882,25],"class_list":{"0":"post-179253","1":"post","2":"type-post","3":"status-publish","4":"format-standard","5":"has-post-thumbnail","7":"category-nice","8":"tag-actu","9":"tag-actualites","10":"tag-eu","11":"tag-europe","12":"tag-faits-divers","13":"tag-fr","14":"tag-france","15":"tag-justice","16":"tag-news","17":"tag-nice","18":"tag-provence-alpes-cote-dazur","19":"tag-republique-francaise"},"share_on_mastodon":{"url":"https:\/\/pubeurope.com\/@fr\/114689452482178640","error":""},"_links":{"self":[{"href":"https:\/\/www.europesays.com\/fr\/wp-json\/wp\/v2\/posts\/179253","targetHints":{"allow":["GET"]}}],"collection":[{"href":"https:\/\/www.europesays.com\/fr\/wp-json\/wp\/v2\/posts"}],"about":[{"href":"https:\/\/www.europesays.com\/fr\/wp-json\/wp\/v2\/types\/post"}],"author":[{"embeddable":true,"href":"https:\/\/www.europesays.com\/fr\/wp-json\/wp\/v2\/users\/2"}],"replies":[{"embeddable":true,"href":"https:\/\/www.europesays.com\/fr\/wp-json\/wp\/v2\/comments?post=179253"}],"version-history":[{"count":0,"href":"https:\/\/www.europesays.com\/fr\/wp-json\/wp\/v2\/posts\/179253\/revisions"}],"wp:featuredmedia":[{"embeddable":true,"href":"https:\/\/www.europesays.com\/fr\/wp-json\/wp\/v2\/media\/179254"}],"wp:attachment":[{"href":"https:\/\/www.europesays.com\/fr\/wp-json\/wp\/v2\/media?parent=179253"}],"wp:term":[{"taxonomy":"category","embeddable":true,"href":"https:\/\/www.europesays.com\/fr\/wp-json\/wp\/v2\/categories?post=179253"},{"taxonomy":"post_tag","embeddable":true,"href":"https:\/\/www.europesays.com\/fr\/wp-json\/wp\/v2\/tags?post=179253"}],"curies":[{"name":"wp","href":"https:\/\/api.w.org\/{rel}","templated":true}]}}