{"id":179255,"date":"2025-06-15T21:15:13","date_gmt":"2025-06-15T21:15:13","guid":{"rendered":"https:\/\/www.europesays.com\/fr\/179255\/"},"modified":"2025-06-15T21:15:13","modified_gmt":"2025-06-15T21:15:13","slug":"un-homme-tue-a-coups-de-couteau-a-reze-sa-compagne-mise-en-examen-pour-meurtre-par-conjoint-2","status":"publish","type":"post","link":"https:\/\/www.europesays.com\/fr\/179255\/","title":{"rendered":"Un homme tu\u00e9 \u00e0 coups de couteau \u00e0 Rez\u00e9\u00a0: sa compagne mise en examen pour meurtre par conjoint"},"content":{"rendered":"<tr wp_automatic_readability=\"5.888198757764\">\n<td valign=\"middle\" align=\"center\" class=\"col-logo\" wp_automatic_readability=\"5\">\n    <img decoding=\"async\" src=\"https:\/\/maville.com\/design\/images\/logo-of-monetise.svg?version=20130627\" alt=\"logo Ouest-France\" height=\"66\"\/><\/p>\n<p>Contenu r\u00e9serv\u00e9 aux abonn\u00e9s<\/p>\n<\/td>\n<td class=\"col-titre\">\n\t\t\tDimanche 15 juin 2025 18:48<br \/>\n\t\t\t<a class=\"icon-bulle sizeL count\" href=\"#ancreAvis\"><br \/>\n\t&#8230;<br \/>\n<\/a><\/td>\n<\/tr>\n<p>\t\t<a class=\"mavillebox2 elmt-photo\" href=\"https:\/\/maville.com\/photosmvi\/2025\/06\/15\/P35292528D6854797G.jpg\" title=\" Pr\u00e9sent\u00e9e \u00e0 un juge d\u2019instruction, la concubine du d\u00e9funt a \u00e9t\u00e9 mise en examen pour meurtre sur conjoint.  \u00a9  Archives Ouest-France  &lt;!--TAG-BLC credit--&gt;\" rel=\"galerie_actu nofollow noopener\" target=\"_blank\"><br \/>\n\t<img decoding=\"async\" src=\"https:\/\/www.europesays.com\/fr\/wp-content\/uploads\/2025\/06\/P35292528D6854797G_crop_640-330_.jpg\" alt=\"photo  pr\u00e9sent\u00e9e \u00e0 un juge d\u2019instruction, la concubine du d\u00e9funt a \u00e9t\u00e9 mise en examen pour meurtre sur conjoint.  \u00a9  archives ouest-france \"\/><br \/>\n\t1<br \/>\n<\/a><\/p>\n<p class=\"elmt-legende\"> Pr\u00e9sent\u00e9e \u00e0 un juge d\u2019instruction, la concubine du d\u00e9funt a \u00e9t\u00e9 mise en examen pour meurtre sur conjoint.  \u00a9  Archives Ouest-France  <\/p>\n<p>\t\tConcubine de la victime du meurtre perp\u00e9tr\u00e9 vendredi 13\u00a0juin \u00e0 Rez\u00e9 au sud de Nantes, cette femme de 55\u00a0ans avait \u00e9t\u00e9 plac\u00e9e en garde \u00e0 vue quelques heures plus tard. Elle a \u00e9t\u00e9 mise en examen et risque d\u00e9sormais un placement en d\u00e9tention provisoire.<\/p>\n<p><b>Cet article est r\u00e9serv\u00e9 aux abonn\u00e9s<\/b><\/p>\n<p>Pour un acc\u00e8s imm\u00e9diat, abonnez-vous<\/p>\n<p><b>1\u00e8re semaine offerte<\/b><\/p>\n<p>\t\t Josu\u00e9 JEAN-BART. \u00a0\u00a0<br \/>\n\t\tOuest-France<\/p>\n<p>Retrouvez d&rsquo;autres actus sur les communes de :<\/p>\n<p>\t\t&#13;<\/p>\n","protected":false},"excerpt":{"rendered":"Contenu r\u00e9serv\u00e9 aux abonn\u00e9s Dimanche 15 juin 2025 18:48 &#8230; 1 Pr\u00e9sent\u00e9e \u00e0 un juge d\u2019instruction, la concubine&hellip;\n","protected":false},"author":2,"featured_media":179139,"comment_status":"","ping_status":"","sticky":false,"template":"","format":"standard","meta":{"footnotes":""},"categories":[2818],"tags":[1111,11,16152,31600,854,5264,1777,674,5061,1011,27,4933,777,6352,766,12,2636,25,3740,6689,5911,9693],"class_list":{"0":"post-179255","1":"post","2":"type-post","3":"status-publish","4":"format-standard","5":"has-post-thumbnail","7":"category-nantes","8":"tag-actu","9":"tag-actualites","10":"tag-compagne","11":"tag-conjoint","12":"tag-coups","13":"tag-couteau","14":"tag-eu","15":"tag-europe","16":"tag-examen","17":"tag-fr","18":"tag-france","19":"tag-homme","20":"tag-meurtre","21":"tag-mise","22":"tag-nantes","23":"tag-news","24":"tag-pays-de-la-loire","25":"tag-republique-francaise","26":"tag-reze","27":"tag-roche","28":"tag-tue","29":"tag-yon"},"share_on_mastodon":{"url":"https:\/\/pubeurope.com\/@fr\/114689456570199663","error":""},"_links":{"self":[{"href":"https:\/\/www.europesays.com\/fr\/wp-json\/wp\/v2\/posts\/179255","targetHints":{"allow":["GET"]}}],"collection":[{"href":"https:\/\/www.europesays.com\/fr\/wp-json\/wp\/v2\/posts"}],"about":[{"href":"https:\/\/www.europesays.com\/fr\/wp-json\/wp\/v2\/types\/post"}],"author":[{"embeddable":true,"href":"https:\/\/www.europesays.com\/fr\/wp-json\/wp\/v2\/users\/2"}],"replies":[{"embeddable":true,"href":"https:\/\/www.europesays.com\/fr\/wp-json\/wp\/v2\/comments?post=179255"}],"version-history":[{"count":0,"href":"https:\/\/www.europesays.com\/fr\/wp-json\/wp\/v2\/posts\/179255\/revisions"}],"wp:featuredmedia":[{"embeddable":true,"href":"https:\/\/www.europesays.com\/fr\/wp-json\/wp\/v2\/media\/179139"}],"wp:attachment":[{"href":"https:\/\/www.europesays.com\/fr\/wp-json\/wp\/v2\/media?parent=179255"}],"wp:term":[{"taxonomy":"category","embeddable":true,"href":"https:\/\/www.europesays.com\/fr\/wp-json\/wp\/v2\/categories?post=179255"},{"taxonomy":"post_tag","embeddable":true,"href":"https:\/\/www.europesays.com\/fr\/wp-json\/wp\/v2\/tags?post=179255"}],"curies":[{"name":"wp","href":"https:\/\/api.w.org\/{rel}","templated":true}]}}