{"id":179268,"date":"2025-06-15T21:23:09","date_gmt":"2025-06-15T21:23:09","guid":{"rendered":"https:\/\/www.europesays.com\/fr\/179268\/"},"modified":"2025-06-15T21:23:09","modified_gmt":"2025-06-15T21:23:09","slug":"pour-lutter-contre-les-violences-sexistes-et-sexuelles-loperation-safer-fait-son-retour-sur-les-plages-marseillaises","status":"publish","type":"post","link":"https:\/\/www.europesays.com\/fr\/179268\/","title":{"rendered":"Pour lutter contre les violences sexistes et sexuelles, l\u2019op\u00e9ration Safer fait son retour sur les plages marseillaises"},"content":{"rendered":"<p>Sur la plage des Catalans, trois filles bronzent sous le soleil du d\u00e9but de ce mois de juin. \u00ab\u00a0Quand tu vois quelque chose et que tu ne sais pas trop comment agir, c\u2019est un super moyen\u00a0\u00bb, pose Jeanne, l\u2019une d\u2019entre elles, en parlant du dispositif <a href=\"https:\/\/www.laprovence.com\/article\/region\/20443759126809\/video-marseille-safe-plage-lappli-pour-lutter-contre-le-harcelement-sur-les-plages\" target=\"_blank\" rel=\"noopener\">Safer Plage<\/a>.<\/p>\n<p>Cette op\u00e9ration de <strong>lutte contre les violences sexuelles et sexistes sur les plages<\/strong>, mise en place en\u00a02022 par la Ville de Marseille, est reconduite cet \u00e9t\u00e9.<\/p>\n<p>Une op\u00e9ration de sensibilisation efficace<\/p>\n<p>Destin\u00e9 au grand public, ce dispositif s\u2019articule autour d\u2019une \u00e9quipe de m\u00e9diateurs et m\u00e9diatrices form\u00e9s, qui seront pr\u00e9sents tout l\u2019\u00e9t\u00e9 pour <a href=\"https:\/\/www.laprovence.com\/article\/region\/68157583343891\/sur-la-plage-du-frioul-a-marseille-les-gabians-source-de-pollution-de-nos-eaux-de-baignade\" target=\"_blank\" rel=\"noopener\">sensibiliser les plagistes<\/a> autour des violences sexuelles et sexistes, et une application simple d\u2019utilisation, Safer Plage, qui permet aux utilisateurs de signaler anonymement les incivilit\u00e9s afin que les m\u00e9diateurs puissent intervenir.<\/p>\n<p>Justine No\u00ebl, responsable du projet Safer, t\u00e9moigne du succ\u00e8s de l\u2019application depuis son lancement le 30\u00a0mai\u00a02025\u00a0: plus d\u2019une centaine de personnes l\u2019ont d\u00e9j\u00e0 install\u00e9e sur leur smartphone.\u00a0Si l\u2019application rencontre malgr\u00e9 tout une certaine stagnation du nombre d\u2019utilisateurs depuis l\u2019ann\u00e9e derni\u00e8re, sa fondatrice rappelle que c\u2019est un indicateur positif\u00a0: \u00ab\u00a0Cet outil agit en compl\u00e9mentarit\u00e9 de la pr\u00e9sence humaine. Si les t\u00e9l\u00e9chargements stagnent, c\u2019est que <strong>la pr\u00e9vention et la dissuasion par les m\u00e9diateurs fonctionnent bien<\/strong>.\u00a0\u00bb<\/p>\n<p>La conseill\u00e8re municipale charg\u00e9e de la d\u00e9l\u00e9gation des droits des femmes et de la lutte contre les violences faites aux femmes, Nathalie Tessier, se f\u00e9licite de l\u2019efficacit\u00e9 de Safer Plage\u00a0: \u00ab\u00a0Les Marseillaises s\u2019en sont empar\u00e9es, on dirait que \u00e7a a toujours exist\u00e9.\u00a0\u00bb<\/p>\n<p>Barnum d\u2019accueil install\u00e9 face aux plagistes et violentom\u00e8tre plant\u00e9 dans le sable, la plage des Catalans n\u2019a jamais \u00e9t\u00e9 aussi s\u00fbre. \u00ab\u00a0C\u2019est extr\u00eamement dissuasif [\u2026] et les victimes et t\u00e9moins osent d\u00e9noncer\u00a0\u00bb, assure la conseill\u00e8re municipale. Et \u00e7a ne loupe pas\u00a0; d\u00e8s l\u2019interview termin\u00e9e, six jeunes filles se rendent sous la tente pour trouver de l\u2019assistance apr\u00e8s avoir \u00e9t\u00e9 film\u00e9es et photographi\u00e9es dans l\u2019eau sans leur consentement par un homme.<\/p>\n<p>En une fraction de seconde, quatre intervenants se rendent aupr\u00e8s du coupable, tandis qu\u2019Alice, une autre m\u00e9diatrice, s\u2019occupe de recueillir la parole des victimes.<\/p>\n<p>D\u2019autres moyens de pr\u00e9ventions existent<\/p>\n<p>Un peu plus loin, <a href=\"https:\/\/www.laprovence.com\/article\/region\/1591536613707915\/face-aux-fetes-techno-sur-la-plage-du-prophete-a-marseille-les-riverains-vivent-un-ete-en-enfer\" target=\"_blank\" rel=\"noopener\">sur la plage du Proph\u00e8te<\/a>, une amatrice de topless (sans haut) s\u2019interroge\u00a0: \u00ab\u00a0Je ne sais pas si j\u2019oserais d\u00e9noncer un mec qui regarde un peu trop mes seins\u00a0\u00bb, se demande Victoria. \u00ab\u00a0Si un mec vient m\u2019embrouiller, mon premier r\u00e9flexe ne sera pas d\u2019aller le signaler sur l\u2019application\u00a0\u00bb, ajoute-t-elle.<\/p>\n<p>La jeune femme admet toutefois que \u00ab\u00a0ce genre de dispositif est n\u00e9cessaire \u00e0 un changement soci\u00e9tal\u00a0\u00bb. Pour d\u2019autres, le dispositif reste \u00e0 \u00e9largir\u00a0: \u00ab\u00a0Sur des places fr\u00e9quent\u00e9es comme le Vieux-Port, ou dans les transports en commun, \u00e7a serait important aussi de mettre en place ce type de dispositif\u00a0\u00bb, rapporte Jeanne. \u00c0 cette demande, Nathalie Tessier rappelle que d\u2019autres moyens de pr\u00e9vention existent d\u00e9j\u00e0\u00a0: <a href=\"https:\/\/www.laprovence.com\/article\/region\/98606153434290\/harcelement-de-rue-100-lieux-refuges-a-marseille-grace-a-umay-l-application-a-utiliser-en-cas-de-danger\" target=\"_blank\" rel=\"noopener\">l\u2019application Umay notamment<\/a>, cr\u00e9\u00e9e pour <strong>lutter contre le harc\u00e8lement de rue<\/strong>.<\/p>\n<p>Pour cette saison estivale, l\u2019\u00e9lue esp\u00e8re que le dispositif permettra de \u00ab\u00a0sensibiliser et informer les jeunes et les moins jeunes, et encourager le fait de prendre soin les uns des autres [\u2026] afin que les femmes, m\u00eame seules, puissent aller \u00e0 la plage sans se demander ce qui va leur arriver\u00a0\u00bb.<\/p>\n<p>Des informations suppl\u00e9mentaires sur le dispositif sont disponibles sur le site de la <a href=\"https:\/\/www.marseille.fr\/social\/droits-des-femmes\/application-safer\" target=\"_blank\" rel=\"noopener\">ville de Marseille <\/a>et au <a href=\"https:\/\/www.marseille.fr\/social\/droits-des-femmes\/service\" target=\"_blank\" rel=\"noopener\">service droits des femmes<\/a>. Pour rappel, le harc\u00e8lement sexuel est passible de deux ans d\u2019emprisonnement et 30\u00a0000\u00a0euros d\u2019amende.<\/p>\n","protected":false},"excerpt":{"rendered":"Sur la plage des Catalans, trois filles bronzent sous le soleil du d\u00e9but de ce mois de juin.&hellip;\n","protected":false},"author":2,"featured_media":179269,"comment_status":"","ping_status":"","sticky":false,"template":"","format":"standard","meta":{"footnotes":""},"categories":[2814],"tags":[17,1111,11,1777,674,21,1011,27,12827,151,884,12,882,25,8133,24570,104,3711,3356],"class_list":{"0":"post-179268","1":"post","2":"type-post","3":"status-publish","4":"format-standard","5":"has-post-thumbnail","7":"category-marseille","8":"tag-17","9":"tag-actu","10":"tag-actualites","11":"tag-eu","12":"tag-europe","13":"tag-fait","14":"tag-fr","15":"tag-france","16":"tag-loperation","17":"tag-les","18":"tag-marseille","19":"tag-news","20":"tag-provence-alpes-cote-dazur","21":"tag-republique-francaise","22":"tag-retour","23":"tag-safer","24":"tag-societe","25":"tag-son","26":"tag-sur"},"share_on_mastodon":{"url":"https:\/\/pubeurope.com\/@fr\/114689487860838878","error":""},"_links":{"self":[{"href":"https:\/\/www.europesays.com\/fr\/wp-json\/wp\/v2\/posts\/179268","targetHints":{"allow":["GET"]}}],"collection":[{"href":"https:\/\/www.europesays.com\/fr\/wp-json\/wp\/v2\/posts"}],"about":[{"href":"https:\/\/www.europesays.com\/fr\/wp-json\/wp\/v2\/types\/post"}],"author":[{"embeddable":true,"href":"https:\/\/www.europesays.com\/fr\/wp-json\/wp\/v2\/users\/2"}],"replies":[{"embeddable":true,"href":"https:\/\/www.europesays.com\/fr\/wp-json\/wp\/v2\/comments?post=179268"}],"version-history":[{"count":0,"href":"https:\/\/www.europesays.com\/fr\/wp-json\/wp\/v2\/posts\/179268\/revisions"}],"wp:featuredmedia":[{"embeddable":true,"href":"https:\/\/www.europesays.com\/fr\/wp-json\/wp\/v2\/media\/179269"}],"wp:attachment":[{"href":"https:\/\/www.europesays.com\/fr\/wp-json\/wp\/v2\/media?parent=179268"}],"wp:term":[{"taxonomy":"category","embeddable":true,"href":"https:\/\/www.europesays.com\/fr\/wp-json\/wp\/v2\/categories?post=179268"},{"taxonomy":"post_tag","embeddable":true,"href":"https:\/\/www.europesays.com\/fr\/wp-json\/wp\/v2\/tags?post=179268"}],"curies":[{"name":"wp","href":"https:\/\/api.w.org\/{rel}","templated":true}]}}