{"id":179270,"date":"2025-06-15T21:24:08","date_gmt":"2025-06-15T21:24:08","guid":{"rendered":"https:\/\/www.europesays.com\/fr\/179270\/"},"modified":"2025-06-15T21:24:08","modified_gmt":"2025-06-15T21:24:08","slug":"ares-31-battu-ghiles-oudelha-a-tout-donne-a-marseille-devant-son-public","status":"publish","type":"post","link":"https:\/\/www.europesays.com\/fr\/179270\/","title":{"rendered":"ARES 31 : battu, Ghiles Oudelha a tout donn\u00e9 \u00e0 Marseille devant son public"},"content":{"rendered":"<p>Il y avait de l&rsquo;\u00e9lectricit\u00e9 dans la cage, samedi soir lors de l&rsquo;<a href=\"https:\/\/www.laprovence.com\/article\/sports\/11625652641077\/mma-avec-beaucoup-dengagement-le-show-ares-tient-ses-promesses\" target=\"_blank\" rel=\"noopener\">ARES 31 \u00e0 Marseille<\/a>. Une tension dense et brute comme un coup bien port\u00e9. Les chants r\u00e9sonnaient encore quand le gong final a sonn\u00e9 deux fois la fin des espoirs marseillais. Ghiles Oudelha et Ylies Djiroun se sont battus avec le c\u0153ur, mais les ceintures sont rest\u00e9es ni\u00e7oises et galloises.<\/p>\n<p>Dans le main event, Ghiles Oudelha, l&rsquo;enfant du pays, \u00e9tait bien d\u00e9cid\u00e9 \u00e0 bousculer l&rsquo;ordre \u00e9tabli, \u00e0 faire chuter un champion encore invaincu : Axel Sola. Le premier round est pour lui, sans \u00e9quivoque. Le deuxi\u00e8me, plus serr\u00e9, le voit encore avancer, tenter de maintenir la pression. Mais Sola est un strat\u00e8ge froid. Il observe, s&rsquo;ajuste. Petit \u00e0 petit, il r\u00e9ussit \u00e0 enfermer Oudelha contre la cage, place ses frappes avec plus de pr\u00e9cision. Le Ni\u00e7ois termine en contr\u00f4le&#8230; en chef d&rsquo;orchestre. Les juges rendent un verdict unanime. Oudelha, \u00e0 bout de souffle, baisse les yeux. Il a donn\u00e9 pour son peuple, sans tricher, sans calcul, mais malgr\u00e9 les poings arm\u00e9s, il n&rsquo;a pas r\u00e9ussi \u00e0 briser l&rsquo;armure. \u00ab\u00a0Je m&rsquo;excuse, j&rsquo;avais promis la ceinture, j&rsquo;avais pr\u00e9vu qu&rsquo;elle reste ici. Je reviendrai\u00a0\u00bb, promet le combattant de Saint-Pierre, forc\u00e9ment d\u00e9\u00e7u mais qui quitte l&rsquo;octogone salu\u00e9 par le public.<\/p>\n<p>Ylies Djiroun entamait, lui, la rencontre avec une fougue impressionnante. Face \u00e0 lui, Josh O&rsquo;Connor, invaincu sur son parcours amateur et tenant de son titre en premi\u00e8re d\u00e9fense, repr\u00e9sentait un obstacle de taille pour le Marseillais de 33 ans. D\u00e8s la premi\u00e8re reprise, Djiroun lance un crochet fulgurant qui faisait vaciller son adversaire. Apr\u00e8s avoir absorb\u00e9 la temp\u00eate, le Gallois se rel\u00e8ve et inverse la tendance au second round. Un genou soudain, suivi d&rsquo;un crochet droit, puis un encha\u00eenement au sol implacable. Djiroun ne peut plus se d\u00e9fendre, l&rsquo;arbitre arr\u00eate le combat. Dans la cage, la joie explosait chez les Britanniques tandis que, dans les gradins, le silence traduisait la frustration des supporters marseillais. Ylies Djiroun n&rsquo;a pas souhait\u00e9 faire de d\u00e9claration. Aldric Cassata, membre de l&rsquo;\u00e9quipe d&rsquo;Axel Sola, confie : \u00a0\u00bb C&rsquo;est dur, tr\u00e8s dur. Ylies avait les armes, mais \u00e0 ce niveau-l\u00e0, une erreur, et tout peut basculer.\u00a0\u00ab\u00a0<\/p>\n<p>Le Marseillais Del Guerra victorieux<\/p>\n<p>Un seul Marseillais a lev\u00e9 les bras ce samedi soir\u00a0: Vincent Del Guerra. Face au Serbe Nenad Avramovic, celui qu&rsquo;on appelle \u00ab\u00a0Warrior\u00a0\u00bb a trouv\u00e9 la solution au sol, en jouant la carte de la soumission. \u00ab\u00a0J&rsquo;ai eu du mal \u00e0 rentrer dans le combat, physiquement j&rsquo;\u00e9tais vraiment fatigu\u00e9\u00a0\u00bb, a-t-il confi\u00e9 \u00e0 chaud. \u00ab\u00a0Mais quand il m&rsquo;a ramen\u00e9 au sol la premi\u00e8re fois, je me suis dit\u00a0: non, pas encore une soir\u00e9e comme la derni\u00e8re \u00e0 Marseille. J&rsquo;ai pens\u00e9 au public, \u00e0 ceux qui se d\u00e9placent pour moi, alors j&rsquo;ai l\u00e2ch\u00e9 les chevaux.\u00a0\u00bb D\u00e9complex\u00e9, fier, Del Guerra combat aujourd&rsquo;hui pour un nouveau record. \u00ab\u00a0Je ne vise pas l&rsquo;UFC, je ne vise pas la ceinture. Mon objectif, c&rsquo;est de d\u00e9passer les 60 combats. Les petits nouveaux, ils ne feront jamais \u00e7a. Quand on parlera de Del Guerra, on dira qu&rsquo;il s&rsquo;est battu pour la France.\u00a0\u00bb<\/p>\n","protected":false},"excerpt":{"rendered":"Il y avait de l&rsquo;\u00e9lectricit\u00e9 dans la cage, samedi soir lors de l&rsquo;ARES 31 \u00e0 Marseille. Une tension&hellip;\n","protected":false},"author":2,"featured_media":179271,"comment_status":"","ping_status":"","sticky":false,"template":"","format":"standard","meta":{"footnotes":""},"categories":[2814],"tags":[17,1111,11,31237,9339,7687,1777,674,1011,27,31615,884,1847,12,31616,882,25,60,3585],"class_list":{"0":"post-179270","1":"post","2":"type-post","3":"status-publish","4":"format-standard","5":"has-post-thumbnail","7":"category-marseille","8":"tag-17","9":"tag-actu","10":"tag-actualites","11":"tag-ares","12":"tag-battu","13":"tag-donne","14":"tag-eu","15":"tag-europe","16":"tag-fr","17":"tag-france","18":"tag-ghiles","19":"tag-marseille","20":"tag-mma","21":"tag-news","22":"tag-oudelha","23":"tag-provence-alpes-cote-dazur","24":"tag-republique-francaise","25":"tag-sports","26":"tag-tout"},"share_on_mastodon":{"url":"https:\/\/pubeurope.com\/@fr\/114689497668676967","error":""},"_links":{"self":[{"href":"https:\/\/www.europesays.com\/fr\/wp-json\/wp\/v2\/posts\/179270","targetHints":{"allow":["GET"]}}],"collection":[{"href":"https:\/\/www.europesays.com\/fr\/wp-json\/wp\/v2\/posts"}],"about":[{"href":"https:\/\/www.europesays.com\/fr\/wp-json\/wp\/v2\/types\/post"}],"author":[{"embeddable":true,"href":"https:\/\/www.europesays.com\/fr\/wp-json\/wp\/v2\/users\/2"}],"replies":[{"embeddable":true,"href":"https:\/\/www.europesays.com\/fr\/wp-json\/wp\/v2\/comments?post=179270"}],"version-history":[{"count":0,"href":"https:\/\/www.europesays.com\/fr\/wp-json\/wp\/v2\/posts\/179270\/revisions"}],"wp:featuredmedia":[{"embeddable":true,"href":"https:\/\/www.europesays.com\/fr\/wp-json\/wp\/v2\/media\/179271"}],"wp:attachment":[{"href":"https:\/\/www.europesays.com\/fr\/wp-json\/wp\/v2\/media?parent=179270"}],"wp:term":[{"taxonomy":"category","embeddable":true,"href":"https:\/\/www.europesays.com\/fr\/wp-json\/wp\/v2\/categories?post=179270"},{"taxonomy":"post_tag","embeddable":true,"href":"https:\/\/www.europesays.com\/fr\/wp-json\/wp\/v2\/tags?post=179270"}],"curies":[{"name":"wp","href":"https:\/\/api.w.org\/{rel}","templated":true}]}}