{"id":179272,"date":"2025-06-15T21:25:25","date_gmt":"2025-06-15T21:25:25","guid":{"rendered":"https:\/\/www.europesays.com\/fr\/179272\/"},"modified":"2025-06-15T21:25:25","modified_gmt":"2025-06-15T21:25:25","slug":"la-place-jules-grandclement-se-rouvre-peu-a-peu","status":"publish","type":"post","link":"https:\/\/www.europesays.com\/fr\/179272\/","title":{"rendered":"La place Jules Grandcl\u00e9ment se rouvre peu \u00e0 peu"},"content":{"rendered":"<p><img width=\"487\" height=\"298\" src=\"https:\/\/www.europesays.com\/fr\/wp-content\/uploads\/2025\/06\/place-grandclement-1.jpg\" class=\"attachment-post-thumbnail size-post-thumbnail wp-post-image\" alt=\"\" decoding=\"async\" fetchpriority=\"high\" \/><\/p>\n<p>La place Grandcl\u00e9ment (SdH\/LPI)<\/p>\n<p><strong>De nombreux am\u00e9nagements ont \u00e9t\u00e9 r\u00e9alis\u00e9s sur cet espace public en vue de recr\u00e9er un v\u00e9ritable lieu de vie. Un temps festif a marqu\u00e9 mardi la r\u00e9ouverture au grand public de la place. Restent n\u00e9anmoins d\u2019autres am\u00e9nagements, li\u00e9s \u00e0 l\u2019arriv\u00e9e du tramway T6 en d\u00e9but d\u2019ann\u00e9e 2026.<\/strong><\/p>\n<p>La place Grandcl\u00e9ment, ancien c\u0153ur historique de Villeurbanne, rouvre peu \u00e0 peu au grand public apr\u00e8s la livraison de nombreux am\u00e9nagements majeurs. R\u00e9alis\u00e9s sous la ma\u00eetrise d\u2019ouvrage de la M\u00e9tropole de Lyon, ceux-ci s\u2019ach\u00e8veront au printemps 2026. N\u00e9anmoins, la M\u00e9tropole de Lyon, la Ville de Villeurbanne et SYTRAL Mobilit\u00e9s organisaient d&rsquo;ores et d\u00e9j\u00e0, mardi dernier, une soir\u00e9e festive \u00e0 destination des habitants et riverains de la place. Le temps entendait marquer la r\u00e9ouverture de la place au grand public apr\u00e8s la livraison des am\u00e9nagements majeurs, dont la sculpture, la placette Est, et la place centrale.<\/p>\n<p>Pour la M\u00e9tropole de Lyon, la Ville de Villeurbanne et SYTRAL Mobilit\u00e9s, les objectifs sont de recr\u00e9er un lieu de vie en am\u00e9liorant le cadre de vie des habitants et usagers, en facilitant et s\u00e9curisant les d\u00e9placements, en rafra\u00eechissant l\u2019espace par une centaine d\u2019arbres et une nouvelle fontaine, et en dynamisant l\u2019activit\u00e9 \u00e9conomique du quartier.<\/p>\n<blockquote class=\"wp-block-quote is-layout-flow wp-block-quote-is-layout-flow\">\n<p>\u00ab La place Grandcl\u00e9ment r\u00e9am\u00e9nag\u00e9e offrira un nouveau c\u0153ur de quartier agr\u00e9able, convivial et v\u00e9g\u00e9talis\u00e9 aux Villeurbannaises et Villeurbannais. La livraison des premiers am\u00e9nagements au centre de la place, donnent \u00e0 voir sa m\u00e9tamorphose : petits et grands vont pouvoir profiter de ces nouveaux espaces de repos, de rafra\u00eechissement et de loisirs. Apr\u00e8s la mise en place de la ligne C23 fin juin, ce sera au tour du tramway T6 en f\u00e9vrier 2026 dont nous voyons d\u00e9j\u00e0 les rails, permettant un tr\u00e8s bon raccordement en transport en commun. D&rsquo;ici l\u00e0 je remercie l&rsquo;ensemble des riverains pour leur patience, il reste encore quelques mois avant la fin totale des travaux. \u00bb<\/p>\n<p>Bruno Bernard, pr\u00e9sident de la M\u00e9tropole et de SYTRAL Mobilit\u00e9s<\/p><\/blockquote>\n<p><img decoding=\"async\" src=\"https:\/\/www.europesays.com\/fr\/wp-content\/uploads\/2025\/04\/abonnezvouslarge.jpg\" alt=\"\" \/><\/p>\n<p>Pour lire la totalit\u00e9 de l&rsquo;article,<strong> <a href=\"http:\/\/www.lyonpoleimmo.com\/membership-options-page\/\" target=\"_blank\" rel=\"noopener\">abonnez-vous<\/a> <\/strong>ou <a href=\"http:\/\/www.lyonpoleimmo.com\/senregistrer\/\" target=\"_blank\" rel=\"noopener\"><strong>identifiez-vous<\/strong><\/a>  <\/p>\n<p><strong>Si vous avez appr\u00e9ci\u00e9 cet article, s&rsquo;il vous plait, prenez le temps de <a href=\"#comments\">laisser un commentaire<\/a> ou de <a href=\"http:\/\/www.lyonpoleimmo.com\/feed\/\" target=\"_blank\" rel=\"noopener\">souscrire au flux<\/a> afin de recevoir les futurs articles directement dans votre lecteur de flux.<br \/>\n    <\/strong><\/p>\n<p>\t<a href=\"http:\/\/www.lyonpoleimmo.com\/2025\/06\/12\/91244\/demarrage-des-travaux-des-contreforts-gratte-ciel\/\" rel=\"bookmark noopener\" title=\"Lien Permanent vers D\u00e9marrage des travaux des Contreforts gratte-ciel\" target=\"_blank\">D\u00e9marrage des travaux des Contreforts gratte-ciel<\/a><\/p>\n<p>\t<a href=\"http:\/\/www.lyonpoleimmo.com\/2025\/06\/12\/91244\/demarrage-des-travaux-des-contreforts-gratte-ciel\/\" rel=\"bookmark noopener\" title=\"Lien Permanent vers D\u00e9marrage des travaux des Contreforts gratte-ciel\" target=\"_blank\"><\/p>\n<p><img decoding=\"async\" src=\"https:\/\/www.europesays.com\/fr\/wp-content\/uploads\/2025\/06\/contreforts-gratte-ciel4.jpg\" alt=\"null\" \/><br \/>Les travaux de ce programme mixte de commerces et de bureaux ont d\u00e9but\u00e9 rue Michel Servet \u00e0 Villeurbanne, \u00e0 l\u2019arri\u00e8re des Gratte-Ciel.<\/p>\n<p><\/a><\/p>\n<p>\t<a href=\"http:\/\/www.lyonpoleimmo.com\/2025\/06\/12\/91240\/mions-lancement-du-pup-aux-pierres\/\" rel=\"bookmark noopener\" title=\"Lien Permanent vers Mions\u00a0: lancement du PUP \u00ab Aux pierres \u00bb\" target=\"_blank\">Mions\u00a0: lancement du PUP \u00ab Aux pierres \u00bb<\/a><\/p>\n<p>\t<a href=\"http:\/\/www.lyonpoleimmo.com\/2025\/06\/12\/91240\/mions-lancement-du-pup-aux-pierres\/\" rel=\"bookmark noopener\" title=\"Lien Permanent vers Mions\u00a0: lancement du PUP \u00ab Aux pierres \u00bb\" target=\"_blank\"><\/p>\n<p>La M\u00e9tropole de Lyon a annonc\u00e9 lancer ce projet urbain partenarial qui sera d\u00e9velopp\u00e9 sur la commune de Mions.<\/p>\n<p><\/a><\/p>\n<p>\t<a href=\"http:\/\/www.lyonpoleimmo.com\/2025\/06\/11\/91230\/lancement-du-reseau-de-chaleur-et-de-froid-de-la-saulaie\/\" rel=\"bookmark noopener\" title=\"Lien Permanent vers Lancement du r\u00e9seau de chaleur et de froid de La Saulaie\" target=\"_blank\">Lancement du r\u00e9seau de chaleur et de froid de La Saulaie<\/a><\/p>\n<p>\t<a href=\"http:\/\/www.lyonpoleimmo.com\/2025\/06\/11\/91230\/lancement-du-reseau-de-chaleur-et-de-froid-de-la-saulaie\/\" rel=\"bookmark noopener\" title=\"Lien Permanent vers Lancement du r\u00e9seau de chaleur et de froid de La Saulaie\" target=\"_blank\"><\/p>\n<p><img decoding=\"async\" src=\"https:\/\/www.europesays.com\/fr\/wp-content\/uploads\/2025\/06\/1e-pierre-reseau-chaleur-froid-Saulaie.jpg\" alt=\"null\" \/>\u00c9lus et professionnels ont pos\u00e9 la premi\u00e8re pierre du projet de boucle temp\u00e9r\u00e9e du quartier, laquelle valorise l\u2019\u00e9nergie renouvelable et locale des eaux us\u00e9es pour chauffer, produire l\u2019eau chaude sanitaire et rafra\u00eechir les b\u00e2timents.<\/p>\n<p><\/a><\/p>\n<p>\t<a href=\"http:\/\/www.lyonpoleimmo.com\/2025\/06\/10\/91202\/un-chantier-participatif-ce-11-juin-sur-le-parc-gisele-halimi\/\" rel=\"bookmark noopener\" title=\"Lien Permanent vers Un chantier participatif ce 11 juin sur le parc Gis\u00e8le-Halimi\" target=\"_blank\">Un chantier participatif ce 11 juin sur le parc Gis\u00e8le-Halimi<\/a><\/p>\n<p>\t<a href=\"http:\/\/www.lyonpoleimmo.com\/2025\/06\/10\/91202\/un-chantier-participatif-ce-11-juin-sur-le-parc-gisele-halimi\/\" rel=\"bookmark noopener\" title=\"Lien Permanent vers Un chantier participatif ce 11 juin sur le parc Gis\u00e8le-Halimi\" target=\"_blank\"><\/p>\n<p>Le grand public est invit\u00e9 \u00e0 un chantier participatif ce mercredi sur ce futur espace public du quartier Grandcl\u00e9ment.<\/p>\n<p><\/a><\/p>\n<p>\t<a href=\"http:\/\/www.lyonpoleimmo.com\/2025\/06\/10\/91193\/la-passerelle-de-la-ruette-mulet-inauguree-a-francheville\/\" rel=\"bookmark noopener\" title=\"Lien Permanent vers La passerelle de la Ruette-Mulet inaugur\u00e9e \u00e0 Francheville\" target=\"_blank\">La passerelle de la Ruette-Mulet inaugur\u00e9e \u00e0 Francheville<\/a><\/p>\n<p>\t<a href=\"http:\/\/www.lyonpoleimmo.com\/2025\/06\/10\/91193\/la-passerelle-de-la-ruette-mulet-inauguree-a-francheville\/\" rel=\"bookmark noopener\" title=\"Lien Permanent vers La passerelle de la Ruette-Mulet inaugur\u00e9e \u00e0 Francheville\" target=\"_blank\"><\/p>\n<p><img decoding=\"async\" src=\"https:\/\/www.europesays.com\/fr\/wp-content\/uploads\/2025\/06\/inauguration-passerelle-Ruelle-Mulet.jpg\" alt=\"null\" \/>La M\u00e9tropole de Lyon et la commune de Francheville ont inaugur\u00e9 ce nouvel \u00e9quipement qui avait \u00e9t\u00e9 pos\u00e9 il y a quelques semaines.<br \/><a href=\"http:\/\/www.lyonpoleimmo.com\/2025\/02\/17\/89504\/la-passerelle-de-la-ruette-mulet-nouveau-lien-entre-quartiers-de-francheville\/\" target=\"_blank\" rel=\"noopener\"><strong>\u00bb La passerelle de la Ruette Mulet, nouveau lien entre deux quartiers de Francheville<\/strong><\/a><\/p>\n<p><\/a><\/p>\n<p>\t<a href=\"http:\/\/www.lyonpoleimmo.com\/2025\/06\/04\/91147\/lopposition-de-droite-saisit-la-prefete-sur-les-permis-de-construire\/\" rel=\"bookmark noopener\" title=\"Lien Permanent vers L\u2019opposition de droite saisit la pr\u00e9f\u00e8te sur les permis de construire\" target=\"_blank\">L\u2019opposition de droite saisit la pr\u00e9f\u00e8te sur les permis de construire<\/a><\/p>\n<p>\t<a href=\"http:\/\/www.lyonpoleimmo.com\/2025\/06\/04\/91147\/lopposition-de-droite-saisit-la-prefete-sur-les-permis-de-construire\/\" rel=\"bookmark noopener\" title=\"Lien Permanent vers L\u2019opposition de droite saisit la pr\u00e9f\u00e8te sur les permis de construire\" target=\"_blank\"><\/p>\n<p>\u00abLa M\u00e9tro positive\u00bb a indiqu\u00e9 avoir saisi la pr\u00e9f\u00e8te sur la comp\u00e9tence urbanisme des communes de la M\u00e9tropole, cette derni\u00e8re cherchant, selon le groupe d\u2019opposition, \u00e0 imposer un avis unique et contraignant sur les permis de construire qui pourrait lui permettre de bloquer ou d\u2019orienter les projets.<\/p>\n<p><\/a><\/p>\n<p>\t<a href=\"http:\/\/www.lyonpoleimmo.com\/2025\/06\/03\/91112\/une-deviation-pour-le-contournement-nord-de-saint-laurent-de-chamousset\/\" rel=\"bookmark noopener\" title=\"Lien Permanent vers Une d\u00e9viation pour le contournement nord de Saint-Laurent-de-Chamousset\" target=\"_blank\">Une d\u00e9viation pour le contournement nord de Saint-Laurent-de-Chamousset<\/a><\/p>\n<p>\t<a href=\"http:\/\/www.lyonpoleimmo.com\/2025\/06\/03\/91112\/une-deviation-pour-le-contournement-nord-de-saint-laurent-de-chamousset\/\" rel=\"bookmark noopener\" title=\"Lien Permanent vers Une d\u00e9viation pour le contournement nord de Saint-Laurent-de-Chamousset\" target=\"_blank\"><\/p>\n<p>Le D\u00e9partement du Rh\u00f4ne a annonc\u00e9 financer l\u2019am\u00e9nagement d\u2019une d\u00e9viation pour ce contournement qui sera am\u00e9nag\u00e9 entre les RD81 et RD4.<\/p>\n<p><\/a><\/p>\n<p>\t<a href=\"http:\/\/www.lyonpoleimmo.com\/2025\/05\/27\/91037\/vernaison-requalification-de-la-place-centrale\/\" rel=\"bookmark noopener\" title=\"Lien Permanent vers Vernaison\u00a0: requalification de la place centrale\" target=\"_blank\">Vernaison\u00a0: requalification de la place centrale<\/a><\/p>\n<p>\t<a href=\"http:\/\/www.lyonpoleimmo.com\/2025\/05\/27\/91037\/vernaison-requalification-de-la-place-centrale\/\" rel=\"bookmark noopener\" title=\"Lien Permanent vers Vernaison\u00a0: requalification de la place centrale\" target=\"_blank\"><\/p>\n<p><img decoding=\"async\" src=\"https:\/\/www.europesays.com\/fr\/wp-content\/uploads\/2025\/05\/Vernaison-Place11-Novembre-1918-8-Mai-1945.jpg\" alt=\"null\" \/>La M\u00e9tropole de Lyon s\u2019engage dans cette op\u00e9ration de transformation de la place centrale de la ville situ\u00e9e au sud de Lyon.<\/p>\n<p><\/a><\/p>\n<p>\t<a href=\"http:\/\/www.lyonpoleimmo.com\/2025\/05\/25\/90999\/le-projet-de-reamenagement-du-boulevard-de-la-croix-rousse-a-ete-presente\/\" rel=\"bookmark noopener\" title=\"Lien Permanent vers Le projet de r\u00e9am\u00e9nagement du boulevard de la Croix-Rousse pr\u00e9sent\u00e9\" target=\"_blank\">Le projet de r\u00e9am\u00e9nagement du boulevard de la Croix-Rousse pr\u00e9sent\u00e9<\/a><\/p>\n<p>\t<a href=\"http:\/\/www.lyonpoleimmo.com\/2025\/05\/25\/90999\/le-projet-de-reamenagement-du-boulevard-de-la-croix-rousse-a-ete-presente\/\" rel=\"bookmark noopener\" title=\"Lien Permanent vers Le projet de r\u00e9am\u00e9nagement du boulevard de la Croix-Rousse pr\u00e9sent\u00e9\" target=\"_blank\"><\/p>\n<p><img decoding=\"async\" src=\"https:\/\/www.europesays.com\/fr\/wp-content\/uploads\/2025\/05\/boulevardCroixRousse.jpg\" alt=\"null\" \/>La M\u00e9tropole et la Ville de Lyon ont fait part vendredi du sc\u00e9nario retenu pour le r\u00e9am\u00e9nagement du boulevard de la Croix-Rousse, axe majeur du quartier.<\/p>\n<p><\/a><\/p>\n<p>\t<a href=\"http:\/\/www.lyonpoleimmo.com\/2025\/05\/22\/90975\/renovation-urbaine-lecheance-de-livraison-des-operations-portee-a-2032\/\" rel=\"bookmark noopener\" title=\"Lien Permanent vers R\u00e9novation urbaine : l\u2019\u00e9ch\u00e9ance de livraison des op\u00e9rations port\u00e9e \u00e0 2032\" target=\"_blank\">R\u00e9novation urbaine : l\u2019\u00e9ch\u00e9ance de livraison des op\u00e9rations port\u00e9e \u00e0 2032<\/a><\/p>\n<p>\t<a href=\"http:\/\/www.lyonpoleimmo.com\/2025\/05\/22\/90975\/renovation-urbaine-lecheance-de-livraison-des-operations-portee-a-2032\/\" rel=\"bookmark noopener\" title=\"Lien Permanent vers R\u00e9novation urbaine : l\u2019\u00e9ch\u00e9ance de livraison des op\u00e9rations port\u00e9e \u00e0 2032\" target=\"_blank\"><\/p>\n<p>La ministre charg\u00e9e du Logement, Val\u00e9rie L\u00e9tard, \u00e9tait mardi en visite \u00e0 l\u2019agence nationale pour la r\u00e9novation urbaine dans le cadre de la revue nationale des projets du NPNRU.<\/p>\n<p><\/a><\/p>\n<p>\t<a href=\"http:\/\/www.lyonpoleimmo.com\/2025\/05\/22\/90970\/le-premier-espace-test-agricole-metropolitain-a-ete-inaugure\/\" rel=\"bookmark noopener\" title=\"Lien Permanent vers Le premier espace-test agricole m\u00e9tropolitain a \u00e9t\u00e9 inaugur\u00e9\" target=\"_blank\">Le premier espace-test agricole m\u00e9tropolitain a \u00e9t\u00e9 inaugur\u00e9<\/a><\/p>\n<p>\t<a href=\"http:\/\/www.lyonpoleimmo.com\/2025\/05\/22\/90970\/le-premier-espace-test-agricole-metropolitain-a-ete-inaugure\/\" rel=\"bookmark noopener\" title=\"Lien Permanent vers Le premier espace-test agricole m\u00e9tropolitain a \u00e9t\u00e9 inaugur\u00e9\" target=\"_blank\"><\/p>\n<p>Bruno Bernard, pr\u00e9sident de la M\u00e9tropole de Lyon, et H\u00e9l\u00e8ne Geoffroy, maire de Vaulx-en-Velin, ont inaugur\u00e9 hier l\u2019espace-test mara\u00eecher install\u00e9 depuis l\u2019automne dernier sur les Terres du Velin.<\/p>\n<p><\/a><\/p>\n<p>\t<a href=\"http:\/\/www.lyonpoleimmo.com\/2025\/05\/15\/90892\/la-proposition-de-loi-de-simplification-de-lurbanisme-et-du-logement-adoptee\/\" rel=\"bookmark noopener\" title=\"Lien Permanent vers La proposition de loi de simplification de l\u2019urbanisme et du logement adopt\u00e9e\" target=\"_blank\">La proposition de loi de simplification de l\u2019urbanisme et du logement adopt\u00e9e<\/a><\/p>\n<p>\t<a href=\"http:\/\/www.lyonpoleimmo.com\/2025\/05\/15\/90892\/la-proposition-de-loi-de-simplification-de-lurbanisme-et-du-logement-adoptee\/\" rel=\"bookmark noopener\" title=\"Lien Permanent vers La proposition de loi de simplification de l\u2019urbanisme et du logement adopt\u00e9e\" target=\"_blank\"><\/p>\n<p>L\u2019Assembl\u00e9e nationale a adopt\u00e9 la proposition de loi de simplification de l\u2019urbanisme et du logement. Le minist\u00e8re charg\u00e9 du logement salue \u00abun pas concret vers la relance de la production de logement par la facilitation des proc\u00e9dures\u00bb.<\/p>\n<p><\/a><\/p>\n<p>\t<a href=\"http:\/\/www.lyonpoleimmo.com\/2025\/05\/14\/90856\/la-grande-transformation-du-mas-du-taureau\/\" rel=\"bookmark noopener\" title=\"Lien Permanent vers La grande transformation du Mas du Taureau\" target=\"_blank\">La grande transformation du Mas du Taureau<\/a><\/p>\n<p>\t<a href=\"http:\/\/www.lyonpoleimmo.com\/2025\/05\/14\/90856\/la-grande-transformation-du-mas-du-taureau\/\" rel=\"bookmark noopener\" title=\"Lien Permanent vers La grande transformation du Mas du Taureau\" target=\"_blank\"><\/p>\n<p><img decoding=\"async\" src=\"https:\/\/www.europesays.com\/fr\/wp-content\/uploads\/2025\/05\/grande-ile.jpg\" alt=\"null\" \/>En attendant l\u2019arriv\u00e9e tant attendue du tramway T9, cette partie de Vaulx-en-Velin conna\u00eet une mue d\u2019ampleur, marqu\u00e9e par l\u2019arriv\u00e9e d\u2019\u00e9quipements publics et de nouveaux programmes de logements.<\/p>\n<p><\/a><\/p>\n<p>\t<a href=\"http:\/\/www.lyonpoleimmo.com\/2025\/05\/11\/90828\/la-place-hubert-mounier-nouveau-coeur-culturel-de-la-confluence\/\" rel=\"bookmark noopener\" title=\"Lien Permanent vers La place Hubert Mounier, nouveau coeur culturel de la Confluence\" target=\"_blank\">La place Hubert Mounier, nouveau coeur culturel de la Confluence<\/a><\/p>\n<p>\t<a href=\"http:\/\/www.lyonpoleimmo.com\/2025\/05\/11\/90828\/la-place-hubert-mounier-nouveau-coeur-culturel-de-la-confluence\/\" rel=\"bookmark noopener\" title=\"Lien Permanent vers La place Hubert Mounier, nouveau coeur culturel de la Confluence\" target=\"_blank\"><\/p>\n<p><img decoding=\"async\" src=\"https:\/\/www.europesays.com\/fr\/wp-content\/uploads\/2025\/05\/placeHubertMounier.jpg\" \/>L\u2019espace public a \u00e9t\u00e9 inaugur\u00e9 lundi en pr\u00e9sence de la famille du chanteur de l\u2019affaire Luis Trio, de plusieurs \u00e9lus, de Kent et de Benjamin Biolay.<\/p>\n<p><\/a><\/p>\n<p>\t<a href=\"http:\/\/www.lyonpoleimmo.com\/2025\/05\/07\/90796\/urbanisme-des-elus-critiquent-lingerence-de-la-metropole-dans-les-affaires-communales\/\" rel=\"bookmark noopener\" title=\"Lien Permanent vers Urbanisme : des \u00e9lus critiquent l\u2019 \u00abing\u00e9rence\u00bb de la M\u00e9tropole  dans les affaires communales\" target=\"_blank\">Urbanisme : des \u00e9lus critiquent l\u2019 \u00abing\u00e9rence\u00bb de la M\u00e9tropole  dans les affaires communales<\/a><\/p>\n<p>\t<a href=\"http:\/\/www.lyonpoleimmo.com\/2025\/05\/07\/90796\/urbanisme-des-elus-critiquent-lingerence-de-la-metropole-dans-les-affaires-communales\/\" rel=\"bookmark noopener\" title=\"Lien Permanent vers Urbanisme : des \u00e9lus critiquent l\u2019 \u00abing\u00e9rence\u00bb de la M\u00e9tropole  dans les affaires communales\" target=\"_blank\"><\/p>\n<p>Les pr\u00e9sidents de trois groupes d\u2019opposition \u00e0 la M\u00e9tropole de Lyon accusent dans un communiqu\u00e9 la collectivit\u00e9 d\u2019ing\u00e9rence des affaires communales en mati\u00e8re d\u2019urbanisme.<\/p>\n<p><\/a><\/p>\n","protected":false},"excerpt":{"rendered":"La place Grandcl\u00e9ment (SdH\/LPI) De nombreux am\u00e9nagements ont \u00e9t\u00e9 r\u00e9alis\u00e9s sur cet espace public en vue de recr\u00e9er&hellip;\n","protected":false},"author":2,"featured_media":179273,"comment_status":"","ping_status":"","sticky":false,"template":"","format":"standard","meta":{"footnotes":""},"categories":[1889],"tags":[5265,1111,11,2430,1777,674,1011,27,2428,12,25,1352],"class_list":{"0":"post-179272","1":"post","2":"type-post","3":"status-publish","4":"format-standard","5":"has-post-thumbnail","7":"category-lyon","8":"tag-abonnes","9":"tag-actu","10":"tag-actualites","11":"tag-auvergne-rhone-alpes","12":"tag-eu","13":"tag-europe","14":"tag-fr","15":"tag-france","16":"tag-lyon","17":"tag-news","18":"tag-republique-francaise","19":"tag-urbanisme"},"share_on_mastodon":{"url":"https:\/\/pubeurope.com\/@fr\/114689499938453191","error":""},"_links":{"self":[{"href":"https:\/\/www.europesays.com\/fr\/wp-json\/wp\/v2\/posts\/179272","targetHints":{"allow":["GET"]}}],"collection":[{"href":"https:\/\/www.europesays.com\/fr\/wp-json\/wp\/v2\/posts"}],"about":[{"href":"https:\/\/www.europesays.com\/fr\/wp-json\/wp\/v2\/types\/post"}],"author":[{"embeddable":true,"href":"https:\/\/www.europesays.com\/fr\/wp-json\/wp\/v2\/users\/2"}],"replies":[{"embeddable":true,"href":"https:\/\/www.europesays.com\/fr\/wp-json\/wp\/v2\/comments?post=179272"}],"version-history":[{"count":0,"href":"https:\/\/www.europesays.com\/fr\/wp-json\/wp\/v2\/posts\/179272\/revisions"}],"wp:featuredmedia":[{"embeddable":true,"href":"https:\/\/www.europesays.com\/fr\/wp-json\/wp\/v2\/media\/179273"}],"wp:attachment":[{"href":"https:\/\/www.europesays.com\/fr\/wp-json\/wp\/v2\/media?parent=179272"}],"wp:term":[{"taxonomy":"category","embeddable":true,"href":"https:\/\/www.europesays.com\/fr\/wp-json\/wp\/v2\/categories?post=179272"},{"taxonomy":"post_tag","embeddable":true,"href":"https:\/\/www.europesays.com\/fr\/wp-json\/wp\/v2\/tags?post=179272"}],"curies":[{"name":"wp","href":"https:\/\/api.w.org\/{rel}","templated":true}]}}