{"id":179276,"date":"2025-06-15T21:28:09","date_gmt":"2025-06-15T21:28:09","guid":{"rendered":"https:\/\/www.europesays.com\/fr\/179276\/"},"modified":"2025-06-15T21:28:09","modified_gmt":"2025-06-15T21:28:09","slug":"quelles-perturbations-prevoir-pour-la-ratp-et-la-sncf-cette-semaine-13","status":"publish","type":"post","link":"https:\/\/www.europesays.com\/fr\/179276\/","title":{"rendered":"Quelles perturbations pr\u00e9voir pour la RATP et la SNCF cette semaine\u00a0?"},"content":{"rendered":"<p>En cette derni\u00e8re semaine avant l&rsquo;\u00e9t\u00e9, les usagers des transports communs parisiens et franciliens devront s&rsquo;adapter \u00e0 de nouvelles perturbations SNCF et RATP. Du 16 au 22\u00a0juin 2025, plusieurs lignes sont concern\u00e9es. Faisons le point.<\/p>\n<p>M\u00e9tro<\/p>\n<ul>\n<li>Ligne 14\u00a0: mercredi 18\u00a0juin, d\u00e8s 22 heures, le trafic sera interrompu sur l\u2019ensemble de la ligne (travaux).<\/li>\n<\/ul>\n<p>RER<\/p>\n<ul>\n<li>RER A\u00a0: Du lundi 16\u00a0juin au vendredi 20\u00a0juin, \u00e0 partir de 22h15, le trafic est interrompu entre Maisons-Laffitte et <a href=\"https:\/\/www.20minutes.fr\/dossier\/cergy\" class=\"color-ultramarine c-link\" target=\"_blank\" rel=\"noopener\">Cergy<\/a> \u2013 Le Haut (travaux). Des bus de substitution seront mis en place \u00e0 Sartrouville.<\/li>\n<li><a href=\"https:\/\/www.20minutes.fr\/dossier\/rer_b\" class=\"color-ultramarine c-link\" target=\"_blank\" rel=\"noopener\">RER B<\/a>\u00a0: du lundi 16\u00a0juin au mercredi 18\u00a0juin, d\u00e8s 22h45, le trafic est interrompu entre Gare du Nord et A\u00e9roport Charles de Gaulle 2 \u2013 TGV via Mitry \u2013 Claye en raison de travaux d\u2019entretien. Des bus de substitution seront mis en place. Vendredi 20\u00a0juin, d\u00e8s 22h45, le trafic sera interrompu entre Gare du Nord et A\u00e9roport Charles de Gaulle 2 \u2013 TGV via Mitry \u2013 Claye en raison de travaux d\u2019entretien. Des bus de substitution seront mis en place<\/li>\n<li>RER C\u00a0: jusqu\u2019au 30\u00a0juin, l\u2019arr\u00eat n\u2019est pas desservi \u00e0 Issy vers Versailles Ch\u00e2teau Rive Gauche et <a href=\"https:\/\/www.20minutes.fr\/dossier\/saint_quentin\" class=\"color-ultramarine c-link\" target=\"_blank\" rel=\"noopener\">Saint-Quentin<\/a> en Yvelines \u2013 Montigny-le-Bretonneux en raison de mesures de s\u00e9curit\u00e9. Du lundi au vendredi, \u00e0 partir de 23h30, le trafic est interrompu entre Versailles Ch\u00e2teau Rive Gauche et Javel en raison de travaux. M\u00eame chose entre Javel et St-Quentin en <a href=\"https:\/\/www.20minutes.fr\/societe\/yvelines\/\" class=\"color-ultramarine c-link\" target=\"_blank\" rel=\"noopener\">Yvelines<\/a> en raison de travaux. M\u00eame chose entre Dourdan\/Saint-Martin d\u2019Etampes et Paris Austerlitz d\u00e8s 23h30. M\u00eame chose entre Paris Austerlitz et Juvisy via Choisy le Roi \u00e0 partir de 23 heures. M\u00eame chose entre Paris Austerlitz et Pont de Rungis Orly. Motif, travaux. Dimanche 22\u00a0juin, d\u00e8s 23h45, le trafic est interrompu entre Dourdan\/Saint-Martin d\u2019Etampes et Paris Austerlitz<\/li>\n<li>RER D\u00a0: du lundi\u00a016 au vendredi 20\u00a0juin \u00e0 partir de 23h20, le trafic est interrompu entre Gare du Nord et Creil en raison de travaux. Des bus de substitution seront mis en place. Du lundi\u00a016 au vendredi 20\u00a0juin, d\u00e8s 23h35, le trafic est interrompu entre Combs-la-Ville \u2013 Quincy et Melun. Des bus de substitution seront mis en place. Du lundi\u00a016 au vendredi 20\u00a0juin, d\u00e8s 23h15, le trafic est interrompu entre Villeneuve S Georges et Corbeil-Essonnes via \u00c9vry \u2013 Courcouronnes. Travaux. Des bus de substitution seront mis en place. Les samedi\u00a021 et dimanche 22\u00a0juin, les gares de Maisons-Alfort en direction de Corbeil-Essonnes et de Melun et Le Vert de Maisons ne sont pas desservies. Du lundi\u00a016 au vendredi 20\u00a0juin d\u00e8s 23 heures, les arr\u00eats ne sont pas desservis \u00e0 Maisons-Alfort \u2013 Alfortville, Le Vert de Maisons, Cr\u00e9teil Pompadour et <a href=\"https:\/\/www.20minutes.fr\/dossier\/villeneuve\" class=\"color-ultramarine c-link\" target=\"_blank\" rel=\"noopener\">Villeneuve<\/a> Triage en raison de travaux d\u2019entretien. Du lundi\u00a016 au vendredi 20\u00a0juin, le trafic est ralenti entre Combs-la-Ville \u2013 Quincy et Melun, un train sur deux en circulation de 9h30 \u00e0 16 heures.<\/li>\n<li><a href=\"https:\/\/www.20minutes.fr\/societe\/rer\/\" class=\"color-ultramarine c-link\" target=\"_blank\" rel=\"noopener\">RER<\/a> E\u00a0: le dimanche 22\u00a0juin, le trafic est interrompu entre Nanterre-la-Folie et Chelles Gournay \u00e0 partir de 22h45 en raison de travaux. Du lundi\u00a016 au vendredi 20\u00a0juin, \u00e0 partir de 22h30, le trafic est interrompu entre Nanterre-la-Folie et Chelles Gournay en raison de travaux. Du lundi\u00a016 au vendredi 20\u00a0juin, de 8h45 \u00e0 16h30, un train sur deux circule entre Nanterre-la-Folie et Villiers-sur-Marne en raison de travaux.<\/li>\n<\/ul>\n<p>Transilien<\/p>\n<ul>\n<li>Ligne H\u00a0: du lundi\u00a016 au vendredi 20\u00a0juin, le trafic est interrompu entre Paris Gare du Nord et Sarcelles St Brice en raison de travaux. Des bus de substitution seront mis en place. M\u00eame chose entre Paris Gare du Nord et Luzarches en soir\u00e9e.<\/li>\n<li>Ligne J\u00a0: du lundi\u00a016 au vendredi 20\u00a0juin, \u00e0 partir de 21h40, le trafic est interrompu entre Paris Saint-Lazare et Mantes la Jolie via Poissy. Des bus de substitution seront mis en place en raison de travaux.<\/li>\n<li>Ligne K\u00a0: du lundi\u00a016 au dimanche 22\u00a0juin, le trafic est interrompu entre Paris Gare du Nord et Cr\u00e9py-en-Valois en soir\u00e9e.<\/li>\n<li>Ligne P\u00a0: dimanche 22\u00a0juin, le trafic est interrompu entre Paris Est et Meaux \u00e0 partir de 22h50 en raison de travaux. Des bus de substitution seront mis en place. Du lundi\u00a016 au vendredi 20\u00a0juin, le trafic est interrompu entre Paris Est et <a href=\"https:\/\/www.20minutes.fr\/dossier\/meaux\" class=\"color-ultramarine c-link\" target=\"_blank\" rel=\"noopener\">Meaux<\/a> \u00e0 partir de 22h20. Motif\u00a0: travaux. Du lundi\u00a016 au dimanche 22\u00a0juin, le trafic est interrompu entre Paris Est et Ch\u00e2teau-Thierry. Des bus de substitution seront mis en place, avec desserte des gares interm\u00e9diaires. Motif\u00a0: travaux. Dimanche 22\u00a0juin, le trafic est interrompu entre Paris Est et Ch\u00e2teau-Thierry \u00e0 partir de 23 heures.<\/li>\n<\/ul>\n<p>Tramway<\/p>\n<ul>\n<li>T1\u00a0: Le trafic est interrompu entre Asni\u00e8res \u2013 Quatre Routes et Gare de Saint-Denis et perturb\u00e9 sur le reste de la ligne en raison d\u2019une d\u00e9gradation par un tiers \u00e0 L\u2019\u00cele-Saint-Denis. Pas de reprise pr\u00e9vue jusqu\u2019\u00e0 nouvel ordre.<\/li>\n<li>T2\u00a0: Jusqu\u2019au 2\u00a0novembre 2025, le trafic est interrompu entre Porte de Versailles et Suzanne Lenglen en raison d\u2019importants travaux de modernisation.<\/li>\n<li>Pour rejoindre la Porte de Versailles, depuis Suzanne Lenglen, rejoindre \u00e0 pied la station Balard du T3a.<\/li>\n<li>T4\u00a0: du lundi\u00a016 au vendredi 20\u00a0juin, Le trafic est interrompu entre les stations Gargan et Aulnay-sous-Bois \u00e0 partir de 22h55.<\/li>\n<li>T5\u00a0: Le 22 juin de 14h30 \u00e0 18 heures, le trafic sera interrompu entre Garges \u2013 <a href=\"https:\/\/www.20minutes.fr\/societe\/sarcelles\/\" class=\"color-ultramarine c-link\" target=\"_blank\" rel=\"noopener\">Sarcelles<\/a> et Les Cholettes en raison d\u2019une manifestation culturelle.<\/li>\n<li>T10\u00a0: En raison de travaux sur la voie, le trafic sera interrompu sur l\u2019ensemble de la ligne, du 16\u00a0juin au 20\u00a0juin de 22 heures jusqu\u2019\u00e0 la fin du service<\/li>\n<\/ul>\n","protected":false},"excerpt":{"rendered":"En cette derni\u00e8re semaine avant l&rsquo;\u00e9t\u00e9, les usagers des transports communs parisiens et franciliens devront s&rsquo;adapter \u00e0 de&hellip;\n","protected":false},"author":2,"featured_media":179277,"comment_status":"","ping_status":"","sticky":false,"template":"","format":"standard","meta":{"footnotes":""},"categories":[1592],"tags":[1111,11,1777,674,1011,27,662,12,626,625,1306,25,2215],"class_list":{"0":"post-179276","1":"post","2":"type-post","3":"status-publish","4":"format-standard","5":"has-post-thumbnail","7":"category-ile-de-france","8":"tag-actu","9":"tag-actualites","10":"tag-eu","11":"tag-europe","12":"tag-fr","13":"tag-france","14":"tag-ile-de-france","15":"tag-news","16":"tag-paris","17":"tag-ratp","18":"tag-regions","19":"tag-republique-francaise","20":"tag-sncf"},"share_on_mastodon":{"url":"https:\/\/pubeurope.com\/@fr\/114689507554680019","error":""},"_links":{"self":[{"href":"https:\/\/www.europesays.com\/fr\/wp-json\/wp\/v2\/posts\/179276","targetHints":{"allow":["GET"]}}],"collection":[{"href":"https:\/\/www.europesays.com\/fr\/wp-json\/wp\/v2\/posts"}],"about":[{"href":"https:\/\/www.europesays.com\/fr\/wp-json\/wp\/v2\/types\/post"}],"author":[{"embeddable":true,"href":"https:\/\/www.europesays.com\/fr\/wp-json\/wp\/v2\/users\/2"}],"replies":[{"embeddable":true,"href":"https:\/\/www.europesays.com\/fr\/wp-json\/wp\/v2\/comments?post=179276"}],"version-history":[{"count":0,"href":"https:\/\/www.europesays.com\/fr\/wp-json\/wp\/v2\/posts\/179276\/revisions"}],"wp:featuredmedia":[{"embeddable":true,"href":"https:\/\/www.europesays.com\/fr\/wp-json\/wp\/v2\/media\/179277"}],"wp:attachment":[{"href":"https:\/\/www.europesays.com\/fr\/wp-json\/wp\/v2\/media?parent=179276"}],"wp:term":[{"taxonomy":"category","embeddable":true,"href":"https:\/\/www.europesays.com\/fr\/wp-json\/wp\/v2\/categories?post=179276"},{"taxonomy":"post_tag","embeddable":true,"href":"https:\/\/www.europesays.com\/fr\/wp-json\/wp\/v2\/tags?post=179276"}],"curies":[{"name":"wp","href":"https:\/\/api.w.org\/{rel}","templated":true}]}}