{"id":179288,"date":"2025-06-15T21:34:13","date_gmt":"2025-06-15T21:34:13","guid":{"rendered":"https:\/\/www.europesays.com\/fr\/179288\/"},"modified":"2025-06-15T21:34:13","modified_gmt":"2025-06-15T21:34:13","slug":"zelensky-participe-au-g7-au-canada-poutine-souhaite-un-joyeux-anniversaire-a-trump-2","status":"publish","type":"post","link":"https:\/\/www.europesays.com\/fr\/179288\/","title":{"rendered":"Zelensky participe au G7 au Canada, Poutine souhaite un joyeux anniversaire \u00e0 Trump"},"content":{"rendered":"<p>Vous avez rat\u00e9 les derniers \u00e9v\u00e9nements sur la <a href=\"https:\/\/www.20minutes.fr\/monde\/ukraine\/\" class=\"color-ultramarine c-link\" rel=\"nofollow noopener\" target=\"_blank\">guerre en Ukraine<\/a>\u00a0? 20 Minutes fait le point pour vous tous les soirs. Voici l\u2019essentiel de ce dimanche 15\u00a0juin 2025, 1.208e jour du conflit.<\/p>\n<p>Le fait du jour<\/p>\n<p>Le G7 se tient \u00e0 partir de dimanche au <a href=\"https:\/\/www.20minutes.fr\/dossier\/canada\" class=\"color-ultramarine c-link\" rel=\"nofollow noopener\" target=\"_blank\">Canada<\/a>. La pr\u00e9sence du pr\u00e9sident <a href=\"https:\/\/www.20minutes.fr\/monde\/volodymyr-zelensky\/\" class=\"color-ultramarine c-link\" rel=\"nofollow noopener\" target=\"_blank\">Volodymyr Zelensky<\/a> est un signe du soutien continu du <a href=\"https:\/\/www.20minutes.fr\/economie\/g7\/\" class=\"color-ultramarine c-link\" rel=\"nofollow noopener\" target=\"_blank\">G7<\/a> \u00e0 l\u2019Ukraine dans sa lutte contre l\u2019invasion russe, malgr\u00e9 le scepticisme de Donald Trump. Le pr\u00e9sident am\u00e9ricain, qui a remis en cause l\u2019aide militaire et financi\u00e8re fournie \u00e0 l\u2019Ukraine, critique r\u00e9guli\u00e8rement Volodymyr Zelensky.<\/p>\n<p>Le pr\u00e9sident ukrainien compte utiliser le sommet pour plaider en faveur de sanctions am\u00e9ricaines suppl\u00e9mentaires contre Moscou, disant esp\u00e9rer \u00ab\u00a0avoir une conversation\u00a0\u00bb avec Donald Trump, qui souhaite un accord de paix rapide.<\/p>\n<p>La d\u00e9claration du jour<\/p>\n<blockquote class=\"mx-m@xs mx-xxl@md color-ultramarine c-citation\">\n<p class=\"font-weight-regular@xs text-italic font-source-serif-pro text-l@xs c-citation__content\">\u00ab\u00a0\u00ab\u00a0Le pr\u00e9sident Poutine m\u2019a appel\u00e9 ce matin pour me souhaiter tr\u00e8s gentiment un joyeux anniversaire.\u00a0\u00bb\u00a0\u00bb<\/p>\n<\/blockquote>\n<p><a href=\"https:\/\/www.20minutes.fr\/monde\/vladimir_poutine\/\" class=\"color-ultramarine c-link\" rel=\"nofollow noopener\" target=\"_blank\">Vladimir Poutine<\/a> a appel\u00e9 samedi \u00e0 son homologue am\u00e9ricain qui f\u00eatait son 79e anniversaire. Le pr\u00e9sident russe \u00ab\u00a0pense, comme moi, que cette guerre Isra\u00ebl-Iran doit s\u2019arr\u00eater\u00a0\u00bb, a \u00e9crit Donald Trump sur sa <a href=\"https:\/\/truthsocial.com\/@realDonaldTrump\/posts\/114683261634430212\" rel=\"nofollow noopener\" target=\"_blank\" class=\"color-ultramarine c-link\">plateforme Truth Social<\/a>. \u00ab\u00a0Je lui ai r\u00e9pondu que sa guerre doit aussi s\u2019arr\u00eater\u00a0\u00bb, a-t-il ajout\u00e9 en faisant r\u00e9f\u00e9rence au conflit entre l\u2019Ukraine et la Russie.<\/p>\n<p>Le pr\u00e9sident russe, lui, a indiqu\u00e9 au t\u00e9l\u00e9phone \u00eatre pr\u00eat \u00e0 un nouveau round de n\u00e9gociations entre la Russie et l\u2019Ukraine. Selon le <a href=\"https:\/\/www.20minutes.fr\/dossier\/kremlin\" class=\"color-ultramarine c-link\" rel=\"nofollow noopener\" target=\"_blank\">Kremlin<\/a>, Poutine a inform\u00e9 <a href=\"https:\/\/www.20minutes.fr\/dossier\/donald_trump\" class=\"color-ultramarine c-link\" rel=\"nofollow noopener\" target=\"_blank\">Donald Trump<\/a> de la \u00ab\u00a0mise en \u0153uvre des accords conclus lors de la r\u00e9union entre les d\u00e9l\u00e9gations russe et ukrainienne \u00e0 Istanbul le 2\u00a0juin\u00a0\u00bb, soit des accords portant sur des \u00e9changes de prisonniers, de bless\u00e9s et de corps de soldats.<\/p>\n<p>Le chiffre du jour<\/p>\n<p>1.200. L\u2019Ukraine a annonc\u00e9 dimanche avoir re\u00e7u un nouveau lot de 1.200 corps de la Russie. Lors de pourparlers \u00e0 Istanbul, en <a href=\"https:\/\/www.20minutes.fr\/monde\/turquie\/\" class=\"color-ultramarine c-link\" rel=\"nofollow noopener\" target=\"_blank\">Turquie<\/a>, d\u00e9but juin, Kiev et Moscou avaient convenu de lib\u00e9rer tous leurs prisonniers de guerre jeunes ou bless\u00e9s et de rendre les d\u00e9pouilles des combattants tu\u00e9s, seul r\u00e9sultat tangible de ces n\u00e9gociations.<\/p>\n<\/p>\n<p>Depuis, les deux camps ont proc\u00e9d\u00e9 \u00e0 quatre rounds d\u2019\u00e9changes de prisonniers et l\u2019Ukraine avait r\u00e9cup\u00e9r\u00e9 1.200 corps samedi, 1.200 autres vendredi et 1.212 mercredi, soit 4.812 d\u00e9pouilles au total. La <a href=\"https:\/\/www.20minutes.fr\/monde\/russie\/\" class=\"color-ultramarine c-link\" rel=\"nofollow noopener\" target=\"_blank\">Russie<\/a> avait de son c\u00f4t\u00e9 indiqu\u00e9 avoir r\u00e9cup\u00e9r\u00e9 mercredi\u00a027 d\u00e9pouilles de militaires russes tu\u00e9s remis par l\u2019Ukraine. Elle n\u2019a pas fait d\u2019annonce pour les op\u00e9rations de vendredi, samedi et dimanche.<\/p>\n<p>La tendance du jour<\/p>\n<p>Ayant d\u00e9sormais franchi la fronti\u00e8re, les troupes de <a href=\"https:\/\/www.20minutes.fr\/monde\/moscou\/\" class=\"color-ultramarine c-link\" rel=\"nofollow noopener\" target=\"_blank\">Moscou<\/a> progressent rapidement vers Soumy, ville qui comptait environ 255.000 habitants avant la guerre lanc\u00e9e en f\u00e9vrier\u00a02022. L\u2019arm\u00e9e russe a revendiqu\u00e9 la capture d\u2019une s\u00e9rie de villages frontaliers, poussant les autorit\u00e9s ukrainiennes \u00e0 ordonner des \u00e9vacuations d\u2019urgence dans plusieurs localit\u00e9s.<\/p>\n<p>Si le pr\u00e9sident ukrainien <a href=\"https:\/\/www.20minutes.fr\/monde\/volodymyr-zelensky\/\" class=\"color-ultramarine c-link\" rel=\"nofollow noopener\" target=\"_blank\">Volodymyr Zelensky<\/a> a assur\u00e9 vendredi que l\u2019offensive russe dans cette r\u00e9gion avait \u00e9t\u00e9 \u00ab\u00a0stopp\u00e9e\u00a0\u00bb, les troupes russes n\u2019en sont pas moins \u00e0 une vingtaine de kilom\u00e8tres de la capitale r\u00e9gionale, \u00e0 port\u00e9e de tir de leurs canons.<\/p>\n","protected":false},"excerpt":{"rendered":"Vous avez rat\u00e9 les derniers \u00e9v\u00e9nements sur la guerre en Ukraine\u00a0? 20 Minutes fait le point pour vous&hellip;\n","protected":false},"author":2,"featured_media":179289,"comment_status":"","ping_status":"","sticky":false,"template":"","format":"standard","meta":{"footnotes":""},"categories":[1590],"tags":[47,11,75,73,1777,674,23564,131,74,12,132,220,135,134],"class_list":{"0":"post-179288","1":"post","2":"type-post","3":"status-publish","4":"format-standard","5":"has-post-thumbnail","7":"category-ukraine","8":"tag-actualite","9":"tag-actualites","10":"tag-donald-trump","11":"tag-etats-unis","12":"tag-eu","13":"tag-europe","14":"tag-g7","15":"tag-guerre-en-ukraine","16":"tag-monde","17":"tag-news","18":"tag-russie","19":"tag-ukraine","20":"tag-vladimir-poutine","21":"tag-volodymyr-zelensky"},"share_on_mastodon":{"url":"https:\/\/pubeurope.com\/@fr\/114689531191087112","error":""},"_links":{"self":[{"href":"https:\/\/www.europesays.com\/fr\/wp-json\/wp\/v2\/posts\/179288","targetHints":{"allow":["GET"]}}],"collection":[{"href":"https:\/\/www.europesays.com\/fr\/wp-json\/wp\/v2\/posts"}],"about":[{"href":"https:\/\/www.europesays.com\/fr\/wp-json\/wp\/v2\/types\/post"}],"author":[{"embeddable":true,"href":"https:\/\/www.europesays.com\/fr\/wp-json\/wp\/v2\/users\/2"}],"replies":[{"embeddable":true,"href":"https:\/\/www.europesays.com\/fr\/wp-json\/wp\/v2\/comments?post=179288"}],"version-history":[{"count":0,"href":"https:\/\/www.europesays.com\/fr\/wp-json\/wp\/v2\/posts\/179288\/revisions"}],"wp:featuredmedia":[{"embeddable":true,"href":"https:\/\/www.europesays.com\/fr\/wp-json\/wp\/v2\/media\/179289"}],"wp:attachment":[{"href":"https:\/\/www.europesays.com\/fr\/wp-json\/wp\/v2\/media?parent=179288"}],"wp:term":[{"taxonomy":"category","embeddable":true,"href":"https:\/\/www.europesays.com\/fr\/wp-json\/wp\/v2\/categories?post=179288"},{"taxonomy":"post_tag","embeddable":true,"href":"https:\/\/www.europesays.com\/fr\/wp-json\/wp\/v2\/tags?post=179288"}],"curies":[{"name":"wp","href":"https:\/\/api.w.org\/{rel}","templated":true}]}}