{"id":17929,"date":"2025-04-11T18:10:08","date_gmt":"2025-04-11T18:10:08","guid":{"rendered":"https:\/\/www.europesays.com\/fr\/17929\/"},"modified":"2025-04-11T18:10:08","modified_gmt":"2025-04-11T18:10:08","slug":"un-pop-up-dedie-aux-fleurs-sinstalle-a-lyon","status":"publish","type":"post","link":"https:\/\/www.europesays.com\/fr\/17929\/","title":{"rendered":"Un pop-up d\u00e9di\u00e9 aux fleurs s\u2019installe \u00e0 Lyon"},"content":{"rendered":"<p itemprop=\"description\"><strong>La marque est d\u00e9j\u00e0 venue \u00e0 plusieurs reprises \u00e0 Lyon.<\/strong><\/p>\n<p>Avis aux fans de fleurs (et ils seront certainement nombreux). La marque Flowrette a ouvert ce jeudi un nouveau pop-up \u00e0 Lyon. Ce dernier met une nouvelle fois \u00e0 l\u2019honneur les \u00ab\u00a0fleurs durables sous toutes leurs formes\u00a0\u00bb. Le rendez-vous est donn\u00e9 jusqu\u2019\u00e0 dimanche au sein d\u2019In-Sted dans le 3e arrondissement.<\/p>\n<p>Plusieurs nouveaut\u00e9s sont au programme de cette nouvelle boutique \u00e9ph\u00e9m\u00e8re, notamment des fleurs fra\u00eeches locales et de saison venant d\u2019une ferme florale bio situ\u00e9e \u00e0 35 kilom\u00e8tres de Lyon qu\u2019il sera possible de faire s\u00e9cher chez soi.\u00a0<\/p>\n<p>Un bar \u00e0 bouquets est \u00e9galement \u00e0 d\u00e9couvrir avec la possibilit\u00e9 de confectionner son propre bouquet. La marquet pr\u00e9sente aussi sa nouvelle collection de fleurs real touch, \u00ab\u00a0d\u2019un r\u00e9alisme saisissant au toucher comme \u00e0 la vue\u00a0\u00bb.<\/p>\n<p>\u00ab\u00a0Apr\u00e8s cinq \u00e9ditions couronn\u00e9es de succ\u00e8s \u00e0 Lyon, il nous semblait indispensable de revenir dans cette ville qui me tient particuli\u00e8rement \u00e0 c\u0153ur, car je suis moi-m\u00eame Lyonnaise. C\u2019est un vrai plaisir de pouvoir partager l\u2019univers de Flowrette avec les habitants de ma ville d\u2019origine. Aussi, les Lyonnais ont toujours \u00e9t\u00e9 au rendez-vous de ces \u00e9v\u00e8nements depuis 2022\u00a0\u00bb, commente \u00c9lodie Gervet, la fondatrice de Flowrette.<\/p>\n<p>Le pop-up Flowrette est ouvert ce vendredi et ce samedi de 10h \u00e0 18h30 ainsi que ce dimanche de 10h \u00e0 13h \u00e0 In-Sted, 6 rue de la Part-Dieu (Lyon 3).<\/p>\n","protected":false},"excerpt":{"rendered":"La marque est d\u00e9j\u00e0 venue \u00e0 plusieurs reprises \u00e0 Lyon. Avis aux fans de fleurs (et ils seront&hellip;\n","protected":false},"author":2,"featured_media":17930,"comment_status":"","ping_status":"","sticky":false,"template":"","format":"standard","meta":{"footnotes":""},"categories":[1889],"tags":[1111,11,2813,2190,2430,1109,251,1112,2811,1777,674,118,1294,4651,1011,27,1922,1110,1114,2428,4903,4902,12,241,316,25,2812,517,800],"class_list":{"0":"post-17929","1":"post","2":"type-post","3":"status-publish","4":"format-standard","5":"has-post-thumbnail","7":"category-lyon","8":"tag-actu","9":"tag-actualites","10":"tag-article","11":"tag-asvel","12":"tag-auvergne-rhone-alpes","13":"tag-breves","14":"tag-culture","15":"tag-depeches","16":"tag-economique","17":"tag-eu","18":"tag-europe","19":"tag-faits-divers","20":"tag-femme","21":"tag-femmes","22":"tag-fr","23":"tag-france","24":"tag-info","25":"tag-informations","26":"tag-infos","27":"tag-lyon","28":"tag-lyonfemme","29":"tag-lyonfemmes","30":"tag-news","31":"tag-ol","32":"tag-politique","33":"tag-republique-francaise","34":"tag-sociale","35":"tag-sport","36":"tag-transports"},"share_on_mastodon":{"url":"https:\/\/pubeurope.com\/@fr\/114320679125154751","error":""},"_links":{"self":[{"href":"https:\/\/www.europesays.com\/fr\/wp-json\/wp\/v2\/posts\/17929","targetHints":{"allow":["GET"]}}],"collection":[{"href":"https:\/\/www.europesays.com\/fr\/wp-json\/wp\/v2\/posts"}],"about":[{"href":"https:\/\/www.europesays.com\/fr\/wp-json\/wp\/v2\/types\/post"}],"author":[{"embeddable":true,"href":"https:\/\/www.europesays.com\/fr\/wp-json\/wp\/v2\/users\/2"}],"replies":[{"embeddable":true,"href":"https:\/\/www.europesays.com\/fr\/wp-json\/wp\/v2\/comments?post=17929"}],"version-history":[{"count":0,"href":"https:\/\/www.europesays.com\/fr\/wp-json\/wp\/v2\/posts\/17929\/revisions"}],"wp:featuredmedia":[{"embeddable":true,"href":"https:\/\/www.europesays.com\/fr\/wp-json\/wp\/v2\/media\/17930"}],"wp:attachment":[{"href":"https:\/\/www.europesays.com\/fr\/wp-json\/wp\/v2\/media?parent=17929"}],"wp:term":[{"taxonomy":"category","embeddable":true,"href":"https:\/\/www.europesays.com\/fr\/wp-json\/wp\/v2\/categories?post=17929"},{"taxonomy":"post_tag","embeddable":true,"href":"https:\/\/www.europesays.com\/fr\/wp-json\/wp\/v2\/tags?post=17929"}],"curies":[{"name":"wp","href":"https:\/\/api.w.org\/{rel}","templated":true}]}}