{"id":179296,"date":"2025-06-15T21:38:15","date_gmt":"2025-06-15T21:38:15","guid":{"rendered":"https:\/\/www.europesays.com\/fr\/179296\/"},"modified":"2025-06-15T21:38:15","modified_gmt":"2025-06-15T21:38:15","slug":"le-tourbillon-sanglant-au-moyen-orient-et-limpuissance-de-leurope","status":"publish","type":"post","link":"https:\/\/www.europesays.com\/fr\/179296\/","title":{"rendered":"Le tourbillon sanglant au Moyen-Orient et l\u2019impuissance de l\u2019Europe"},"content":{"rendered":"<p>Le Moyen-Orient est frapp\u00e9 par une nouvelle s\u00e9quence guerri\u00e8re terrifiante. D\u2019abord, parce que, en Iran comme en Isra\u00ebl, des populations civiles sont tu\u00e9es, bless\u00e9es, terroris\u00e9es. Ensuite, parce qu\u2019elle rend plus tangible encore un embrasement massif de la r\u00e9gion, voire au-del\u00e0. Sur un autre plan enfin, parce qu\u2019elle souligne combien l\u2019Europe peine \u00e0 y faire face.<\/p>\n<p>Isra\u00ebl \u00e9tait de plus en plus isol\u00e9 ces derniers mois sur la sc\u00e8ne diplomatique. Le sort insupportable des plus de 2\u00a0millions de Gazaouis augmentait l\u2019\u00e9c\u0153urement dans les opinions. Les dirigeants de diff\u00e9rents pays, comme la Suisse, \u00e9taient sous pression dans leur posture face \u00e0 ce drame. Les \u00e9v\u00e9nements de ces derniers jours <a href=\"https:\/\/www.letemps.ch\/monde\/emmanuel-macron-entrave-dans-sa-reconnaissance-de-l-etat-palestinien-pourquoi-est-ce-si-complique\" rel=\"nofollow noopener\" target=\"_blank\">ont coup\u00e9 court<\/a> aux vell\u00e9it\u00e9s fran\u00e7aises autour de la reconnaissance d\u2019un Etat palestinien.<\/p>\n<p>            Lire aussi: <a href=\"https:\/\/www.letemps.ch\/articles\/les-scenarios-possibles-entre-israel-et-l-iran-alors-que-le-conflit-menace-de-se-generaliser\" target=\"_blank\" rel=\"noopener\">Les sc\u00e9narios possibles entre Isra\u00ebl et l\u2019Iran, alors que le conflit menace de se g\u00e9n\u00e9raliser<\/a>  <\/p>\n<p><a href=\"https:\/\/www.letemps.ch\/monde\/moyenorient\/benyamin-netanyahou-et-l-iran-mission-presque-accomplie\" rel=\"nofollow noopener\" target=\"_blank\">En (r)ouvrant le front contre l\u2019Iran<\/a>, le gouvernement isra\u00e9lien d\u00e9place l\u2019attention et, surtout, fait \u00e9tat, une nouvelle fois, de sa puissance militaire et de l\u2019efficacit\u00e9 de ses services de renseignement, dans une op\u00e9ration sans doute pr\u00e9par\u00e9e de longue date. Pour d\u00e9truire le potentiel nucl\u00e9aire iranien sans garantie d\u2019ailleurs d\u2019y parvenir seul? Entre autres. Car les cibles sont aussi non nucl\u00e9aires. Sans compter, comme pour le Hamas et le Hezbollah, l\u2019\u00e9limination de personnalit\u00e9s dirigeantes, \u00e9branlant ainsi fortement la R\u00e9publique islamique.<\/p>\n<p>Notre suivi en continu: <a href=\"https:\/\/www.letemps.ch\/articles\/en-direct-guerre-a-gaza-l-ong-du-navire-humanitaire-pour-gaza-dit-que-celui-ci-a-ete-arraisonne-par-l-armee-israelienne\" target=\"_blank\" rel=\"noopener\">En direct, Moyen-Orient \u2013 Des raids intenses se poursuivent entre Isra\u00ebl et l\u2019Iran<\/a>  <\/p>\n<p>Niveau d\u2019explosivit\u00e9 grave<\/p>\n<p>Le r\u00e9gime des mollahs, justement, est donc l\u2019agress\u00e9 et peut ainsi le clamer. Mais c\u2019est un pouvoir tr\u00e8s oppressif qui, m\u00eame si les Iraniens ont une forte fibre patriotique, a d\u00fb faire face ces derni\u00e8res ann\u00e9es \u00e0 une courageuse et d\u00e9termin\u00e9e opposition civile: <a href=\"https:\/\/www.letemps.ch\/monde\/moyenorient\/le-regime-iranien-tiraille-entre-une-riposte-brutale-et-le-souci-d-assurer-sa-survie\" rel=\"nofollow noopener\" target=\"_blank\">il est tr\u00e8s fragilis\u00e9<\/a>. L\u2019Iran, que ce soit par son ambition nucl\u00e9aire, sa posture rh\u00e9torique avec en premi\u00e8re ligne la destruction d\u2019Isra\u00ebl et son soutien au terrorisme, reste une menace r\u00e9elle, aussi pour les pays occidentaux.<\/p>\n<p>De surcro\u00eet, dans ce contexte d\u2019un niveau d\u2019explosivit\u00e9 rare, le pr\u00e9sident Donald\u00a0Trump jouait ces derniers temps le n\u00e9gociateur sur le nucl\u00e9aire avec l\u2019Iran, sans les Europ\u00e9ens, d\u2019un accord dont il avait lui-m\u00eame retir\u00e9 les Etats-Unis en 2018. Mais en parall\u00e8le, son administration semblait au courant de ce qu\u2019Isra\u00ebl pr\u00e9parait.<\/p>\n<p>Lire aussi: <a href=\"https:\/\/www.letemps.ch\/articles\/donald-trump-spectateur-enthousiaste-et-complice-de-l-attaque-israelienne-contre-l-iran\" target=\"_blank\" rel=\"noopener\">Donald Trump, spectateur enthousiaste et complice de l\u2019attaque isra\u00e9lienne contre l\u2019Iran<\/a>  <\/p>\n<p>Dans ce tourbillon sanglant, lui-m\u00eame inscrit dans un contexte anxiog\u00e8ne global, qui est la victime, qui est le bourreau? Le paradoxe se lit dans les postures de certains pays europ\u00e9ens, d\u00e9fenseurs contraints depuis vendredi du droit d\u2019Isra\u00ebl \u00e0 se d\u00e9fendre face \u00e0 l\u2019Iran. M\u00eame sinc\u00e8res, d\u00e9termin\u00e9es ou les deux, leurs voix semblent bien faibles. Et \u00e0 l\u2019affreux tournis des conflits se multipliant s\u2019ajoute la tristesse de l\u2019impuissance ambiante face \u00e0 la fureur du monde.<\/p>\n","protected":false},"excerpt":{"rendered":"Le Moyen-Orient est frapp\u00e9 par une nouvelle s\u00e9quence guerri\u00e8re terrifiante. D\u2019abord, parce que, en Iran comme en Isra\u00ebl,&hellip;\n","protected":false},"author":2,"featured_media":179297,"comment_status":"","ping_status":"","sticky":false,"template":"","format":"standard","meta":{"footnotes":""},"categories":[1586],"tags":[11,1777,674,1011,27,4438,3019,664,25501,12,25],"class_list":{"0":"post-179296","1":"post","2":"type-post","3":"status-publish","4":"format-standard","5":"has-post-thumbnail","7":"category-europe","8":"tag-actualites","9":"tag-eu","10":"tag-europe","11":"tag-fr","12":"tag-france","13":"tag-free","14":"tag-iran","15":"tag-israel","16":"tag-le-conflit-israelo-palestinien","17":"tag-news","18":"tag-republique-francaise"},"share_on_mastodon":{"url":"https:\/\/pubeurope.com\/@fr\/114689546837619919","error":""},"_links":{"self":[{"href":"https:\/\/www.europesays.com\/fr\/wp-json\/wp\/v2\/posts\/179296","targetHints":{"allow":["GET"]}}],"collection":[{"href":"https:\/\/www.europesays.com\/fr\/wp-json\/wp\/v2\/posts"}],"about":[{"href":"https:\/\/www.europesays.com\/fr\/wp-json\/wp\/v2\/types\/post"}],"author":[{"embeddable":true,"href":"https:\/\/www.europesays.com\/fr\/wp-json\/wp\/v2\/users\/2"}],"replies":[{"embeddable":true,"href":"https:\/\/www.europesays.com\/fr\/wp-json\/wp\/v2\/comments?post=179296"}],"version-history":[{"count":0,"href":"https:\/\/www.europesays.com\/fr\/wp-json\/wp\/v2\/posts\/179296\/revisions"}],"wp:featuredmedia":[{"embeddable":true,"href":"https:\/\/www.europesays.com\/fr\/wp-json\/wp\/v2\/media\/179297"}],"wp:attachment":[{"href":"https:\/\/www.europesays.com\/fr\/wp-json\/wp\/v2\/media?parent=179296"}],"wp:term":[{"taxonomy":"category","embeddable":true,"href":"https:\/\/www.europesays.com\/fr\/wp-json\/wp\/v2\/categories?post=179296"},{"taxonomy":"post_tag","embeddable":true,"href":"https:\/\/www.europesays.com\/fr\/wp-json\/wp\/v2\/tags?post=179296"}],"curies":[{"name":"wp","href":"https:\/\/api.w.org\/{rel}","templated":true}]}}