{"id":179298,"date":"2025-06-15T21:39:09","date_gmt":"2025-06-15T21:39:09","guid":{"rendered":"https:\/\/www.europesays.com\/fr\/179298\/"},"modified":"2025-06-15T21:39:09","modified_gmt":"2025-06-15T21:39:09","slug":"une-reunion-mardi-des-ministres-des-affaires-etrangeres-de-lue-la-crise-israel-iran-au-menu-des-discussions","status":"publish","type":"post","link":"https:\/\/www.europesays.com\/fr\/179298\/","title":{"rendered":"Une r\u00e9union mardi des ministres des Affaires \u00e9trang\u00e8res de l&rsquo;UE, la crise Isra\u00ebl-Iran au menu des discussions"},"content":{"rendered":"<p>Cette r\u00e9union, en visioconf\u00e9rence, \u00ab\u00a0permettra un \u00e9change de vues, une coordination sur les actions diplomatiques avec Tel-Aviv et T\u00e9h\u00e9ran, et sur les prochaines \u00e9tapes possibles\u00a0\u00bb, a-t-on pr\u00e9cis\u00e9 de m\u00eame source.<\/p>\n<p>L&rsquo;UE appelle une nouvelle fois \u00e0 la d\u00e9sescalade dans ce conflit, assurant \u00eatre pr\u00eate \u00ab\u00a0\u00e0 tous les efforts diplomatiques visant \u00e0 apaiser les tensions et \u00e0 trouver une solution durable au dossier nucl\u00e9aire iranien\u00a0\u00bb.<\/p>\n<p>Cette solution, insiste encore ce responsable de la diplomatie de l&rsquo;UE, \u00ab\u00a0ne peut passer que par un accord n\u00e9goci\u00e9\u00a0\u00bb.<\/p>\n<p><strong>La \u00ab\u00a0vive inqui\u00e9tude\u00a0\u00bb de l&rsquo;UE<\/strong><\/p>\n<p>Au troisi\u00e8me jour du conflit, l&rsquo;Iran a lanc\u00e9 dimanche de nouvelles attaques contre Isra\u00ebl o\u00f9 le Premier ministre, Benjamin Netanyahu, a affirm\u00e9 que T\u00e9h\u00e9ran \u00ab\u00a0paiera un prix tr\u00e8s lourd\u00a0\u00bb pour la mort de civils. Cela pendant que l&rsquo;aviation isra\u00e9lienne bombardait des dizaines de cibles sur le sol iranien, notamment dans la capitale.<\/p>\n<p>Isra\u00ebl a lanc\u00e9 vendredi son attaque sans pr\u00e9c\u00e9dent contre la R\u00e9publique islamique, son ennemi jur\u00e9, avec <strong>l&rsquo;objectif de d\u00e9manteler ses capacit\u00e9s militaires et nucl\u00e9aires.<\/strong><\/p>\n<p>Samedi soir, Kaja Kallas avait fait part de la \u00ab\u00a0vive inqui\u00e9tude\u00a0\u00bb de l&rsquo;UE, dans un communiqu\u00e9 au nom des Vingt-Sept.<\/p>\n<p>Les pays de l&rsquo;UE appellent \u00ab\u00a0toutes les parties \u00e0 respecter le droit international, \u00e0 faire preuve de retenue et \u00e0 s&rsquo;abstenir de toute nouvelle mesure susceptible d&rsquo;entra\u00eener de graves cons\u00e9quences, telles qu&rsquo;un \u00e9ventuel rejet radioactif\u00a0\u00bb, \u00e9tait-il indiqu\u00e9.<\/p>\n","protected":false},"excerpt":{"rendered":"Cette r\u00e9union, en visioconf\u00e9rence, \u00ab\u00a0permettra un \u00e9change de vues, une coordination sur les actions diplomatiques avec Tel-Aviv et&hellip;\n","protected":false},"author":2,"featured_media":179299,"comment_status":"","ping_status":"","sticky":false,"template":"","format":"standard","meta":{"footnotes":""},"categories":[1586],"tags":[11,10411,1777,674,1779,1011,27,12,25,1778,364],"class_list":{"0":"post-179298","1":"post","2":"type-post","3":"status-publish","4":"format-standard","5":"has-post-thumbnail","7":"category-europe","8":"tag-actualites","9":"tag-conflits","10":"tag-eu","11":"tag-europe","12":"tag-european-union","13":"tag-fr","14":"tag-france","15":"tag-news","16":"tag-republique-francaise","17":"tag-ue","18":"tag-union-europeenne"},"share_on_mastodon":{"url":"https:\/\/pubeurope.com\/@fr\/114689550760217043","error":""},"_links":{"self":[{"href":"https:\/\/www.europesays.com\/fr\/wp-json\/wp\/v2\/posts\/179298","targetHints":{"allow":["GET"]}}],"collection":[{"href":"https:\/\/www.europesays.com\/fr\/wp-json\/wp\/v2\/posts"}],"about":[{"href":"https:\/\/www.europesays.com\/fr\/wp-json\/wp\/v2\/types\/post"}],"author":[{"embeddable":true,"href":"https:\/\/www.europesays.com\/fr\/wp-json\/wp\/v2\/users\/2"}],"replies":[{"embeddable":true,"href":"https:\/\/www.europesays.com\/fr\/wp-json\/wp\/v2\/comments?post=179298"}],"version-history":[{"count":0,"href":"https:\/\/www.europesays.com\/fr\/wp-json\/wp\/v2\/posts\/179298\/revisions"}],"wp:featuredmedia":[{"embeddable":true,"href":"https:\/\/www.europesays.com\/fr\/wp-json\/wp\/v2\/media\/179299"}],"wp:attachment":[{"href":"https:\/\/www.europesays.com\/fr\/wp-json\/wp\/v2\/media?parent=179298"}],"wp:term":[{"taxonomy":"category","embeddable":true,"href":"https:\/\/www.europesays.com\/fr\/wp-json\/wp\/v2\/categories?post=179298"},{"taxonomy":"post_tag","embeddable":true,"href":"https:\/\/www.europesays.com\/fr\/wp-json\/wp\/v2\/tags?post=179298"}],"curies":[{"name":"wp","href":"https:\/\/api.w.org\/{rel}","templated":true}]}}