{"id":179300,"date":"2025-06-15T21:40:10","date_gmt":"2025-06-15T21:40:10","guid":{"rendered":"https:\/\/www.europesays.com\/fr\/179300\/"},"modified":"2025-06-15T21:40:10","modified_gmt":"2025-06-15T21:40:10","slug":"norris-se-saborde-piastri-sechappe-verstappen-resiste","status":"publish","type":"post","link":"https:\/\/www.europesays.com\/fr\/179300\/","title":{"rendered":"Norris se saborde, Piastri s&rsquo;\u00e9chappe, Verstappen r\u00e9siste"},"content":{"rendered":"<p>L&rsquo;accrochage entre Oscar Piastri et Lando Norris a un vainqueur net\u00a0: l&rsquo;Australien, rescap\u00e9 de l&rsquo;incident, qui enregistre face \u00e0 son \u00e9quipier un 12-0. Le Britannique est d\u00e9sormais \u00e0 22 points de son \u00e9quipier et voit Max Verstappen, second \u00e0 Montr\u00e9al, revenir \u00e0 21 unit\u00e9s. Avec son succ\u00e8s, George Russell pointe \u00e0 19 points du N\u00e9erlandais.\u00a0<\/p>\n<p>Chez les constructeurs, McLaren perd des points sur ses poursuivants mais demeure largement en t\u00eate. Mercedes reprend la seconde place \u00e0 Ferrari avec un GP \u00e0 40 points. Hormis Racing Bulls et Alpine, toutes les \u00e9curies ont marqu\u00e9 au moins un point lors de cette \u00e9preuve.<\/p>\n<p>Lire aussi :<\/p>\n<p>Championnat pilotes<\/p>\n<p>\u00a0<\/p>\n<p>Championnat constructeurs<\/p>\n<p>Dans cet article<\/p>\n<p>    Fabien Gaillard\n<\/p>\n<p>    Formule 1\n<\/p>\n<p>Soyez le premier inform\u00e9 et souscrivez aux alertes mails pour recevoir les infos en temps r\u00e9el<\/p>\n<p>    S&rsquo;abonner aux alertes de news<\/p>\n","protected":false},"excerpt":{"rendered":"L&rsquo;accrochage entre Oscar Piastri et Lando Norris a un vainqueur net\u00a0: l&rsquo;Australien, rescap\u00e9 de l&rsquo;incident, qui enregistre face&hellip;\n","protected":false},"author":2,"featured_media":179301,"comment_status":"","ping_status":"","sticky":false,"template":"","format":"standard","meta":{"footnotes":""},"categories":[2],"tags":[11,30180,1454,1011,27,30179,12,25],"class_list":{"0":"post-179300","1":"post","2":"type-post","3":"status-publish","4":"format-standard","5":"has-post-thumbnail","7":"category-actualites","8":"tag-actualites","9":"tag-circuit-gilles-villeneuve","10":"tag-formule-1","11":"tag-fr","12":"tag-france","13":"tag-gp-du-canada","14":"tag-news","15":"tag-republique-francaise"},"share_on_mastodon":{"url":"https:\/\/pubeurope.com\/@fr\/114689554760838102","error":""},"_links":{"self":[{"href":"https:\/\/www.europesays.com\/fr\/wp-json\/wp\/v2\/posts\/179300","targetHints":{"allow":["GET"]}}],"collection":[{"href":"https:\/\/www.europesays.com\/fr\/wp-json\/wp\/v2\/posts"}],"about":[{"href":"https:\/\/www.europesays.com\/fr\/wp-json\/wp\/v2\/types\/post"}],"author":[{"embeddable":true,"href":"https:\/\/www.europesays.com\/fr\/wp-json\/wp\/v2\/users\/2"}],"replies":[{"embeddable":true,"href":"https:\/\/www.europesays.com\/fr\/wp-json\/wp\/v2\/comments?post=179300"}],"version-history":[{"count":0,"href":"https:\/\/www.europesays.com\/fr\/wp-json\/wp\/v2\/posts\/179300\/revisions"}],"wp:featuredmedia":[{"embeddable":true,"href":"https:\/\/www.europesays.com\/fr\/wp-json\/wp\/v2\/media\/179301"}],"wp:attachment":[{"href":"https:\/\/www.europesays.com\/fr\/wp-json\/wp\/v2\/media?parent=179300"}],"wp:term":[{"taxonomy":"category","embeddable":true,"href":"https:\/\/www.europesays.com\/fr\/wp-json\/wp\/v2\/categories?post=179300"},{"taxonomy":"post_tag","embeddable":true,"href":"https:\/\/www.europesays.com\/fr\/wp-json\/wp\/v2\/tags?post=179300"}],"curies":[{"name":"wp","href":"https:\/\/api.w.org\/{rel}","templated":true}]}}