{"id":179308,"date":"2025-06-15T21:44:09","date_gmt":"2025-06-15T21:44:09","guid":{"rendered":"https:\/\/www.europesays.com\/fr\/179308\/"},"modified":"2025-06-15T21:44:09","modified_gmt":"2025-06-15T21:44:09","slug":"trevor-clevenot-la-caution-experience","status":"publish","type":"post","link":"https:\/\/www.europesays.com\/fr\/179308\/","title":{"rendered":"Tr\u00e9vor Cl\u00e9venot, la caution exp\u00e9rience"},"content":{"rendered":"<p>Il n\u2019est jamais rassasi\u00e9. Une avidit\u00e9 qui ne l\u2019emp\u00eache pas de savourer. Savourer les exploits qu\u2019il accomplit, aussi bien en s\u00e9lection qu\u2019en club. Savourer le temps pass\u00e9 avec les Bleus, cette \u00ab\u00a0famille\u00a0\u00bb avec laquelle il a connu les plus incroyables des \u00e9motions. Savourer chaque nouveau titre, chaque nouvelle r\u00e9compense, comme autant de reconnaissances du travail accompli. Les titres et les r\u00e9compenses, Tr\u00e9vor Cl\u00e9venot les collectionne. Alors, dans ce groupe France rajeuni au moment d\u2019aborder la VNL, son exp\u00e9rience est particuli\u00e8rement pr\u00e9cieuse.<\/p>\n<p>D\u2019autant qu\u2019elle s\u2019est enrichie lors d\u2019une ann\u00e9e 2025 prolifique. Avec, \u00e0 la cl\u00e9, trois nouvelles lignes \u00e0 son d\u00e9j\u00e0 bien long palmar\u00e8s. Et pas des moindres\u00a0! Car le r\u00e9ceptionneur-attaquant de 30\u00a0ans a soulev\u00e9 le troph\u00e9e du championnat de Turquie et celui de la Coupe CEV avec son club, le Ziraat Bankkart Ankara. Mais il a aussi \u00e9t\u00e9 \u00e9lu, en janvier, meilleur joueur du monde de l\u2019ann\u00e9e 2024. Rien que cela\u00a0! \u00ab\u00a0J\u2019\u00e9tais content, je ne vais pas le cacher. J\u2019ai peut-\u00eatre eu la chance de jouer mon meilleur volley au meilleur moment l\u2019\u00e9t\u00e9 dernier&#8230;. <\/p>\n<p>    Cet article a \u00e9t\u00e9 tronqu\u00e9. Abonnez-vous pour lire l&rsquo;article complet sur notre site.<\/p>\n<p>\u00a0\u00bb<\/p>\n<p style=\"margin: 0 !important; padding: 0 !important; font-size: 12px !important;\">Cet article a \u00e9t\u00e9 tronqu\u00e9. Abonnez-vous pour lire l&rsquo;article complet.<\/p>\n<p>    <a href=\"https:\/\/www.lanouvellerepublique.fr\/abonnements\" style=\"display: inline-block; margin-top: 5px !important; padding: 6px 12px !important; background: #cb1c27; color: white; text-decoration: none; border-radius: 4px; font-size: 12px !important;\" target=\"_blank\" rel=\"noopener\"><br \/>\n      S&rsquo;abonner<br \/>\n    <\/a><\/p>\n","protected":false},"excerpt":{"rendered":"Il n\u2019est jamais rassasi\u00e9. Une avidit\u00e9 qui ne l\u2019emp\u00eache pas de savourer. Savourer les exploits qu\u2019il accomplit, aussi&hellip;\n","protected":false},"author":2,"featured_media":179309,"comment_status":"","ping_status":"","sticky":false,"template":"","format":"standard","meta":{"footnotes":""},"categories":[1417],"tags":[24849,1011,27,1387,60,1390,1470,1469],"class_list":{"0":"post-179308","1":"post","2":"type-post","3":"status-publish","4":"format-standard","5":"has-post-thumbnail","7":"category-volley","8":"tag-equipe-de-france-volley","9":"tag-fr","10":"tag-france","11":"tag-indre-et-loire","12":"tag-sports","13":"tag-tours","14":"tag-volley","15":"tag-volleyball"},"share_on_mastodon":{"url":"https:\/\/pubeurope.com\/@fr\/114689570539361137","error":""},"_links":{"self":[{"href":"https:\/\/www.europesays.com\/fr\/wp-json\/wp\/v2\/posts\/179308","targetHints":{"allow":["GET"]}}],"collection":[{"href":"https:\/\/www.europesays.com\/fr\/wp-json\/wp\/v2\/posts"}],"about":[{"href":"https:\/\/www.europesays.com\/fr\/wp-json\/wp\/v2\/types\/post"}],"author":[{"embeddable":true,"href":"https:\/\/www.europesays.com\/fr\/wp-json\/wp\/v2\/users\/2"}],"replies":[{"embeddable":true,"href":"https:\/\/www.europesays.com\/fr\/wp-json\/wp\/v2\/comments?post=179308"}],"version-history":[{"count":0,"href":"https:\/\/www.europesays.com\/fr\/wp-json\/wp\/v2\/posts\/179308\/revisions"}],"wp:featuredmedia":[{"embeddable":true,"href":"https:\/\/www.europesays.com\/fr\/wp-json\/wp\/v2\/media\/179309"}],"wp:attachment":[{"href":"https:\/\/www.europesays.com\/fr\/wp-json\/wp\/v2\/media?parent=179308"}],"wp:term":[{"taxonomy":"category","embeddable":true,"href":"https:\/\/www.europesays.com\/fr\/wp-json\/wp\/v2\/categories?post=179308"},{"taxonomy":"post_tag","embeddable":true,"href":"https:\/\/www.europesays.com\/fr\/wp-json\/wp\/v2\/tags?post=179308"}],"curies":[{"name":"wp","href":"https:\/\/api.w.org\/{rel}","templated":true}]}}