{"id":17931,"date":"2025-04-11T18:11:11","date_gmt":"2025-04-11T18:11:11","guid":{"rendered":"https:\/\/www.europesays.com\/fr\/17931\/"},"modified":"2025-04-11T18:11:11","modified_gmt":"2025-04-11T18:11:11","slug":"le-psg-a-une-nouvelle-recrue-des-terrasses-ephemeres-font-debat-linfo-a-midi-en-ile-de-france","status":"publish","type":"post","link":"https:\/\/www.europesays.com\/fr\/17931\/","title":{"rendered":"Le PSG a une nouvelle recrue, des terrasses \u00e9ph\u00e9m\u00e8res font d\u00e9bat&#8230; L&rsquo;info \u00e0 midi en \u00cele-de-France"},"content":{"rendered":"<p>            Par<br \/>\n        <strong><br \/>\n            <a href=\"https:\/\/actu.fr\/auteur\/sarah-coulet\" title=\"Consulter tous les articles de Sarah Coulet\" rel=\"nofollow noopener\" target=\"_blank\">Sarah Coulet<\/a><br \/>\n        <\/strong><\/p>\n<p>        Publi\u00e9 le<\/p>\n<p>            10 avr. 2025 \u00e0 11h52        <\/p>\n<p>L\u2019actualit\u00e9 est \u00e9clectique ce jeudi 10\u00a0avril 2025 en \u00cele-de-France. Voici l\u2019essentiel de l\u2019information \u00e0 midi\u2009: \u00e0 Paris, les riverains ne sont pas convaincus par les terrasses \u00e9ph\u00e9m\u00e8res, en Seine-Saint-Denis, les espaces Abraxas vont \u00eatre r\u00e9nov\u00e9s et un joueur de football de Seine-et-Marne arrive au PSG.<\/p>\n<p>Les informations \u00e0 retenir ce jeudi 10\u00a0avril 2025, \u00e0 midi, en \u00cele-de-France<\/p>\n<p class=\"expresso-item wall-content\"><strong>Yvelines. <\/strong><a title=\"Lire l&#039;article\" href=\"https:\/\/actu.fr\/ile-de-france\/mantes-la-jolie_78361\/faire-revivre-un-patrimoine-mis-aux-oubliettes-ce-batiment-des-yvelines-du-xviie-siecle-entame-sa-mue_62482604.html\" rel=\"nofollow noopener\" target=\"_blank\">\u00ab\u2009Faire revivre un patrimoine mis aux oubliettes\u2009\u00bb\u2009: ce b\u00e2timent du XVIIe\u00a0si\u00e8cle entame sa mue<\/a><br \/>Le coup d\u2019envoi d\u2019un projet qui doit attirer plus de touristes dans le centre-ville de Mantes-la-Jolie (Yvelines) a \u00e9t\u00e9 donn\u00e9 le 31\u00a0mars 2025. Un h\u00f4tel-restaurant s\u2019annonce.<\/p>\n<p class=\"expresso-item wall-content\"><strong>Seine-et-Marne. <\/strong><a title=\"Lire l&#039;article\" href=\"https:\/\/actu.fr\/ile-de-france\/meaux_77284\/noham-kamara-ancien-jeune-joueur-de-foot-de-seine-et-marne-signe-avec-le-psg_62486125.html\" rel=\"nofollow noopener\" target=\"_blank\">Noham Kamara, ancien jeune joueur de foot du d\u00e9partement, signe avec le PSG<\/a><br \/>Noham Kamara s\u2019est engag\u00e9 avec le PSG \u00e0 l\u2019\u00e9t\u00e9 2024. Auteur d\u2019une belle saison avec l\u2019effectif U19 parisien, le Meldois signe son premier contrat stagiaire.<\/p>\n<p class=\"expresso-item wall-content\"><strong>Val-d\u2019Oise. <\/strong><a title=\"Lire l&#039;article\" href=\"https:\/\/actu.fr\/ile-de-france\/sarcelles_95585\/rugby-sarcelles-joue-sa-survie-en-federale-1_62482994.html\" rel=\"nofollow noopener\" target=\"_blank\">Rugby\u2009: Sarcelles joue sa survie en F\u00e9d\u00e9rale\u00a01<\/a><br \/>En ballottage d\u00e9favorable avant la derni\u00e8re journ\u00e9e de championnat, l\u2019AAS Sarcelles (Val-d\u2019Oise) doit l\u2019emporter avec le bonus offensif dimanche 13\u00a0avril pour esp\u00e9rer se maintenir.<\/p>\n<p class=\"expresso-item wall-content\"><strong>Paris. <\/strong><a title=\"Lire l&#039;article\" href=\"https:\/\/actu.fr\/ile-de-france\/paris_75056\/cette-rue-est-un-continuum-de-terrasses-a-paris-le-retour-des-terrasses-estivales-excede-les-riverains_62488282.html\" rel=\"nofollow noopener\" target=\"_blank\">\u00ab\u2009Cette rue est un continuum de terrasses\u2009\u00bb\u2009: le retour des terrasses estivales exc\u00e8de les riverains<\/a><br \/>Chaque ann\u00e9e depuis 2020, les Parisiens se divisent au sujet des terrasses estivales. Plusieurs collectifs se sont cr\u00e9\u00e9s pour d\u00e9noncer ces installations devenues pl\u00e9thores.<\/p>\n<p class=\"expresso-item wall-content\"><strong>Seine-Saint-Denis. <\/strong><a title=\"Lire l&#039;article\" href=\"https:\/\/actu.fr\/ile-de-france\/noisy-le-grand_93051\/il-y-a-urgence-c-est-trop-degrade-a-noisy-le-grand-des-travaux-demarrent-enfin-aux-espaces-abraxas_62488641.html\" rel=\"nofollow noopener\" target=\"_blank\"><strong>\u00ab<\/strong>\u2009Il y a urgence, c\u2019est trop d\u00e9grad\u00e9\u2009\u00bb\u2009: \u00e0 Noisy-le-Grand, des travaux d\u00e9marrent enfin aux espaces Abraxas<\/a><br \/>La cit\u00e9 utopique dessin\u00e9e par Ricardo Bofill, symbole de Noisy-le-Grand, a tr\u00e8s mal vieilli. Des travaux colossaux d\u00e9marrent enfin, dans un climat d\u2019impatience g\u00e9n\u00e9rale.<\/p>\n<p class=\" wall-content\"><strong>Suivez-nous pour en savoir plus\u2009!<\/strong><br \/>Vous voulez plus d\u2019infos sur l\u2019\u00cele-de-France\u2009? Vous pouvez nous retrouver sur Actu \u00cele-de-France. Pour nous suivre sur les r\u00e9seaux sociaux, dans vos d\u00e9partements\u2009:<\/p>\n<p class=\" wall-content\"><strong>Paris<\/strong>\u2009: retrouvez\u00a0actu\u00a0Paris\u00a0sur\u00a0<a href=\"https:\/\/www.facebook.com\/actufr.paris\/\" rel=\"nofollow noopener\" target=\"_blank\">Facebook<\/a>\u00a0et\u00a0<a href=\"https:\/\/twitter.com\/actufrparis\" rel=\"nofollow noopener\" target=\"_blank\">Twitter<\/a>\u2009;<br \/><strong>Seine-et-Marne<\/strong>\u2009: retrouvez\u00a0La R\u00e9publique de Seine-et-Marne (sud) sur\u00a0<a href=\"https:\/\/www.facebook.com\/RepubliqueSeineMarne\/\" rel=\"nofollow noopener\" target=\"_blank\">Facebook<\/a>\u00a0et\u00a0<a href=\"https:\/\/twitter.com\/LaRep77\" rel=\"nofollow noopener\" target=\"_blank\">Twitter<\/a>\u2009; La Marne (nord) sur\u00a0<a href=\"https:\/\/www.facebook.com\/journallarmarne\/?__tn__=%2Cd%2CP-R&amp;eid=ARDLZc91LaHbXzDwChLLLQJVMBLx_ABJremTC2-RG0CYvg0f4f8CLvbV5G1Lli4g_6QoXDcKkU1_LX1W\" rel=\"nofollow noopener\" target=\"_blank\">Facebook<\/a>\u00a0et\u00a0<a href=\"https:\/\/twitter.com\/JournalLaMarne\" rel=\"nofollow noopener\" target=\"_blank\">Twitter<\/a>\u2009; et\u00a0Le Pays Briard\u00a0sur\u00a0<a href=\"https:\/\/www.facebook.com\/LePaysBriard\/?ref=bookmarks\" rel=\"nofollow noopener\" target=\"_blank\">Facebook<\/a>\u00a0et\u00a0<a href=\"https:\/\/twitter.com\/LePaysBriard\" rel=\"nofollow noopener\" target=\"_blank\">Twitter<\/a>\u2009;<br \/><strong>Yvelines\u2009:<\/strong> retrouvez\u00a078actu\u00a0sur\u00a0<a href=\"https:\/\/www.facebook.com\/78actu\/\" rel=\"nofollow noopener\" target=\"_blank\">Facebook<\/a>\u00a0et\u00a0<a href=\"https:\/\/x.com\/78actu\" rel=\"nofollow\">Twitter<\/a>\u2009;<br \/><strong>Essonne\u2009:<\/strong> retrouvez\u00a0actu Essonne\u00a0sur\u00a0<a href=\"https:\/\/www.facebook.com\/actuessonne\/?ref=br_rs\" rel=\"nofollow noopener\" target=\"_blank\">Facebook<\/a>\u00a0et\u00a0<a href=\"https:\/\/twitter.com\/ActuEssonne\" rel=\"nofollow noopener\" target=\"_blank\">Twitter<\/a>\u2009;<br \/><strong>Hauts-de-Seine\u2009:<\/strong> retrouvez\u00a0actu\u00a0Hauts-de-Seine\u00a0sur\u00a0<a href=\"https:\/\/www.facebook.com\/actufr.hautsdeseine\/\" rel=\"nofollow noopener\" target=\"_blank\">Facebook<\/a>\u00a0et\u00a0<a href=\"https:\/\/twitter.com\/actufr92\" rel=\"nofollow noopener\" target=\"_blank\">Twitter<\/a>\u2009;<br \/><strong>Seine-Saint-Denis\u2009:<\/strong> retrouvez actu Seine-Saint-Denis sur\u00a0<a href=\"https:\/\/www.facebook.com\/actufr.seinesaintdenis\/\" rel=\"nofollow noopener\" target=\"_blank\">Facebook<\/a>\u00a0et\u00a0<a href=\"https:\/\/x.com\/Actufr93\" rel=\"nofollow\">Twitter<\/a>\u2009;<br \/><strong>Val-de-Marne\u2009: <\/strong>retrouvez actu Val-de-Marne sur\u00a0<a href=\"https:\/\/www.facebook.com\/actu94.valdemarne\/\" rel=\"nofollow noopener\" target=\"_blank\">Facebook<\/a>\u00a0et\u00a0<a href=\"https:\/\/x.com\/actufr94\" rel=\"nofollow\">Twitter<\/a>\u2009;<br \/><strong>Val-d\u2019Oise\u2009:<\/strong> retrouvez La Gazette du Val-d\u2019Oise sur\u00a0<a href=\"https:\/\/x.com\/actufr94\" rel=\"nofollow\">Twitter<\/a><\/p>\n<p class=\" wall-content\">Suivez toute l\u2019actualit\u00e9 de vos villes et m\u00e9dias favoris en vous inscrivant \u00e0 <a href=\"https:\/\/moncompte.actu.fr\" title=\"D\u00e9couvez Mon Actu\" rel=\"nofollow noopener\" data-trk=\"{&quot;cta&quot;:{&quot;action&quot;:&quot;https:\\\/\\\/moncompte.actu.fr&quot;,&quot;category&quot;:&quot;mon compte&quot;,&quot;from&quot;:&quot;article footer&quot;,&quot;name&quot;:&quot;Mon actu&quot;,&quot;type&quot;:&quot;cta&quot;}}\" target=\"_blank\">Mon Actu<\/a>.<\/p>\n<p>                    <script async src=\"https:\/\/platform.twitter.com\/widgets.js\" charset=\"utf-8\"><\/script><\/p>\n","protected":false},"excerpt":{"rendered":"Par Sarah Coulet Publi\u00e9 le 10 avr. 2025 \u00e0 11h52 L\u2019actualit\u00e9 est \u00e9clectique ce jeudi 10\u00a0avril 2025 en&hellip;\n","protected":false},"author":2,"featured_media":17932,"comment_status":"","ping_status":"","sticky":false,"template":"","format":"standard","meta":{"footnotes":""},"categories":[1592],"tags":[1111,11,1777,674,1011,27,662,12,626,2332,2551,25,104,2086],"class_list":{"0":"post-17931","1":"post","2":"type-post","3":"status-publish","4":"format-standard","5":"has-post-thumbnail","7":"category-ile-de-france","8":"tag-actu","9":"tag-actualites","10":"tag-eu","11":"tag-europe","12":"tag-fr","13":"tag-france","14":"tag-ile-de-france","15":"tag-news","16":"tag-paris","17":"tag-paris-saint-germain-psg","18":"tag-patrimoine","19":"tag-republique-francaise","20":"tag-societe","21":"tag-travaux"},"share_on_mastodon":{"url":"https:\/\/pubeurope.com\/@fr\/114320682761586528","error":""},"_links":{"self":[{"href":"https:\/\/www.europesays.com\/fr\/wp-json\/wp\/v2\/posts\/17931","targetHints":{"allow":["GET"]}}],"collection":[{"href":"https:\/\/www.europesays.com\/fr\/wp-json\/wp\/v2\/posts"}],"about":[{"href":"https:\/\/www.europesays.com\/fr\/wp-json\/wp\/v2\/types\/post"}],"author":[{"embeddable":true,"href":"https:\/\/www.europesays.com\/fr\/wp-json\/wp\/v2\/users\/2"}],"replies":[{"embeddable":true,"href":"https:\/\/www.europesays.com\/fr\/wp-json\/wp\/v2\/comments?post=17931"}],"version-history":[{"count":0,"href":"https:\/\/www.europesays.com\/fr\/wp-json\/wp\/v2\/posts\/17931\/revisions"}],"wp:featuredmedia":[{"embeddable":true,"href":"https:\/\/www.europesays.com\/fr\/wp-json\/wp\/v2\/media\/17932"}],"wp:attachment":[{"href":"https:\/\/www.europesays.com\/fr\/wp-json\/wp\/v2\/media?parent=17931"}],"wp:term":[{"taxonomy":"category","embeddable":true,"href":"https:\/\/www.europesays.com\/fr\/wp-json\/wp\/v2\/categories?post=17931"},{"taxonomy":"post_tag","embeddable":true,"href":"https:\/\/www.europesays.com\/fr\/wp-json\/wp\/v2\/tags?post=17931"}],"curies":[{"name":"wp","href":"https:\/\/api.w.org\/{rel}","templated":true}]}}