{"id":179310,"date":"2025-06-15T21:45:16","date_gmt":"2025-06-15T21:45:16","guid":{"rendered":"https:\/\/www.europesays.com\/fr\/179310\/"},"modified":"2025-06-15T21:45:16","modified_gmt":"2025-06-15T21:45:16","slug":"tyrosse-champion-de-france-apres-une-finale-tres-intense","status":"publish","type":"post","link":"https:\/\/www.europesays.com\/fr\/179310\/","title":{"rendered":"Tyrosse champion de France apr\u00e8s une finale tr\u00e8s intense"},"content":{"rendered":"<p>            Par<br \/>\n        <strong><br \/>\n            <a href=\"https:\/\/actu.fr\/auteur\/clement-mazella\" title=\"Consulter tous les articles de Cl\u00e9ment Mazella\" target=\"_blank\" rel=\"noopener\">Cl\u00e9ment Mazella<\/a><br \/>\n        <\/strong><\/p>\n<p>        Publi\u00e9 le<\/p>\n<p>            15 juin 2025 \u00e0 16h47        <\/p>\n<p>\u00c0 Cognac (Charente), dimanche 15 juin, <a href=\"https:\/\/actu.fr\/nouvelle-aquitaine\/saint-vincent-de-tyrosse_40284\" target=\"_blank\" rel=\"noopener\">Tyrosse<\/a> (Landes) a d\u00e9croch\u00e9 le titre de <strong>champion de France de F\u00e9d\u00e9rale 1<\/strong> en battant <a href=\"https:\/\/actu.fr\/ile-de-france\/saint-denis_93066\" target=\"_blank\" rel=\"noopener\">l\u2019Union Drancy\/Saint-Denis<\/a> sur le score de <strong>25-28<\/strong>. Les Landais ont construit leur victoire sur une grosse seconde p\u00e9riode, leur dynamisme, et un buteur imp\u00e9rial face aux perches.\u00a0<\/p>\n<p>Tyrosse champion de France de F\u00e9d\u00e9rale 1<\/p>\n<p class=\" wall-content\">Cette finale, elle fut intense et \u00e2pre, avec un round d\u2019observation qui a dur\u00e9 une bonne trentaine de minutes. L\u2019Union Drancy\/Saint-Denis s\u2019appuyait sur sa force brute, notamment en m\u00eal\u00e9e ferm\u00e9e, alors que les Landais d\u00e9pla\u00e7aient plus le ballon.\u00a0<\/p>\n<p class=\" wall-content\">\u00c0 la demi-heure de jeu, l\u2019ailier de la Seine-Saint-Denis Nuha Dabo marquait le premier essai du match, mais c\u2019est bien Tyrosse qui menait \u00e0 la pause (10-13) apr\u00e8s un essai de l\u2019ailier Louis Gueroue cons\u00e9cutif \u00e0 une grosse b\u00e9vue de l\u2019arri\u00e8re-garde de Drancy\/Saint-Denis.<\/p>\n<p>Iban Laclau auteur de 23 points<\/p>\n<p class=\" wall-content\">Au retour des vestiaires, l\u2019indiscipline de Drancy\/Saint-Denis permettait aux Landais de faire un break int\u00e9ressant, le jeune ouvreur Iban Laclau, futur joueur de Mont-de-Marsan, enquillant les p\u00e9nalit\u00e9s (13-25, 69e).<\/p>\n<p class=\" wall-content\">Us\u00e9s par le rythme intense impos\u00e9 par l\u2019adversaire, les Franciliens craquaient petit \u00e0 petit, et apr\u00e8s une magnifique action, le centre Sabathier laissait ses co\u00e9quipiers \u00e0 14 (70e). Laclau donnait un avantage d\u00e9finitif aux siens. Auteur de 23 points, il a \u00e9t\u00e9 le grand artisan de la victoire de Tyrosse en finale. Drancy\/Saint-Denis marquait deux essais en fin de partie, mais cela n\u2019y changeait rien (25-28).<\/p>\n<p>Vid\u00e9os : en ce moment sur ActuUne finale entre les deux meilleures \u00e9quipes de la saison<\/p>\n<p class=\" wall-content\">Ce Drancy\/Saint-Denis \u2013 Tyrosse opposait les deux meilleures formations de cette saison de F\u00e9d\u00e9rale 1.<\/p>\n<p class=\" wall-content\">Lors de la phase r\u00e9guli\u00e8re, ce sont elles qui ont obtenu le plus de points au classement (90 pour Drancy\/Saint-Denis dans la poule 1, 86 pour Tyrosse dans la poule 4), mais aussi inscrit le plus de points (670 pour Tyrosse et 663 pour Drancy\/Saint-Denis).<\/p>\n<p>F\u00e9d\u00e9rale 1 : les 4 promus en Nationale 2<\/p>\n<p class=\" wall-content\">Tyrosse, champion de France de F\u00e9d\u00e9rale 1, est promu en Nationale 2, au m\u00eame titre que le finaliste Drancy\/Saint-Denis. Battus en demi-finale, Bagn\u00e8res-de-Bigorre et La Seyne-sur-Mer montent \u00e9galement \u00e0 l\u2019\u00e9tage sup\u00e9rieur.<\/p>\n<p class=\" wall-content\">Suivez toute l\u2019actualit\u00e9 de vos villes et m\u00e9dias favoris en vous inscrivant \u00e0 <a href=\"https:\/\/moncompte.actu.fr\" title=\"D\u00e9couvez Mon Actu\" rel=\"nofollow noopener\" data-trk=\"{&quot;cta&quot;:{&quot;action&quot;:&quot;https:\\\/\\\/moncompte.actu.fr&quot;,&quot;category&quot;:&quot;mon compte&quot;,&quot;from&quot;:&quot;article footer&quot;,&quot;name&quot;:&quot;Mon actu&quot;,&quot;type&quot;:&quot;cta&quot;}}\" target=\"_blank\">Mon Actu<\/a>.<\/p>\n","protected":false},"excerpt":{"rendered":"Par Cl\u00e9ment Mazella Publi\u00e9 le 15 juin 2025 \u00e0 16h47 \u00c0 Cognac (Charente), dimanche 15 juin, Tyrosse (Landes)&hellip;\n","protected":false},"author":2,"featured_media":179311,"comment_status":"","ping_status":"","sticky":false,"template":"","format":"standard","meta":{"footnotes":""},"categories":[1416],"tags":[4127,1011,27,479,4126,1468,60],"class_list":{"0":"post-179310","1":"post","2":"type-post","3":"status-publish","4":"format-standard","5":"has-post-thumbnail","7":"category-rugby","8":"tag-federale","9":"tag-fr","10":"tag-france","11":"tag-rugby","12":"tag-rugby-amateur","13":"tag-rugby-football","14":"tag-sports"},"share_on_mastodon":{"url":"https:\/\/pubeurope.com\/@fr\/114689574396679012","error":""},"_links":{"self":[{"href":"https:\/\/www.europesays.com\/fr\/wp-json\/wp\/v2\/posts\/179310","targetHints":{"allow":["GET"]}}],"collection":[{"href":"https:\/\/www.europesays.com\/fr\/wp-json\/wp\/v2\/posts"}],"about":[{"href":"https:\/\/www.europesays.com\/fr\/wp-json\/wp\/v2\/types\/post"}],"author":[{"embeddable":true,"href":"https:\/\/www.europesays.com\/fr\/wp-json\/wp\/v2\/users\/2"}],"replies":[{"embeddable":true,"href":"https:\/\/www.europesays.com\/fr\/wp-json\/wp\/v2\/comments?post=179310"}],"version-history":[{"count":0,"href":"https:\/\/www.europesays.com\/fr\/wp-json\/wp\/v2\/posts\/179310\/revisions"}],"wp:featuredmedia":[{"embeddable":true,"href":"https:\/\/www.europesays.com\/fr\/wp-json\/wp\/v2\/media\/179311"}],"wp:attachment":[{"href":"https:\/\/www.europesays.com\/fr\/wp-json\/wp\/v2\/media?parent=179310"}],"wp:term":[{"taxonomy":"category","embeddable":true,"href":"https:\/\/www.europesays.com\/fr\/wp-json\/wp\/v2\/categories?post=179310"},{"taxonomy":"post_tag","embeddable":true,"href":"https:\/\/www.europesays.com\/fr\/wp-json\/wp\/v2\/tags?post=179310"}],"curies":[{"name":"wp","href":"https:\/\/api.w.org\/{rel}","templated":true}]}}