{"id":179320,"date":"2025-06-15T21:52:10","date_gmt":"2025-06-15T21:52:10","guid":{"rendered":"https:\/\/www.europesays.com\/fr\/179320\/"},"modified":"2025-06-15T21:52:10","modified_gmt":"2025-06-15T21:52:10","slug":"cher-son-fils-elijah-blue-allman-victime-dune-overdose-et-transportee-en-urgence-a-lhopital","status":"publish","type":"post","link":"https:\/\/www.europesays.com\/fr\/179320\/","title":{"rendered":"Cher : son fils Elijah Blue Allman victime d\u2019une overdose et transport\u00e9e en urgence \u00e0 l\u2019h\u00f4pital"},"content":{"rendered":"<p>Triste nouvelle pour Cher. Alors que la diva pensait avoir tourn\u00e9 la page des drames familiaux, un nouvel \u00e9v\u00e9nement vient de raviver ses plus grandes angoisses. Son fils, Elijah Blue Allman, 48 ans, a \u00e9t\u00e9 <strong>transport\u00e9 d\u2019urgence \u00e0 l\u2019h\u00f4pital<\/strong> apr\u00e8s une overdose ce week-end \u00e0 Joshua Tree, en Californie. Un \u00e9ni\u00e8me \u00e9pisode tragique dans une relation m\u00e8re-fils aussi forte que tourment\u00e9e.<\/p>\n<p>Une overdose qui ravive les inqui\u00e9tudes<\/p>\n<p>Selon les informations de TMZ, Elijah Blue Allman a \u00e9t\u00e9 retrouv\u00e9 dans un \u00e9tat critique dans la nuit de vendredi \u00e0 samedi. Transport\u00e9 en urgence \u00e0 l\u2019h\u00f4pital, il re\u00e7oit actuellement <strong>\u00ab\u00a0les meilleurs soins possibles\u00a0\u00bb, <\/strong>selon des sources proches de la famille. \u00c0 l\u2019heure actuelle, impossible de dire avec certitude quelles substances sont en cause, mais une chose est s\u00fbre : Elijah a eu <strong>beaucoup de chance de s\u2019en sortir vivant. <\/strong><\/p>\n<p>Un choc pour Cher, qui reste focalis\u00e9e sur une seule chose : la sant\u00e9 et la s\u00e9curit\u00e9 de son fils. \u00ab\u00a0Comme toute m\u00e8re, <strong>sa seule pr\u00e9occupation est qu\u2019il aille mieux\u00a0\u00bb, <\/strong>confie une source \u00e0 TMZ. \u00c0 ses c\u00f4t\u00e9s, <a href=\"https:\/\/www.public.fr\/cher-ruinee-la-chanteuse-revele-avoir-tout-perdu\" rel=\"nofollow noopener\" target=\"_blank\">celle qui a r\u00e9v\u00e9l\u00e9 \u00eatre ruin\u00e9e,<\/a> fait tout pour lui venir en aide, malgr\u00e9 les diff\u00e9rends du pass\u00e9.<\/p>\n<p><img loading=\"lazy\" decoding=\"async\" width=\"731\" height=\"1024\" src=\"data:image\/svg+xml,%3Csvg%20xmlns=\" http:=\"\" alt=\"Cher : son fils Elijah Blue Allman victime d\u2019une overdose et transport\u00e9e en urgence \u00e0 l\u2019h\u00f4pital\" data-lazy- data-lazy- data-lazy-src=\"https:\/\/www.europesays.com\/fr\/wp-content\/uploads\/2025\/06\/BESTIMAGE_00655623_000007-731x1024.jpg\"\/><\/p>\n<p>Beverly Hills, Cher avec son fils, l&rsquo;acteur et compositeur Elijah Blue Allman, fruit de son second mariage &#8211; Best Image<\/p>\n<p>Cher et son fils Elijah Blue Allman : l\u2019ombre persistante de l\u2019addiction<\/p>\n<p>Pour les proches du clan, cette overdose n\u2019est malheureusement pas une premi\u00e8re. Elijah Blue Allman a toujours parl\u00e9 ouvertement de <strong>ses probl\u00e8mes de d\u00e9pendance. <\/strong>Dans une interview accord\u00e9e en 2014, il confiait avoir commenc\u00e9 \u00e0 consommer de la drogue d\u00e8s l\u2019\u00e2ge de 11 ans. \u00ab\u00a0Je cherchais juste \u00e0 \u00e9chapper \u00e0 mon pass\u00e9\u00a0\u00bb, expliquait-il. H\u00e9ro\u00efne, ecstasy, opiac\u00e9s\u2026 Elijah n\u2019a jamais cach\u00e9 ses p\u00e9riodes sombres, ni <strong>les multiples overdoses qu\u2019il a travers\u00e9es.<\/strong><\/p>\n<p>Le fils de Cher racontait aussi \u00e0 quel point certaines substances lui avaient, paradoxalement, permis de survivre \u00e0 ses douleurs \u00e9motionnelles. Des paroles qui r\u00e9sonnent encore aujourd\u2019hui, alors que la spirale de <strong>l\u2019addiction semble avoir repris le dessus.<\/strong><\/p>\n<p>Une relation m\u00e8re-fils \u00e9lectrique<\/p>\n<p>En 2023, Cher avait d\u00e9j\u00e0 tent\u00e9 de reprendre la main sur la situation en d\u00e9posant <strong>une demande de tutelle temporaire<\/strong> aupr\u00e8s du tribunal de Los Angeles. Motif ? Elle estimait que son fils, en raison de probl\u00e8mes de sant\u00e9 mentale et d\u2019addiction, n\u2019\u00e9tait pas capable de g\u00e9rer les fonds qui lui revenaient \u00e0 <strong>la suite du d\u00e9c\u00e8s de son p\u00e8re, <\/strong>le rockeur Gregg Allman. Mais la justice avait dit non. Selon le juge, rien ne justifiait une telle mesure dans l\u2019imm\u00e9diat. Le fils de Cher, \u00e0 travers ses avocats, avait assur\u00e9 suivre un traitement et avoir retrouv\u00e9 une certaine stabilit\u00e9. Il aurait m\u00eame tent\u00e9 de se r\u00e9concilier avec sa femme, Marieangela King, avec qui <strong>les relations \u00e9taient tr\u00e8s tendues\u2026<\/strong> y compris avec sa c\u00e9l\u00e8bre belle-m\u00e8re.<\/p>\n<p>L\u2019affaire avait pris un tournant encore plus rocambolesque \u00e0 l\u2019automne 2023, quand Marieangela King a <a href=\"https:\/\/www.public.fr\/la-chanteuse-cher-engage-4-hommes-pour-kidnapper-son-fils-et-gacher-son-mariage-sa-belle-fille-balance-tout\" rel=\"nofollow noopener\" target=\"_blank\">accus\u00e9 Cher d\u2019avoir fait enlever son propre fils.<\/a> Elle affirmait que la chanteuse avait <strong>engag\u00e9 quatre hommes pour enlever Elijah Blue Allman <\/strong>de leur chambre d\u2019h\u00f4tel, alors que le couple tentait une ultime r\u00e9conciliation. Un geste motiv\u00e9, selon Cher, par l\u2019inqui\u00e9tude pour la s\u00e9curit\u00e9 de son fils.<\/p>\n<p>Elijah Blue Allman : Overdose et rechute, vers une nouvelle bataille pour Cher<\/p>\n<p>Quelques mois plus tard, elle d\u00e9posait sa demande de tutelle. Une mani\u00e8re, selon elle, de <strong>prot\u00e9ger Elijah Blue Allman contre lui-m\u00eame, <\/strong>et surtout contre une fortune qu\u2019il pourrait dilapider. De son c\u00f4t\u00e9, la d\u00e9fense d\u2019Elijah estimait qu\u2019il \u00e9tait \u00ab\u00a0dans un bon moment\u00a0\u00bb et b\u00e9n\u00e9ficiait de \u00ab\u00a0soutien r\u00e9el\u00a0\u00bb. Malgr\u00e9 les conflits, malgr\u00e9 les accusations, une chose reste intacte : l\u2019amour maternel. \u00c0 78 ans, Cher affronte un nouveau coup dur, dans une vie d\u00e9j\u00e0 <strong>marqu\u00e9e par de nombreux drames. <\/strong>Pour la chanteuse, peu importe les jugements ou les proc\u00e8s, son fils reste sa priorit\u00e9.<\/p>\n<p>\u00c0 l\u2019heure actuelle, Elijah est toujours hospitalis\u00e9 et <strong>son \u00e9tat semble stabilis\u00e9. <\/strong>Mais les inqui\u00e9tudes demeurent. Cette nouvelle overdose relance les d\u00e9bats autour de sa sant\u00e9 mentale, de sa d\u00e9pendance\u2026 et peut-\u00eatre <strong>d\u2019une reprise de la bataille judiciaire<\/strong> autour de sa tutelle. Pour l\u2019instant, ni Cher ni les avocats de la famille n\u2019ont souhait\u00e9 commenter publiquement l\u2019overdose. Mais une chose est s\u00fbre : le combat de Cher pour sauver son fils est loin d\u2019\u00eatre termin\u00e9.<\/p>\n<p>      Mentionn\u00e9s dans cet article<\/p>\n<p>\u00c0 lire aussi<\/p>\n","protected":false},"excerpt":{"rendered":"Triste nouvelle pour Cher. Alors que la diva pensait avoir tourn\u00e9 la page des drames familiaux, un nouvel&hellip;\n","protected":false},"author":2,"featured_media":179321,"comment_status":"","ping_status":"","sticky":false,"template":"","format":"standard","meta":{"footnotes":""},"categories":[1359],"tags":[3139,58,59,1011,27,973],"class_list":{"0":"post-179320","1":"post","2":"type-post","3":"status-publish","4":"format-standard","5":"has-post-thumbnail","7":"category-people","8":"tag-cher","9":"tag-divertissement","10":"tag-entertainment","11":"tag-fr","12":"tag-france","13":"tag-people"},"share_on_mastodon":{"url":"https:\/\/pubeurope.com\/@fr\/114689601961698406","error":""},"_links":{"self":[{"href":"https:\/\/www.europesays.com\/fr\/wp-json\/wp\/v2\/posts\/179320","targetHints":{"allow":["GET"]}}],"collection":[{"href":"https:\/\/www.europesays.com\/fr\/wp-json\/wp\/v2\/posts"}],"about":[{"href":"https:\/\/www.europesays.com\/fr\/wp-json\/wp\/v2\/types\/post"}],"author":[{"embeddable":true,"href":"https:\/\/www.europesays.com\/fr\/wp-json\/wp\/v2\/users\/2"}],"replies":[{"embeddable":true,"href":"https:\/\/www.europesays.com\/fr\/wp-json\/wp\/v2\/comments?post=179320"}],"version-history":[{"count":0,"href":"https:\/\/www.europesays.com\/fr\/wp-json\/wp\/v2\/posts\/179320\/revisions"}],"wp:featuredmedia":[{"embeddable":true,"href":"https:\/\/www.europesays.com\/fr\/wp-json\/wp\/v2\/media\/179321"}],"wp:attachment":[{"href":"https:\/\/www.europesays.com\/fr\/wp-json\/wp\/v2\/media?parent=179320"}],"wp:term":[{"taxonomy":"category","embeddable":true,"href":"https:\/\/www.europesays.com\/fr\/wp-json\/wp\/v2\/categories?post=179320"},{"taxonomy":"post_tag","embeddable":true,"href":"https:\/\/www.europesays.com\/fr\/wp-json\/wp\/v2\/tags?post=179320"}],"curies":[{"name":"wp","href":"https:\/\/api.w.org\/{rel}","templated":true}]}}