{"id":179330,"date":"2025-06-15T21:57:11","date_gmt":"2025-06-15T21:57:11","guid":{"rendered":"https:\/\/www.europesays.com\/fr\/179330\/"},"modified":"2025-06-15T21:57:11","modified_gmt":"2025-06-15T21:57:11","slug":"les-enfants-des-autres-france-2","status":"publish","type":"post","link":"https:\/\/www.europesays.com\/fr\/179330\/","title":{"rendered":"Les Enfants des autres (France 2)"},"content":{"rendered":"<p>Les plan\u00e8tes se sont finalement\u00a0align\u00e9es. Forte de son amiti\u00e9\u00a0avec <strong>Roschdy Zem <\/strong>, qu\u2019elle a\u00a0dirig\u00e9 en 2019 dans la s\u00e9rie Les\u00a0Fauves (Canal+), <strong>Rebecca Zlotowski <\/strong>\u00a0projette d\u2019\u00e9crire un film pour l\u2019acteur,\u00a0qui lui a propos\u00e9 d\u2019adapter,\u00a0autour du th\u00e8me de l\u2019impuissance,\u00a0le roman de Romain Gary, Au-del\u00e0\u00a0de cette limite votre ticket n\u2019est plus\u00a0valable . Un r\u00f4le \u00e0 contre-emploi\u00a0pour l\u2019acteur, qui a souvent jou\u00e9 les\u00a0durs, avec une image de libido virile.\u00a0Le projet est abandonn\u00e9. Au fil de\u00a0l\u2019\u00e9criture, la cin\u00e9aste a fait un blocage.\u00a0\u00ab Progressivement, m\u2019est apparue\u00a0ma propre impuissance, celle\u00a0d\u2019une femme de 40 ans sans enfants,\u00a0qui en d\u00e9sire un et \u00e9l\u00e8ve en partie\u00a0ceux d\u2019un autre, ceux d\u2019une autre.  \u00bb<\/p>\n<p>UNE VERSION SOLAIRE\u00a0DE LA BELLE-M\u00c8RE<\/p>\n<p>Virage \u00e0 180 \u00b0 : ce sera <strong>Les Enfants\u00a0des autres, <\/strong>film tr\u00e8s personnel, donc,\u00a0qui suit Rachel, prof de lettres dans\u00a0un lyc\u00e9e parisien, c\u00e9libataire et heureuse, qui rencontre et s\u2019\u00e9prend d\u2019Ali\u00a0(Roschdy Zem est rest\u00e9 !), papa d\u2019une\u00a0petite Le\u00efla de 4 ans. Rachel apprend\u00a0bient\u00f4t \u00e0 devenir belle-m\u00e8re, r\u00f4le\u00a0qu\u2019elle affectionne mais qui, sans pr\u00e9avis,\u00a0la confronte au d\u00e9sir d\u2019enfant\u00a0longtemps refoul\u00e9 en raison d\u2019une\u00a0histoire familiale douloureuse.\u00a0Aux antipodes des repr\u00e9sentations\u00a0classiques (merci Disney !), de la\u00a0mar\u00e2tre toxique, Zlotowski en offre\u00a0une version solaire, qui accompagne\u00a0sa r\u00e9flexion sur la fin de la f\u00e9condit\u00e9,\u00a0rarement \u00e9voqu\u00e9e au cin\u00e9ma, tout\u00a0en questionnant la parentalit\u00e9 et la\u00a0transmission : \u00ab En \u00e9crivant ce film\u00a0tr\u00e8s autobiographique, le visage de\u00a0Virginie Efira m\u2019est apparu. \u00bb <\/p>\n<p>Dans\u00a0le r\u00f4le, l\u2019actrice est magnifique.\u00a0\u00ab Avec elle, la premi\u00e8re prise est d\u00e9j\u00e0\u00a0dans la justesse absolue. Je ne la\u00a0consid\u00e8re pas comme une muse,\u00a0mais comme une soeur, une alli\u00e9e \u00bb ,\u00a0s\u2019enthousiasme la cin\u00e9aste.\u00a0\u00ab Rachel n\u2019est pas quelqu\u2019un qui\u00a0sauve des vies, elle a le courage de\u00a0vivre sa vie avec une forme de\u00a0dignit\u00e9 tr\u00e8s limpide que je trouve\u00a0belle  \u00bb, raconte Virginie. \u00ab Son intelligence\u00a0de jeu, sa g\u00e9n\u00e9rosit\u00e9, sa dignit\u00e9 en font l\u2019h\u00e9riti\u00e8re d\u2019une Meryl Streep\u00a0dans Kramer contre Kramer, ou\u00a0d\u2019une Diane Keaton dans Une femme\u00a0libre, dixit la r\u00e9alisatrice. Virginie est\u00a0de cette \u00e9toffe. Ses regards, ses\u00a0silences troublent autant que ses sourires,\u00a0qui ont l\u2019\u00e9l\u00e9gance du d\u00e9sespoir\u00a0\u00bb .<\/p>\n<p>\u201cALI A UNE PART DE F\u00c9MININ\u201d<\/p>\n<p>Avec Roschdy, c\u2019est une \u00e9vidence.\u00a0Entre le taiseux t\u00e9n\u00e9breux et la\u00a0bavarde lumineuse, rien de fabriqu\u00e9,\u00a0ces deux-l\u00e0 vont bien ensemble.\u00a0\u00ab Roschdy se r\u00e9invente sans cesse ! Il\u00a0fait des choses dans le film qu\u2019il n\u2019aurait\u00a0jamais faites avant.  \u00bb Bien vu,\u00a0Virginie ! \u00ab Ali est le r\u00f4le qui m\u2019a fait\u00a0me poser le plus de questions, confie\u00a0l\u2019acteur. Il a une part de f\u00e9minin.\u00a0On a invers\u00e9 les r\u00f4les que l\u2019on est\u00a0habitu\u00e9s \u00e0 voir au cin\u00e9ma. Ici, c\u2019est\u00a0l\u2019homme qui est seul avec un enfant.  \u00bb\u00a0Sur Virginie, il n\u2019a que du positif : \u00ab On\u00a0n\u2019est pas loin de la partenaire parfaite.\u00a0Elle a et le talent, et le comportement\u00a0qui va avec  \u00bb, glisse-t-il, conquis. \u00c0\u00a0notre image, bluff\u00e9s par la gr\u00e2ce, la\u00a0v\u00e9rit\u00e9 avec lesquelles elle incarne\u00a0Rachel, belle \u00e2me vibrante de ce bouleversant\u00a0portrait de femme. Tout est\u00a0vraiment align\u00e9 pour un grand\u00a0moment de cin\u00e9ma.<\/p>\n<p>Les Enfants des autres dimanche 15 juin \u00e0 21h10 sur France 2 <\/p>\n<p><a href=\"https:\/\/www.programme-television.org\/news\/cinema\/coulisses-tournage\/les-enfants-des-autres-france-2-roschdy-zem-evoque-sa-collaboration-avec-virginie-efira-on-n-est-pas-loin-de-la-partenaire-parfaite-4742015\" rel=\"nofollow noopener\" target=\"_blank\" data-ylk=\"slk:Voir l&#039;article original sur T\u00e9l\u00e9 7 jours;elm:context_link;itc:0;sec:content-canvas\" class=\"link \">Voir l&rsquo;article original sur T\u00e9l\u00e9 7 jours<\/a><\/p>\n","protected":false},"excerpt":{"rendered":"Les plan\u00e8tes se sont finalement\u00a0align\u00e9es. Forte de son amiti\u00e9\u00a0avec Roschdy Zem , qu\u2019elle a\u00a0dirig\u00e9 en 2019 dans la&hellip;\n","protected":false},"author":2,"featured_media":179331,"comment_status":"","ping_status":"","sticky":false,"template":"","format":"standard","meta":{"footnotes":""},"categories":[1354],"tags":[58,59,1346,1011,27,31621,31619,1360,31550,31618,31539,31620],"class_list":{"0":"post-179330","1":"post","2":"type-post","3":"status-publish","4":"format-standard","5":"has-post-thumbnail","7":"category-films","8":"tag-divertissement","9":"tag-entertainment","10":"tag-films","11":"tag-fr","12":"tag-france","13":"tag-la-grace","14":"tag-les-planetes","15":"tag-movies","16":"tag-rebecca-zlotowski","17":"tag-roman-de-romain-gary","18":"tag-roschdy-zem","19":"tag-virginie"},"share_on_mastodon":{"url":"https:\/\/pubeurope.com\/@fr\/114689621503151535","error":""},"_links":{"self":[{"href":"https:\/\/www.europesays.com\/fr\/wp-json\/wp\/v2\/posts\/179330","targetHints":{"allow":["GET"]}}],"collection":[{"href":"https:\/\/www.europesays.com\/fr\/wp-json\/wp\/v2\/posts"}],"about":[{"href":"https:\/\/www.europesays.com\/fr\/wp-json\/wp\/v2\/types\/post"}],"author":[{"embeddable":true,"href":"https:\/\/www.europesays.com\/fr\/wp-json\/wp\/v2\/users\/2"}],"replies":[{"embeddable":true,"href":"https:\/\/www.europesays.com\/fr\/wp-json\/wp\/v2\/comments?post=179330"}],"version-history":[{"count":0,"href":"https:\/\/www.europesays.com\/fr\/wp-json\/wp\/v2\/posts\/179330\/revisions"}],"wp:featuredmedia":[{"embeddable":true,"href":"https:\/\/www.europesays.com\/fr\/wp-json\/wp\/v2\/media\/179331"}],"wp:attachment":[{"href":"https:\/\/www.europesays.com\/fr\/wp-json\/wp\/v2\/media?parent=179330"}],"wp:term":[{"taxonomy":"category","embeddable":true,"href":"https:\/\/www.europesays.com\/fr\/wp-json\/wp\/v2\/categories?post=179330"},{"taxonomy":"post_tag","embeddable":true,"href":"https:\/\/www.europesays.com\/fr\/wp-json\/wp\/v2\/tags?post=179330"}],"curies":[{"name":"wp","href":"https:\/\/api.w.org\/{rel}","templated":true}]}}