{"id":179338,"date":"2025-06-15T22:02:16","date_gmt":"2025-06-15T22:02:16","guid":{"rendered":"https:\/\/www.europesays.com\/fr\/179338\/"},"modified":"2025-06-15T22:02:16","modified_gmt":"2025-06-15T22:02:16","slug":"il-faut-preserver-le-modele-de-defense-francais","status":"publish","type":"post","link":"https:\/\/www.europesays.com\/fr\/179338\/","title":{"rendered":"\u00ab\u00a0Il faut pr\u00e9server le mod\u00e8le de d\u00e9fense fran\u00e7ais\u00a0\u00bb"},"content":{"rendered":"<p><strong>ENTRETIEN<\/strong> &#8211; Le PDG du Groupe Dassault et de Dassault Aviation d\u00e9taille sa strat\u00e9gie dans le militaire et ses ambitions dans le spatial.<\/p>\n<p class=\"fig-paragraph\"><strong>LE FIGARO. \u2013 Comment se pr\u00e9sente cette 55e\u00a0\u00e9dition du Salon du Bourget, \u00e0 c\u00f4t\u00e9 de Paris\u00a0?<\/strong><\/p>\n<p class=\"fig-paragraph\"><strong>\u00c9RIC TRAPPIER. &#8211; <\/strong>C\u00f4t\u00e9 professionnel, elle fait le plein\u00a0: tous les espaces sont lou\u00e9s, tous les grands acteurs sont venus, en particulier les Am\u00e9ricains, dont la pr\u00e9sence est massive. C\u00f4t\u00e9 g\u00e9opolitique, l\u2019environnement est marqu\u00e9 par la poursuite des conflits, notamment\u00a0<a href=\"https:\/\/www.lefigaro.fr\/international\/dossier\/tensions-entre-la-russie-et-l-ukraine-tout-comprendre-a-la-menace-d-une-invasion-russe\" target=\"_blank\" data-fig-type=\"Topic\" rel=\"noopener\" data-gtm-custom-categorie=\"navigation\" data-gtm-custom-action=\"crossclick\" data-gtm-custom-label=\"Contextuel\" data-gtm-event=\"customEventSPE\" data-fig-domain=\"LEFIGARO\">en Ukraine<\/a>\u00a0et\u00a0<a href=\"http:\/\/www.lefigaro.fr\/international\/dossier\/frappes-d-israel-sur-l-iran-notre-dossier-pour-tout-comprendre\" data-fig-type=\"Topic\" data-gtm-custom-categorie=\"navigation\" data-gtm-custom-action=\"crossclick\" data-gtm-custom-label=\"Contextuel\" data-gtm-event=\"customEventSPE\" data-fig-domain=\"LEFIGARO\" target=\"_blank\" rel=\"noopener\">au Proche-Orient<\/a>. Ce climat de tension est renforc\u00e9 par\u00a0<a href=\"http:\/\/www.lefigaro.fr\/conjoncture\/guerre-commerciale-xi-jinping-en-position-de-force-dans-le-bras-de-fer-avec-donald-trump-20250613\" data-fig-type=\"Article\" data-gtm-custom-categorie=\"navigation\" data-gtm-custom-action=\"crossclick\" data-gtm-custom-label=\"Contextuel\" data-gtm-event=\"customEventSPE\" data-fig-domain=\"LEFIGARO\" target=\"_blank\" rel=\"noopener\">la guerre commerciale<\/a>\u00a0qui concerne de nombreux pays dans le monde.<\/p>\n<p class=\"fig-paragraph\"><strong>Face \u00e0 la menace venue de l\u2019est (Russie) et de l\u2019ouest (menace d\u2019un d\u00e9sengagement am\u00e9ricain), l\u2019Europe a pris conscience qu\u2019elle devait d\u00e9penser plus pour sa d\u00e9fense. Est-ce que le plan Rearm Europe est adapt\u00e9 aux enjeux\u00a0?<\/strong><\/p>\n<p class=\"fig-paragraph\">Heureusement que cette prise de conscience a eu lieu\u00a0! Mais, entre la volont\u00e9 politique et la r\u00e9alit\u00e9, il y a un \u00e9cart. Mettre plus d\u2019argent n\u2019est pas tout\u00a0: il faut d\u00e9cider comment le d\u00e9penser, quels seront les prescripteurs, quel est l\u2019effet militaire recherch\u00e9\u2026<\/p>\n<p class=\"fig-premium-paywall__infos\">\n        Cet article est r\u00e9serv\u00e9 aux abonn\u00e9s.        Il vous reste 92% \u00e0 d\u00e9couvrir.\n    <\/p>\n<p>                <img  data- alt=\"Le Figaro\" class=\"fig-img--complete fig-img\"\/><\/p>\n<p class=\"fig-premium-paywall__title\">Vente Flash<\/p>\n<p class=\"fig-premium-paywall__subtitle\">3,99\u20ac par mois pendant 12 mois. Sans engagement.<\/p>\n<p class=\"fig-premium-paywall__connect\">\n                D\u00e9j\u00e0 abonn\u00e9\u00a0?                <a class=\"fig-premium-paywall__connect-link\" href=\"https:\/\/connect.lefigaro.fr\/login?client=horizon_web&amp;type=main&amp;redirect_uri=https%3A%2F%2Fwww.lefigaro.fr%2Fconjoncture%2Feric-trappier-pdg-du-groupe-dassault-il-faut-preserver-le-modele-de-defense-francais-20250615\" data-js-gtm=\"{&quot;customCategorie&quot;: &quot;conversion&quot;, &quot;customAction&quot;: &quot;before_Landing_Connexion_paywall_auto&quot;, &quot;customLabel&quot;: &quot;bGVmaWdhcm8uZnJfXzFmMDQ4NGJhLTA1ZDctNjllZS1iMWFhLTU5NGJlNWNjYzhjM19fQXJ0aWNsZQ==_\u00c9ric Trappier, PDG du Groupe Dassault\u00a0: \u00ab\u00a0Il faut pr\u00e9server le mod\u00e8le de d\u00e9fense fran\u00e7ais\u00a0\u00bb_267&quot;, &quot;customIDSPE&quot;: &quot;bGVmaWdhcm8uZnJfXzFmMDQ4NGJhLTA1ZDctNjllZS1iMWFhLTU5NGJlNWNjYzhjM19fQXJ0aWNsZQ==&quot;, &quot;event&quot;: &quot;customEventSPE&quot;}\" target=\"_blank\" rel=\"noopener\"><br \/>\n                    Connectez-vous<br \/>\n                <\/a>\n            <\/p>\n","protected":false},"excerpt":{"rendered":"ENTRETIEN &#8211; Le PDG du Groupe Dassault et de Dassault Aviation d\u00e9taille sa strat\u00e9gie dans le militaire et&hellip;\n","protected":false},"author":2,"featured_media":179339,"comment_status":"","ping_status":"","sticky":false,"template":"","format":"standard","meta":{"footnotes":""},"categories":[6],"tags":[339,36,340,35,343,345,350,130,344,352,20286,554,349,33,34,341,313,1011,27,346,342,353,351,347,348,354],"class_list":{"0":"post-179338","1":"post","2":"type-post","3":"status-publish","4":"format-standard","5":"has-post-thumbnail","7":"category-economie","8":"tag-actualite-economique","9":"tag-airbus","10":"tag-bourse","11":"tag-business","12":"tag-cac-40","13":"tag-chef-dentreprise","14":"tag-concurrence","15":"tag-consommation","16":"tag-creation-dentreprise","17":"tag-crise","18":"tag-dassault-aviation","19":"tag-defense","20":"tag-delocalisations","21":"tag-economie","22":"tag-economy","23":"tag-emploi","24":"tag-entreprises","25":"tag-fr","26":"tag-france","27":"tag-grands-patrons","28":"tag-impots","29":"tag-licenciements","30":"tag-monopole","31":"tag-multinationales","32":"tag-privatisation","33":"tag-unio"},"share_on_mastodon":{"url":"https:\/\/pubeurope.com\/@fr\/114689641357691027","error":""},"_links":{"self":[{"href":"https:\/\/www.europesays.com\/fr\/wp-json\/wp\/v2\/posts\/179338","targetHints":{"allow":["GET"]}}],"collection":[{"href":"https:\/\/www.europesays.com\/fr\/wp-json\/wp\/v2\/posts"}],"about":[{"href":"https:\/\/www.europesays.com\/fr\/wp-json\/wp\/v2\/types\/post"}],"author":[{"embeddable":true,"href":"https:\/\/www.europesays.com\/fr\/wp-json\/wp\/v2\/users\/2"}],"replies":[{"embeddable":true,"href":"https:\/\/www.europesays.com\/fr\/wp-json\/wp\/v2\/comments?post=179338"}],"version-history":[{"count":0,"href":"https:\/\/www.europesays.com\/fr\/wp-json\/wp\/v2\/posts\/179338\/revisions"}],"wp:featuredmedia":[{"embeddable":true,"href":"https:\/\/www.europesays.com\/fr\/wp-json\/wp\/v2\/media\/179339"}],"wp:attachment":[{"href":"https:\/\/www.europesays.com\/fr\/wp-json\/wp\/v2\/media?parent=179338"}],"wp:term":[{"taxonomy":"category","embeddable":true,"href":"https:\/\/www.europesays.com\/fr\/wp-json\/wp\/v2\/categories?post=179338"},{"taxonomy":"post_tag","embeddable":true,"href":"https:\/\/www.europesays.com\/fr\/wp-json\/wp\/v2\/tags?post=179338"}],"curies":[{"name":"wp","href":"https:\/\/api.w.org\/{rel}","templated":true}]}}