{"id":179340,"date":"2025-06-15T22:03:11","date_gmt":"2025-06-15T22:03:11","guid":{"rendered":"https:\/\/www.europesays.com\/fr\/179340\/"},"modified":"2025-06-15T22:03:11","modified_gmt":"2025-06-15T22:03:11","slug":"ces-elements-inquietants-retrouves-dans-la-voiture-du-suspect","status":"publish","type":"post","link":"https:\/\/www.europesays.com\/fr\/179340\/","title":{"rendered":"ces \u00e9l\u00e9ments inqui\u00e9tants retrouv\u00e9s dans la voiture du suspect"},"content":{"rendered":"<p>        <img decoding=\"async\" loading=\"lazy\" src=\"https:\/\/www.europesays.com\/fr\/wp-content\/uploads\/2025\/06\/c2c4894_upload-1-5jm4ecz3rxdt-063-2219467225.jpg\"  width=\"728\" height=\"465\" alt=\"La police inspecte un v\u00e9hicule appartenant \u00e0 Vance Boelter, le principal suspect du meurtre de Melissa Hortman \u00e0 Minneapolis, dans le Minnesota, le 14\u00a0juin 2025.\"\/>  <\/p>\n<p>STEPHEN MATUREN \/ Getty Images via AFP<\/p>\n<p>La police inspecte un v\u00e9hicule appartenant \u00e0 Vance Boelter, le principal suspect du meurtre de Melissa Hortman \u00e0 Minneapolis, dans le Minnesota, le 14\u00a0juin 2025.<\/p>\n<p class=\"asset asset-text\">\u00c9TATS-UNIS &#8211; La traque se poursuit dans le Minnesota. La police am\u00e9ricaine recherchait toujours ce dimanche 15\u00a0juin le suspect <a href=\"https:\/\/www.huffingtonpost.fr\/international\/video\/etats-unis-une-elue-democrate-tuee-dans-le-minnesota-dans-un-acte-de-violence-politique_251357.html\" rel=\"nofollow noopener\" target=\"_blank\">du meurtre d\u2019une \u00e9lue locale<\/a>, Melissa Hortman, et de son mari, tu\u00e9s chez eux samedi dans ce qui \u00ab\u00a0semble \u00eatre un assassinat politiquement motiv\u00e9\u00a0\u00bb selon Tim Walz, le gouverneur de cet \u00c9tat du nord des <a href=\"https:\/\/www.huffingtonpost.fr\/sport\/article\/comment-la-fifa-fait-de-sa-coupe-du-monde-des-clubs-aux-etats-unis-un-vrai-laboratoire_251253.html\" rel=\"nofollow noopener\" target=\"_blank\">\u00c9tats-Unis<\/a>.<\/p>\n<p class=\"asset asset-text\">Peu \u00e0 peu, le profil du principal suspect, Vance Boelter, \u00ab\u00a0un homme blanc de 57\u00a0ans\u00a0\u00bb, se dessine. Et des \u00e9l\u00e9ments inqui\u00e9tants ont \u00e9t\u00e9 perquisitionn\u00e9s par les enqu\u00eateurs. La police a en particulier retrouv\u00e9 dans sa voiture une longue liste de noms.<\/p>\n<p class=\"asset asset-text\">Cette liste, consult\u00e9e par <a href=\"https:\/\/edition.cnn.com\/2025\/06\/14\/us\/minnesota-shootings-manhunt-vance-boelter-invs\" target=\"_blank\" rel=\"noopener nofollow\" title=\"Nouvelle fen\u00eatre\">CNN<\/a> et <a href=\"https:\/\/abcnews.go.com\/US\/manhunt-continues-minnesota-shooting-suspect-vance-boelter\/story?id=122862707\" target=\"_blank\" rel=\"noopener nofollow\" title=\"Nouvelle fen\u00eatre\">ABC<\/a>, mentionne des dizaines de figures d\u00e9mocrates et des personnalit\u00e9s li\u00e9es \u00e0 Planned Parenthood, l\u2019un des principaux regroupements de planning familial aux \u00c9tats-Unis. D\u2019autres sont li\u00e9s au mouvement pour le droit \u00e0 l\u2019avortement.<\/p>\n<p class=\"asset asset-text\">Parmi les noms inscrits sur cette liste, outre celui de la repr\u00e9sentante tu\u00e9e et du s\u00e9nateur John Hoffman \u2013 gri\u00e8vement bless\u00e9 par arme \u00e0 feu \u2013, on trouve le gouverneur Tim Walz. Celui-ci \u00e9tait le colistier de Kamala Harris lors de la campagne pr\u00e9sidentielle de 2024. \u00c9galement dans le viseur du suspect, la repr\u00e9sentante du Minnesota <a href=\"https:\/\/www.huffingtonpost.fr\/international\/article\/ilhan-omar-deputee-americaine-musulmane-degoutee-de-ces-questions_149034.html\" rel=\"nofollow noopener\" target=\"_blank\">Ilhan Omar<\/a>, \u00e9lue d\u00e9mocrate d\u2019origine somalienne et de confession musulmane.<\/p>\n<p class=\"asset asset-text\">La s\u00e9natrice Tina Smith et le procureur g\u00e9n\u00e9ral Keith Ellison ont \u00e9galement \u00e9t\u00e9 list\u00e9s par le suspect, ainsi que des dirigeants de Planned Parenthood. Selon les premiers \u00e9l\u00e9ments de l\u2019enqu\u00eate, Vance Boelter \u00e9tait contre l\u2019avortement et hostile aux droits des personnes LGBT.<\/p>\n<p class=\"asset asset-text\">La police a indiqu\u00e9 que Vance Boelter avait \u00e9galement dans sa voiture des tracts pour <a href=\"https:\/\/www.huffingtonpost.fr\/international\/article\/hillary-clinton-tacle-la-parade-militaire-sans-energie-de-trump-et-se-range-du-cote-des-no-kings_251378.html\" rel=\"nofollow noopener\" target=\"_blank\">des manifestations anti-Trump<\/a>, \u00ab\u00a0No Kings\u00a0\u00bb, ce qui laisse craindre qu\u2019il ait \u00e9galement eu l\u2019intention de cibler ces rassemblements. Ceux-ci ont eu lieu un peu plus tard dans la journ\u00e9e dans tous les \u00c9tats-Unis.<\/p>\n<p>    50\u00a0000\u00a0dollars de r\u00e9compense    <\/p>\n<p class=\"asset asset-text\">Le suspect est consid\u00e9r\u00e9 comme \u00ab\u00a0arm\u00e9 et dangereux\u00a0\u00bb, a affirm\u00e9 samedi \u00e0 la presse Drew Evans, patron du bureau d\u2019enqu\u00eate du\u00a0Minnesota. \u00ab\u00a0Il a \u00e9t\u00e9 vu pour la derni\u00e8re fois ce matin avec un chapeau de cow-boy clair\u00a0\u00bb, a-t-il ajout\u00e9, photo \u00e0 l\u2019appui.<\/p>\n<p> La lecture de ce contenu est susceptible d\u2019entra\u00eener un d\u00e9p\u00f4t de cookies de la part de l\u2019op\u00e9rateur tiers qui l\u2019h\u00e9berge. Compte-tenu des choix que vous avez exprim\u00e9s en mati\u00e8re de d\u00e9p\u00f4t de cookies, nous avons bloqu\u00e9 l\u2019affichage de ce contenu. Si vous souhaitez y acc\u00e9der, vous devez accepter la cat\u00e9gorie de cookies \u201cContenus tiers\u201d en cliquant sur le bouton ci-dessous. <\/p>\n<p> Lire la Vid\u00e9o        <\/p>\n<p class=\"asset asset-text\">Une entreprise de s\u00e9curit\u00e9 r\u00e9sidentielle, Praetorian Guards Security Services, a pr\u00e9sent\u00e9 le suspect sur son site web comme son directeur des patrouilles de s\u00e9curit\u00e9. Son colocataire David Carlson a d\u00e9clar\u00e9 \u00e0 la cha\u00eene de t\u00e9l\u00e9vision locale KARE avoir re\u00e7u un SMS du suspect l\u2019informant qu\u2019il s\u2019absentait et qu\u2019il allait peut-\u00eatre mourir prochainement.<\/p>\n<p class=\"asset asset-text\">Le FBI a offert jusqu\u2019\u00e0 50\u00a0000\u00a0dollars de r\u00e9compense pour toute information permettant l\u2019arrestation ou l\u2019inculpation du suspect.<\/p>\n<p class=\"asset asset-text\">Les autorit\u00e9s ont recommand\u00e9 d\u2019\u00e9viter les rassemblements politiques dans le\u00a0Minnesota \u00ab\u00a0par mesure de pr\u00e9caution\u00a0\u00bb. Mais des images diffus\u00e9es par les cha\u00eenes de t\u00e9l\u00e9vision locales ont montr\u00e9 qu\u2019une foule immense de manifestants s\u2019\u00e9tait n\u00e9anmoins rassembl\u00e9e \u00e0 Saint Paul, la capitale de l\u2019\u00c9tat, pour une manifestation qui rendait \u00e9galement hommage \u00e0 Melissa Hortman.<\/p>\n<p class=\"asset asset-text\">Les d\u00e9c\u00e8s de Melissa Hortman et de son \u00e9poux interviennent dans un contexte d\u00e9j\u00e0 particuli\u00e8rement tendu aux \u00c9tats-Unis, entre <a href=\"https:\/\/www.huffingtonpost.fr\/international\/video\/a-los-angeles-les-images-des-marines-deployes-avant-les-manifestations-contre-donald-trump_251349.html\" rel=\"nofollow noopener\" target=\"_blank\">d\u00e9ploiement de soldats \u00e0 Los Angeles<\/a> pour r\u00e9primer les manifestations, <a href=\"https:\/\/www.huffingtonpost.fr\/international\/video\/donald-trump-n-a-pas-boude-son-plaisir-pour-la-parade-militaire-mais-on-en-retiendra-autre-chose_251365.html\" rel=\"nofollow noopener\" target=\"_blank\">parade militaire voulue par Donald Trump \u00e0 Washington<\/a> et rassemblements contre lui \u00e0 travers le pays.<\/p>\n","protected":false},"excerpt":{"rendered":"STEPHEN MATUREN \/ Getty Images via AFP La police inspecte un v\u00e9hicule appartenant \u00e0 Vance Boelter, le principal&hellip;\n","protected":false},"author":2,"featured_media":179341,"comment_status":"","ping_status":"","sticky":false,"template":"","format":"standard","meta":{"footnotes":""},"categories":[5],"tags":[11,73,1011,27,14,31220,12,1203,28],"class_list":{"0":"post-179340","1":"post","2":"type-post","3":"status-publish","4":"format-standard","5":"has-post-thumbnail","7":"category-international","8":"tag-actualites","9":"tag-etats-unis","10":"tag-fr","11":"tag-france","12":"tag-international","13":"tag-minnesota","14":"tag-news","15":"tag-parti-democrate","16":"tag-world"},"share_on_mastodon":{"url":"https:\/\/pubeurope.com\/@fr\/114689645186419629","error":""},"_links":{"self":[{"href":"https:\/\/www.europesays.com\/fr\/wp-json\/wp\/v2\/posts\/179340","targetHints":{"allow":["GET"]}}],"collection":[{"href":"https:\/\/www.europesays.com\/fr\/wp-json\/wp\/v2\/posts"}],"about":[{"href":"https:\/\/www.europesays.com\/fr\/wp-json\/wp\/v2\/types\/post"}],"author":[{"embeddable":true,"href":"https:\/\/www.europesays.com\/fr\/wp-json\/wp\/v2\/users\/2"}],"replies":[{"embeddable":true,"href":"https:\/\/www.europesays.com\/fr\/wp-json\/wp\/v2\/comments?post=179340"}],"version-history":[{"count":0,"href":"https:\/\/www.europesays.com\/fr\/wp-json\/wp\/v2\/posts\/179340\/revisions"}],"wp:featuredmedia":[{"embeddable":true,"href":"https:\/\/www.europesays.com\/fr\/wp-json\/wp\/v2\/media\/179341"}],"wp:attachment":[{"href":"https:\/\/www.europesays.com\/fr\/wp-json\/wp\/v2\/media?parent=179340"}],"wp:term":[{"taxonomy":"category","embeddable":true,"href":"https:\/\/www.europesays.com\/fr\/wp-json\/wp\/v2\/categories?post=179340"},{"taxonomy":"post_tag","embeddable":true,"href":"https:\/\/www.europesays.com\/fr\/wp-json\/wp\/v2\/tags?post=179340"}],"curies":[{"name":"wp","href":"https:\/\/api.w.org\/{rel}","templated":true}]}}